{"id":61045,"date":"2018-10-19T12:30:16","date_gmt":"2018-10-19T10:30:16","guid":{"rendered":"http:\/\/www.region-schwabach.de\/wordpress\/?p=61045"},"modified":"2018-10-24T14:55:37","modified_gmt":"2018-10-24T12:55:37","slug":"motorradfahrer-bei-unfall-in-wernfels-verletzt","status":"publish","type":"post","link":"https:\/\/www.region-schwabach.de\/wordpress\/motorradfahrer-bei-unfall-in-wernfels-verletzt\/","title":{"rendered":"Motorradfahrer bei Unfall in Wernfels verletzt"},"content":{"rendered":"\t\t<div data-elementor-type=\"wp-post\" data-elementor-id=\"61045\" class=\"elementor elementor-61045 elementor-bc-flex-widget\">\n\t\t\t\t\t\t<section class=\"elementor-section elementor-top-section elementor-element elementor-element-1cuv9jr elementor-section-boxed elementor-section-height-default elementor-section-height-default\" data-id=\"1cuv9jr\" data-element_type=\"section\">\n\t\t\t\t\t\t<div class=\"elementor-container elementor-column-gap-default\">\n\t\t\t\t\t<div class=\"elementor-column elementor-col-66 elementor-top-column elementor-element elementor-element-q5zak7b\" data-id=\"q5zak7b\" data-element_type=\"column\">\n\t\t\t<div class=\"elementor-widget-wrap elementor-element-populated\">\n\t\t\t\t\t\t<div class=\"elementor-element elementor-element-763ecdd elementor-widget elementor-widget-text-editor\" data-id=\"763ecdd\" data-element_type=\"widget\" data-widget_type=\"text-editor.default\">\n\t\t\t\t<div class=\"elementor-widget-container\">\n\t\t\t\t\t\t\t<h3 class=\"story-headline\"><strong>Nach Unfall gefl\u00fcchtet &#8211; Motorradfahrer verletzt<\/strong><\/h3><p><span style=\"font-size: 12pt;\"><span style=\"font-family: georgia, palatino, serif;\">Spalt (OT Wernfels) &#8211; A<\/span>m Freitagmorgen, den 19.10.2018, war\u00a0ein 17-j\u00e4hriger Motorradfahrer auf der Kreisstra\u00dfe 10 von Mitteleschenbach nach Wernfels unterwegs, als ihm dort ein silberfarbener Volkswagen auf seiner entgegenkam. Um einen Frontalzusammensto\u00df zu vermeiden, mu\u00dfte der Motorradfahrer nach rechts in den Gr\u00fcnstreifen ausweichen, kam dabei aber von der Fahrbahn ab und st\u00fcrzte.<\/span><\/p><h3>Motorradfahrer gl\u00fccklicherweise nur leicht verletzt<\/h3><p><span style=\"font-size: 12pt;\">Bei dem Sturz verletzte sich der Zweiradfahrer leicht an beiden H\u00e4nden, an seinemm Motorrad entstand ein Sachschaden in H\u00f6he von ca. 1.000 Euro. Der VW-Fahrer entfernte sich unerlaubt vom Ort des Geschehens, ohne sich um den Unfall zu k\u00fcmmern, weshalb nun wegen unerlaubten Entfernens vom Unfallort und fahrl\u00e4ssiger K\u00f6rperverletzung gegen ihn\/sie ermittelt wird.<\/span><\/p><h3>Polizei bittet um Mithilfe<\/h3><p><span style=\"font-size: 12pt;\">Personen, die verd\u00e4chtige Beobachtungen gemacht haben, werden gebeten, diese der Polizei in Roth unter der Rufnummer 09171-9744-0 mitzuteilen.<\/span><\/p>\t\t\t\t\t\t<\/div>\n\t\t\t\t<\/div>\n\t\t\t\t<div class=\"elementor-element elementor-element-ace1283 elementor-widget-divider--view-line elementor-widget elementor-widget-divider\" data-id=\"ace1283\" data-element_type=\"widget\" data-widget_type=\"divider.default\">\n\t\t\t\t<div class=\"elementor-widget-container\">\n\t\t\t\t\t<div class=\"elementor-divider\">\n\t\t\t<span class=\"elementor-divider-separator\">\n\t\t\t\t\t\t<\/span>\n\t\t<\/div>\n\t\t\t\t<\/div>\n\t\t\t\t<\/div>\n\t\t\t\t<div class=\"elementor-element elementor-element-1l7zbzo elementor-widget elementor-widget-google_maps\" data-id=\"1l7zbzo\" data-element_type=\"widget\" data-widget_type=\"google_maps.default\">\n\t\t\t\t<div class=\"elementor-widget-container\">\n\t\t\t\t\t<div class=\"elementor-custom-embed\">\n\t\t\t<iframe loading=\"lazy\"\n\t\t\t\t\tsrc=\"https:\/\/maps.google.com\/maps?q=Wernfels%2C%20Spalt%2C%20Deutschland&#038;t=m&#038;z=15&#038;output=embed&#038;iwloc=near\"\n\t\t\t\t\ttitle=\"Wernfels, Spalt, Deutschland\"\n\t\t\t\t\taria-label=\"Wernfels, Spalt, Deutschland\"\n\t\t\t><\/iframe>\n\t\t<\/div>\n\t\t\t\t<\/div>\n\t\t\t\t<\/div>\n\t\t\t\t\t<\/div>\n\t\t<\/div>\n\t\t\t\t<div class=\"elementor-column elementor-col-33 elementor-top-column elementor-element elementor-element-0w0urt1\" data-id=\"0w0urt1\" data-element_type=\"column\">\n\t\t\t<div class=\"elementor-widget-wrap\">\n\t\t\t\t\t\t\t<\/div>\n\t\t<\/div>\n\t\t\t\t\t<\/div>\n\t\t<\/section>\n\t\t\t\t<\/div>\n\t\t","protected":false},"excerpt":{"rendered":"<div class=\"mh-excerpt\"><p>Nach Unfall gefl\u00fcchtet &#8211; Motorradfahrer verletzt Spalt (OT Wernfels) &#8211; Am Freitagmorgen, den 19.10.2018, war\u00a0ein 17-j\u00e4hriger Motorradfahrer auf der Kreisstra\u00dfe 10 von Mitteleschenbach nach Wernfels unterwegs, als ihm dort ein silberfarbener Volkswagen auf seiner entgegenkam. <a class=\"mh-excerpt-more\" href=\"https:\/\/www.region-schwabach.de\/wordpress\/motorradfahrer-bei-unfall-in-wernfels-verletzt\/\" title=\"Motorradfahrer bei Unfall in Wernfels verletzt\">[&#8230;]<\/a><\/p>\n<\/div>","protected":false},"author":1,"featured_media":61046,"comment_status":"open","ping_status":"open","sticky":false,"template":"","format":"standard","meta":{"_cbd_carousel_blocks":"[]","footnotes":""},"categories":[15],"tags":[6143,454,6482,1375,6483,563,463,981,32,401,713,628,875,457,5242],"class_list":{"0":"post-61045","1":"post","2":"type-post","3":"status-publish","4":"format-standard","5":"has-post-thumbnail","7":"category-polizeimeldungen","8":"tag-19-10-2018","9":"tag-fahrerflucht","10":"tag-kreisstrasse-10","11":"tag-leicht-verletzt","12":"tag-mitteleschenbach","13":"tag-motorrad","14":"tag-pkw","15":"tag-polizei","16":"tag-roth","17":"tag-sachschaden","18":"tag-schaden","19":"tag-spalt","20":"tag-sturz","21":"tag-unfallflucht","22":"tag-wernfels"},"_links":{"self":[{"href":"https:\/\/www.region-schwabach.de\/wordpress\/wp-json\/wp\/v2\/posts\/61045","targetHints":{"allow":["GET"]}}],"collection":[{"href":"https:\/\/www.region-schwabach.de\/wordpress\/wp-json\/wp\/v2\/posts"}],"about":[{"href":"https:\/\/www.region-schwabach.de\/wordpress\/wp-json\/wp\/v2\/types\/post"}],"author":[{"embeddable":true,"href":"https:\/\/www.region-schwabach.de\/wordpress\/wp-json\/wp\/v2\/users\/1"}],"replies":[{"embeddable":true,"href":"https:\/\/www.region-schwabach.de\/wordpress\/wp-json\/wp\/v2\/comments?post=61045"}],"version-history":[{"count":0,"href":"https:\/\/www.region-schwabach.de\/wordpress\/wp-json\/wp\/v2\/posts\/61045\/revisions"}],"wp:featuredmedia":[{"embeddable":true,"href":"https:\/\/www.region-schwabach.de\/wordpress\/wp-json\/wp\/v2\/media\/61046"}],"wp:attachment":[{"href":"https:\/\/www.region-schwabach.de\/wordpress\/wp-json\/wp\/v2\/media?parent=61045"}],"wp:term":[{"taxonomy":"category","embeddable":true,"href":"https:\/\/www.region-schwabach.de\/wordpress\/wp-json\/wp\/v2\/categories?post=61045"},{"taxonomy":"post_tag","embeddable":true,"href":"https:\/\/www.region-schwabach.de\/wordpress\/wp-json\/wp\/v2\/tags?post=61045"}],"curies":[{"name":"wp","href":"https:\/\/api.w.org\/{rel}","templated":true}]}}