{"id":61058,"date":"2018-10-19T13:06:02","date_gmt":"2018-10-19T11:06:02","guid":{"rendered":"http:\/\/www.region-schwabach.de\/wordpress\/?p=61058"},"modified":"2018-10-24T14:54:34","modified_gmt":"2018-10-24T12:54:34","slug":"toedlicher-betriebsunfall-in-barnsdorf","status":"publish","type":"post","link":"https:\/\/www.region-schwabach.de\/wordpress\/toedlicher-betriebsunfall-in-barnsdorf\/","title":{"rendered":"T\u00f6dlicher Betriebsunfall in Barnsdorf"},"content":{"rendered":"\t\t<div data-elementor-type=\"wp-post\" data-elementor-id=\"61058\" class=\"elementor elementor-61058 elementor-bc-flex-widget\">\n\t\t\t\t\t\t<section class=\"elementor-section elementor-top-section elementor-element elementor-element-1cuv9jr elementor-section-boxed elementor-section-height-default elementor-section-height-default\" data-id=\"1cuv9jr\" data-element_type=\"section\">\n\t\t\t\t\t\t<div class=\"elementor-container elementor-column-gap-default\">\n\t\t\t\t\t<div class=\"elementor-column elementor-col-66 elementor-top-column elementor-element elementor-element-q5zak7b\" data-id=\"q5zak7b\" data-element_type=\"column\">\n\t\t\t<div class=\"elementor-widget-wrap elementor-element-populated\">\n\t\t\t\t\t\t<div class=\"elementor-element elementor-element-763ecdd elementor-widget elementor-widget-text-editor\" data-id=\"763ecdd\" data-element_type=\"widget\" data-widget_type=\"text-editor.default\">\n\t\t\t\t<div class=\"elementor-widget-container\">\n\t\t\t\t\t\t\t<h3 class=\"story-headline\"><strong>T\u00f6dlicher Betriebsunfall<\/strong><\/h3><p><span style=\"font-size: 12pt;\">Roth (ots) &#8211;\u00a0Gestern Nachmittag (18.10.2018) ereignete sich ein tragischer Betriebsunfall in Barnsdorf (Ortsteil der Stadt Roth). Ein Mann erlitt dabei t\u00f6dliche Verletzungen.<\/span><\/p><p><span style=\"font-size: 12pt;\">Nach aktuellen Erkenntnissen war der 53-j\u00e4hrige Arbeiter der Firma in der Barnsdorfer Hauptstra\u00dfe gegen 16:00 Uhr mit Arbeiten an einer Aluminium-Abf\u00fcllanlage besch\u00e4ftigt, als diese pl\u00f6tzlich explodierte. Der 53-J\u00e4hrige erlitt dadurch lebensgef\u00e4hrliche Verletzungen und wurde mit einem Rettungshubschrauber umgehend in ein Krankenhaus gebracht. In der Nacht zum Freitag (19.10.2018) erlag er seinen schweren Verletzungen.<\/span><\/p><p><span style=\"font-size: 12pt;\">Zwei weitere M\u00e4nner, die sich zum Zeitpunkt der Explosion in der N\u00e4he der Anlage aufhielten, wurden leicht verletzt.<\/span><\/p><p><span style=\"font-size: 12pt;\">Es entstand zudem enormer Sachschaden. Nach derzeitigen Erkenntnissen geht die Kriminalpolizei von einer Schadensh\u00f6he von \u00fcber einer Million aus. Die genaue Ursache der Explosion ist bislang noch unklar.<\/span><\/p><p><span style=\"font-size: 12pt;\">Das Fachkommissariat der Kriminalpolizei Schwabach sowie ein Gutachter der Berufsgenossenschaft haben die Ermittlungen zur Ungl\u00fccks-Ursache aufgenommen.<\/span><\/p><p><span style=\"font-size: 12pt;\"><strong>Alexandra Federl \/gh<\/strong><\/span><\/p><p><span style=\"font-size: 12pt;\">Original-Content von Polizeipr\u00e4sidium Mittelfranken<\/span><\/p>\t\t\t\t\t\t<\/div>\n\t\t\t\t<\/div>\n\t\t\t\t<div class=\"elementor-element elementor-element-ace1283 elementor-widget-divider--view-line elementor-widget elementor-widget-divider\" data-id=\"ace1283\" data-element_type=\"widget\" data-widget_type=\"divider.default\">\n\t\t\t\t<div class=\"elementor-widget-container\">\n\t\t\t\t\t<div class=\"elementor-divider\">\n\t\t\t<span class=\"elementor-divider-separator\">\n\t\t\t\t\t\t<\/span>\n\t\t<\/div>\n\t\t\t\t<\/div>\n\t\t\t\t<\/div>\n\t\t\t\t<div class=\"elementor-element elementor-element-1l7zbzo elementor-widget elementor-widget-google_maps\" data-id=\"1l7zbzo\" data-element_type=\"widget\" data-widget_type=\"google_maps.default\">\n\t\t\t\t<div class=\"elementor-widget-container\">\n\t\t\t\t\t<div class=\"elementor-custom-embed\">\n\t\t\t<iframe loading=\"lazy\"\n\t\t\t\t\tsrc=\"https:\/\/maps.google.com\/maps?q=Barnsdorfer%20Hauptstra%C3%9Fe%2C%20Roth%2C%20Deutschland&#038;t=m&#038;z=15&#038;output=embed&#038;iwloc=near\"\n\t\t\t\t\ttitle=\"Barnsdorfer Hauptstra\u00dfe, Roth, Deutschland\"\n\t\t\t\t\taria-label=\"Barnsdorfer Hauptstra\u00dfe, Roth, Deutschland\"\n\t\t\t><\/iframe>\n\t\t<\/div>\n\t\t\t\t<\/div>\n\t\t\t\t<\/div>\n\t\t\t\t\t<\/div>\n\t\t<\/div>\n\t\t\t\t<div class=\"elementor-column elementor-col-33 elementor-top-column elementor-element elementor-element-0w0urt1\" data-id=\"0w0urt1\" data-element_type=\"column\">\n\t\t\t<div class=\"elementor-widget-wrap\">\n\t\t\t\t\t\t\t<\/div>\n\t\t<\/div>\n\t\t\t\t\t<\/div>\n\t\t<\/section>\n\t\t\t\t<\/div>\n\t\t","protected":false},"excerpt":{"rendered":"<div class=\"mh-excerpt\"><p>T\u00f6dlicher Betriebsunfall Roth (ots) &#8211;\u00a0Gestern Nachmittag (18.10.2018) ereignete sich ein tragischer Betriebsunfall in Barnsdorf (Ortsteil der Stadt Roth). Ein Mann erlitt dabei t\u00f6dliche Verletzungen. Nach aktuellen Erkenntnissen war der 53-j\u00e4hrige Arbeiter der Firma in der <a class=\"mh-excerpt-more\" href=\"https:\/\/www.region-schwabach.de\/wordpress\/toedlicher-betriebsunfall-in-barnsdorf\/\" title=\"T\u00f6dlicher Betriebsunfall in Barnsdorf\">[&#8230;]<\/a><\/p>\n<\/div>","protected":false},"author":1,"featured_media":61059,"comment_status":"open","ping_status":"open","sticky":false,"template":"","format":"standard","meta":{"_cbd_carousel_blocks":"[]","footnotes":""},"categories":[16,15],"tags":[6142,6487,6485,6486,2344,6488,1375,981,32,401,713,3393],"class_list":{"0":"post-61058","1":"post","2":"type-post","3":"status-publish","4":"format-standard","5":"has-post-thumbnail","7":"category-aktuell","8":"category-polizeimeldungen","9":"tag-18-10-2018","10":"tag-aluminium-abfuellanlage","11":"tag-barnsdorf","12":"tag-barnsdorfer-hauptstrasse","13":"tag-betriebsunfall","14":"tag-explosion","15":"tag-leicht-verletzt","16":"tag-polizei","17":"tag-roth","18":"tag-sachschaden","19":"tag-schaden","20":"tag-toedlich-verletzt"},"_links":{"self":[{"href":"https:\/\/www.region-schwabach.de\/wordpress\/wp-json\/wp\/v2\/posts\/61058","targetHints":{"allow":["GET"]}}],"collection":[{"href":"https:\/\/www.region-schwabach.de\/wordpress\/wp-json\/wp\/v2\/posts"}],"about":[{"href":"https:\/\/www.region-schwabach.de\/wordpress\/wp-json\/wp\/v2\/types\/post"}],"author":[{"embeddable":true,"href":"https:\/\/www.region-schwabach.de\/wordpress\/wp-json\/wp\/v2\/users\/1"}],"replies":[{"embeddable":true,"href":"https:\/\/www.region-schwabach.de\/wordpress\/wp-json\/wp\/v2\/comments?post=61058"}],"version-history":[{"count":0,"href":"https:\/\/www.region-schwabach.de\/wordpress\/wp-json\/wp\/v2\/posts\/61058\/revisions"}],"wp:featuredmedia":[{"embeddable":true,"href":"https:\/\/www.region-schwabach.de\/wordpress\/wp-json\/wp\/v2\/media\/61059"}],"wp:attachment":[{"href":"https:\/\/www.region-schwabach.de\/wordpress\/wp-json\/wp\/v2\/media?parent=61058"}],"wp:term":[{"taxonomy":"category","embeddable":true,"href":"https:\/\/www.region-schwabach.de\/wordpress\/wp-json\/wp\/v2\/categories?post=61058"},{"taxonomy":"post_tag","embeddable":true,"href":"https:\/\/www.region-schwabach.de\/wordpress\/wp-json\/wp\/v2\/tags?post=61058"}],"curies":[{"name":"wp","href":"https:\/\/api.w.org\/{rel}","templated":true}]}}