{"id":61063,"date":"2018-10-19T13:21:28","date_gmt":"2018-10-19T11:21:28","guid":{"rendered":"http:\/\/www.region-schwabach.de\/wordpress\/?p=61063"},"modified":"2018-10-24T14:54:16","modified_gmt":"2018-10-24T12:54:16","slug":"einbruch-in-doppelhaushaelfte-in-wendelstein","status":"publish","type":"post","link":"https:\/\/www.region-schwabach.de\/wordpress\/einbruch-in-doppelhaushaelfte-in-wendelstein\/","title":{"rendered":"Einbruch in Doppelhaush\u00e4lfte in Wendelstein"},"content":{"rendered":"\t\t<div data-elementor-type=\"wp-post\" data-elementor-id=\"61063\" class=\"elementor elementor-61063 elementor-bc-flex-widget\">\n\t\t\t\t\t\t<section class=\"elementor-section elementor-top-section elementor-element elementor-element-1cuv9jr elementor-section-boxed elementor-section-height-default elementor-section-height-default\" data-id=\"1cuv9jr\" data-element_type=\"section\">\n\t\t\t\t\t\t<div class=\"elementor-container elementor-column-gap-default\">\n\t\t\t\t\t<div class=\"elementor-column elementor-col-66 elementor-top-column elementor-element elementor-element-q5zak7b\" data-id=\"q5zak7b\" data-element_type=\"column\">\n\t\t\t<div class=\"elementor-widget-wrap elementor-element-populated\">\n\t\t\t\t\t\t<div class=\"elementor-element elementor-element-763ecdd elementor-widget elementor-widget-text-editor\" data-id=\"763ecdd\" data-element_type=\"widget\" data-widget_type=\"text-editor.default\">\n\t\t\t\t<div class=\"elementor-widget-container\">\n\t\t\t\t\t\t\t<h3 class=\"story-headline\">Einbruch in Doppelhaush\u00e4lfte &#8211; Zeugen gesucht<\/h3><p><span style=\"font-size: 12pt;\">Roth (ots) &#8211;\u00a0Im Laufe des gestrigen Tages (18.10.2018) brachen bislang Unbekannte in eine Doppelhaush\u00e4lfte in Wendelstein (Markt im Landkreis Roth) ein. Die Kriminalpolizei bittet um Zeugenhinweise.<\/span><\/p><p><span style=\"font-size: 12pt;\">Die unbekannten T\u00e4ter verschafften sich im Zeitraum zwischen 07.00 Uhr und 18.00 Uhr gewaltsam Zutritt zu dem Anwesen in der Hof\u00e4ckerstra\u00dfe. Sie durchw\u00fchlten die Wohnung und entwendeten unter anderem Bargeld in H\u00f6he von mehreren Hundert Euro. Ein genauer Entwendungsschaden ist derzeit noch unklar. Zudem entstand Sachschaden in H\u00f6he von mehreren Tausend Euro.<\/span><\/p><p><span style=\"font-size: 12pt;\">Der Kriminaldauerdienst Mittelfranken \u00fcbernahm Spurensicherungsma\u00dfnahmen am Tatort. Das Fachkommissariat der Kriminalpolizei Schwabach hat die Ermittlungen \u00fcbernommen und bittet um Zeugenhinweise unter der Telefonnummer 0911 2112-3333.<\/span><\/p><p><span style=\"font-size: 12pt;\"><strong>Alexandra Federl \/gh<\/strong><\/span><\/p><p><span style=\"font-size: 12pt;\">Original-Content von Polizeipr\u00e4sidium Mittelfranken<\/span><\/p>\t\t\t\t\t\t<\/div>\n\t\t\t\t<\/div>\n\t\t\t\t<div class=\"elementor-element elementor-element-ace1283 elementor-widget-divider--view-line elementor-widget elementor-widget-divider\" data-id=\"ace1283\" data-element_type=\"widget\" data-widget_type=\"divider.default\">\n\t\t\t\t<div class=\"elementor-widget-container\">\n\t\t\t\t\t<div class=\"elementor-divider\">\n\t\t\t<span class=\"elementor-divider-separator\">\n\t\t\t\t\t\t<\/span>\n\t\t<\/div>\n\t\t\t\t<\/div>\n\t\t\t\t<\/div>\n\t\t\t\t<div class=\"elementor-element elementor-element-1l7zbzo elementor-widget elementor-widget-google_maps\" data-id=\"1l7zbzo\" data-element_type=\"widget\" data-widget_type=\"google_maps.default\">\n\t\t\t\t<div class=\"elementor-widget-container\">\n\t\t\t\t\t<div class=\"elementor-custom-embed\">\n\t\t\t<iframe loading=\"lazy\"\n\t\t\t\t\tsrc=\"https:\/\/maps.google.com\/maps?q=Hof%C3%A4ckerstra%C3%9Fe%2C%20Wendelstein%2C%20Deutschland&#038;t=m&#038;z=17&#038;output=embed&#038;iwloc=near\"\n\t\t\t\t\ttitle=\"Hof\u00e4ckerstra\u00dfe, Wendelstein, Deutschland\"\n\t\t\t\t\taria-label=\"Hof\u00e4ckerstra\u00dfe, Wendelstein, Deutschland\"\n\t\t\t><\/iframe>\n\t\t<\/div>\n\t\t\t\t<\/div>\n\t\t\t\t<\/div>\n\t\t\t\t\t<\/div>\n\t\t<\/div>\n\t\t\t\t<div class=\"elementor-column elementor-col-33 elementor-top-column elementor-element elementor-element-0w0urt1\" data-id=\"0w0urt1\" data-element_type=\"column\">\n\t\t\t<div class=\"elementor-widget-wrap\">\n\t\t\t\t\t\t\t<\/div>\n\t\t<\/div>\n\t\t\t\t\t<\/div>\n\t\t<\/section>\n\t\t\t\t<\/div>\n\t\t","protected":false},"excerpt":{"rendered":"<div class=\"mh-excerpt\"><p>Einbruch in Doppelhaush\u00e4lfte &#8211; Zeugen gesucht Roth (ots) &#8211;\u00a0Im Laufe des gestrigen Tages (18.10.2018) brachen bislang Unbekannte in eine Doppelhaush\u00e4lfte in Wendelstein (Markt im Landkreis Roth) ein. Die Kriminalpolizei bittet um Zeugenhinweise. Die unbekannten T\u00e4ter <a class=\"mh-excerpt-more\" href=\"https:\/\/www.region-schwabach.de\/wordpress\/einbruch-in-doppelhaushaelfte-in-wendelstein\/\" title=\"Einbruch in Doppelhaush\u00e4lfte in Wendelstein\">[&#8230;]<\/a><\/p>\n<\/div>","protected":false},"author":1,"featured_media":61064,"comment_status":"open","ping_status":"open","sticky":false,"template":"","format":"standard","meta":{"_cbd_carousel_blocks":"[]","footnotes":""},"categories":[15],"tags":[6142,629,6489,217,6490,981,32,401,713,19,31,1844],"class_list":{"0":"post-61063","1":"post","2":"type-post","3":"status-publish","4":"format-standard","5":"has-post-thumbnail","7":"category-polizeimeldungen","8":"tag-18-10-2018","9":"tag-bargeld","10":"tag-doppelhaushaelfte","11":"tag-einbruch","12":"tag-hofaeckerstrasse","13":"tag-polizei","14":"tag-roth","15":"tag-sachschaden","16":"tag-schaden","17":"tag-schwabach","18":"tag-wendelstein","19":"tag-wohnung"},"_links":{"self":[{"href":"https:\/\/www.region-schwabach.de\/wordpress\/wp-json\/wp\/v2\/posts\/61063","targetHints":{"allow":["GET"]}}],"collection":[{"href":"https:\/\/www.region-schwabach.de\/wordpress\/wp-json\/wp\/v2\/posts"}],"about":[{"href":"https:\/\/www.region-schwabach.de\/wordpress\/wp-json\/wp\/v2\/types\/post"}],"author":[{"embeddable":true,"href":"https:\/\/www.region-schwabach.de\/wordpress\/wp-json\/wp\/v2\/users\/1"}],"replies":[{"embeddable":true,"href":"https:\/\/www.region-schwabach.de\/wordpress\/wp-json\/wp\/v2\/comments?post=61063"}],"version-history":[{"count":0,"href":"https:\/\/www.region-schwabach.de\/wordpress\/wp-json\/wp\/v2\/posts\/61063\/revisions"}],"wp:featuredmedia":[{"embeddable":true,"href":"https:\/\/www.region-schwabach.de\/wordpress\/wp-json\/wp\/v2\/media\/61064"}],"wp:attachment":[{"href":"https:\/\/www.region-schwabach.de\/wordpress\/wp-json\/wp\/v2\/media?parent=61063"}],"wp:term":[{"taxonomy":"category","embeddable":true,"href":"https:\/\/www.region-schwabach.de\/wordpress\/wp-json\/wp\/v2\/categories?post=61063"},{"taxonomy":"post_tag","embeddable":true,"href":"https:\/\/www.region-schwabach.de\/wordpress\/wp-json\/wp\/v2\/tags?post=61063"}],"curies":[{"name":"wp","href":"https:\/\/api.w.org\/{rel}","templated":true}]}}