{"id":61079,"date":"2018-10-28T00:02:33","date_gmt":"2018-10-27T22:02:33","guid":{"rendered":"http:\/\/www.region-schwabach.de\/wordpress\/?p=61079"},"modified":"2018-10-27T23:00:32","modified_gmt":"2018-10-27T21:00:32","slug":"sperrung-der-rother-strasse-am-27-10-2018-28-10-2018","status":"publish","type":"post","link":"https:\/\/www.region-schwabach.de\/wordpress\/sperrung-der-rother-strasse-am-27-10-2018-28-10-2018\/","title":{"rendered":"Sperrung der Rother Stra\u00dfe am 27.10.2018\/28.10.2018"},"content":{"rendered":"\t\t<div data-elementor-type=\"wp-post\" data-elementor-id=\"61079\" class=\"elementor elementor-61079 elementor-bc-flex-widget\">\n\t\t\t\t\t\t<section class=\"elementor-section elementor-top-section elementor-element elementor-element-1dzeyuh elementor-section-boxed elementor-section-height-default elementor-section-height-default\" data-id=\"1dzeyuh\" data-element_type=\"section\">\n\t\t\t\t\t\t<div class=\"elementor-container elementor-column-gap-default\">\n\t\t\t\t\t<div class=\"elementor-column elementor-col-66 elementor-top-column elementor-element elementor-element-aam59ft\" data-id=\"aam59ft\" data-element_type=\"column\">\n\t\t\t<div class=\"elementor-widget-wrap elementor-element-populated\">\n\t\t\t\t\t\t<div class=\"elementor-element elementor-element-k9p1oyc elementor-widget elementor-widget-text-editor\" data-id=\"k9p1oyc\" data-element_type=\"widget\" data-widget_type=\"text-editor.default\">\n\t\t\t\t<div class=\"elementor-widget-container\">\n\t\t\t\t\t\t\t<h3>Sperrung der Rother Stra\u00dfe<\/h3><p>Schwabach &#8211; In der Zeit von Samstag, den 27.10.2018 (16.00 Uhr), bis Sonntag, den 28.10.2018 (10.00 Uhr) wwird aufgrund des R\u00fcckbaus der Verbauelemente im Rahmen des Br\u00fcckenneubaus der BAB A6 Br\u00fccke im Bereich der Anschlussstellen Schwabach S\u00fcd vom f\u00fcr den gesamten Verkehr gesperrt.<\/p><h3>Auch Geh- und Radweg betroffen, Verkehr auf der A6 jedoch nicht<\/h3><p>Auch der\u00a0 Geh- und Radweg entlang der Rother Stra\u00dfe im Br\u00fcckenbereich ist von der Sperrung betroffen. Der Verkehr auf der BAB A6 ist von der Sperrung aber nicht betroffen.\u00a0<\/p><h3>Verkehrsf\u00fchrung w\u00e4hrend der Sperrung<\/h3><p>Aus Schwabach kommend ist die Auffahrt auf die BAB A6 in Richtung Heilbronn m\u00f6glich. In Fahrtrichtung N\u00fcrnberg ist die Auffahrt nur aus \u00f6stlicher Richtung m\u00f6glich. Der Verkehr wird f\u00fcr die Dauer der Sperrung in beiden Richtungen \u00fcber die Berliner Stra\u00dfe, Penzendorfer Hauptstra\u00dfe, Penzendorfer Stra\u00dfe, Wei\u00dfenburger Stra\u00dfe und Rother Stra\u00dfe umgeleitet.<\/p><h3>Auch Linienverkehr wird umgeleitet<\/h3><p>Aufgrund der Sperrung ergeben sich nat\u00fcrlich auch Umleitungen im Linienverkehr des Stadtverkehrs. Betroffene Fahrg\u00e4ste erhalten alle ben\u00f6tigten Informationen in den Bussen und an den betroffenen Haltestellen.\u00a0<\/p><h3>Interessierte Fahrg\u00e4ste erhalten auch hier entsprechende Informationen:<\/h3><p><a href=\"http:\/\/www.schwabach-mobil.de\/\" target=\"_blank\" rel=\"noopener\">Infos der Stadtwerke gibt es hier &#8230;<\/a><\/p><p><a href=\"https:\/\/www.vgn.de\/fahrplanaenderungen\/\" target=\"_blank\" rel=\"noopener\">Der Verkehrsverbund VGN informiert seine Fahrg\u00e4ste hier &#8230;<\/a><\/p>\t\t\t\t\t\t<\/div>\n\t\t\t\t<\/div>\n\t\t\t\t<div class=\"elementor-element elementor-element-982dd46 elementor-widget-divider--view-line elementor-widget elementor-widget-divider\" data-id=\"982dd46\" data-element_type=\"widget\" data-widget_type=\"divider.default\">\n\t\t\t\t<div class=\"elementor-widget-container\">\n\t\t\t\t\t<div class=\"elementor-divider\">\n\t\t\t<span class=\"elementor-divider-separator\">\n\t\t\t\t\t\t<\/span>\n\t\t<\/div>\n\t\t\t\t<\/div>\n\t\t\t\t<\/div>\n\t\t\t\t<div class=\"elementor-element elementor-element-rf47wqh elementor-widget elementor-widget-google_maps\" data-id=\"rf47wqh\" data-element_type=\"widget\" data-widget_type=\"google_maps.default\">\n\t\t\t\t<div class=\"elementor-widget-container\">\n\t\t\t\t\t<div class=\"elementor-custom-embed\">\n\t\t\t<iframe loading=\"lazy\"\n\t\t\t\t\tsrc=\"https:\/\/maps.google.com\/maps?q=49.320961%2C%2011.044444&#038;t=m&#038;z=15&#038;output=embed&#038;iwloc=near\"\n\t\t\t\t\ttitle=\"49.320961, 11.044444\"\n\t\t\t\t\taria-label=\"49.320961, 11.044444\"\n\t\t\t><\/iframe>\n\t\t<\/div>\n\t\t\t\t<\/div>\n\t\t\t\t<\/div>\n\t\t\t\t\t<\/div>\n\t\t<\/div>\n\t\t\t\t<div class=\"elementor-column elementor-col-33 elementor-top-column elementor-element elementor-element-uferl75\" data-id=\"uferl75\" data-element_type=\"column\">\n\t\t\t<div class=\"elementor-widget-wrap\">\n\t\t\t\t\t\t\t<\/div>\n\t\t<\/div>\n\t\t\t\t\t<\/div>\n\t\t<\/section>\n\t\t\t\t<\/div>\n\t\t","protected":false},"excerpt":{"rendered":"<div class=\"mh-excerpt\"><p>Sperrung der Rother Stra\u00dfe Schwabach &#8211; In der Zeit von Samstag, den 27.10.2018 (16.00 Uhr), bis Sonntag, den 28.10.2018 (10.00 Uhr) wwird aufgrund des R\u00fcckbaus der Verbauelemente im Rahmen des Br\u00fcckenneubaus der BAB A6 Br\u00fccke <a class=\"mh-excerpt-more\" href=\"https:\/\/www.region-schwabach.de\/wordpress\/sperrung-der-rother-strasse-am-27-10-2018-28-10-2018\/\" title=\"Sperrung der Rother Stra\u00dfe am 27.10.2018\/28.10.2018\">[&#8230;]<\/a><\/p>\n<\/div>","protected":false},"author":1,"featured_media":61080,"comment_status":"open","ping_status":"open","sticky":false,"template":"template-full.php","format":"standard","meta":{"_cbd_carousel_blocks":"[]","footnotes":""},"categories":[16,14],"tags":[2023,6149,1457,4982,3906,1033,58,425,716,170,6496,19,276,659],"class_list":{"0":"post-61079","1":"post","2":"type-post","3":"status-publish","4":"format-standard","5":"has-post-thumbnail","7":"category-aktuell","8":"category-verkehrsinfos","9":"tag-27-10-2018","10":"tag-28-10-2018","11":"tag-anschlussstelle-schwabach-sued","12":"tag-ausbau-a6","13":"tag-autobahn-a6","14":"tag-berliner-strasse","15":"tag-geh-und-radweg","16":"tag-penzendorfer-hauptstrasse","17":"tag-penzendorfer-strasse","18":"tag-rother-strasse","19":"tag-rueckbau-der-verbauelemente","20":"tag-schwabach","21":"tag-sperrung","22":"tag-weissenburger-strasse"},"_links":{"self":[{"href":"https:\/\/www.region-schwabach.de\/wordpress\/wp-json\/wp\/v2\/posts\/61079","targetHints":{"allow":["GET"]}}],"collection":[{"href":"https:\/\/www.region-schwabach.de\/wordpress\/wp-json\/wp\/v2\/posts"}],"about":[{"href":"https:\/\/www.region-schwabach.de\/wordpress\/wp-json\/wp\/v2\/types\/post"}],"author":[{"embeddable":true,"href":"https:\/\/www.region-schwabach.de\/wordpress\/wp-json\/wp\/v2\/users\/1"}],"replies":[{"embeddable":true,"href":"https:\/\/www.region-schwabach.de\/wordpress\/wp-json\/wp\/v2\/comments?post=61079"}],"version-history":[{"count":0,"href":"https:\/\/www.region-schwabach.de\/wordpress\/wp-json\/wp\/v2\/posts\/61079\/revisions"}],"wp:featuredmedia":[{"embeddable":true,"href":"https:\/\/www.region-schwabach.de\/wordpress\/wp-json\/wp\/v2\/media\/61080"}],"wp:attachment":[{"href":"https:\/\/www.region-schwabach.de\/wordpress\/wp-json\/wp\/v2\/media?parent=61079"}],"wp:term":[{"taxonomy":"category","embeddable":true,"href":"https:\/\/www.region-schwabach.de\/wordpress\/wp-json\/wp\/v2\/categories?post=61079"},{"taxonomy":"post_tag","embeddable":true,"href":"https:\/\/www.region-schwabach.de\/wordpress\/wp-json\/wp\/v2\/tags?post=61079"}],"curies":[{"name":"wp","href":"https:\/\/api.w.org\/{rel}","templated":true}]}}