{"id":61101,"date":"2018-10-20T12:46:57","date_gmt":"2018-10-20T10:46:57","guid":{"rendered":"http:\/\/www.region-schwabach.de\/wordpress\/?p=61101"},"modified":"2018-10-24T14:49:20","modified_gmt":"2018-10-24T12:49:20","slug":"koerperliche-auseinandersetzung-in-allersberg","status":"publish","type":"post","link":"https:\/\/www.region-schwabach.de\/wordpress\/koerperliche-auseinandersetzung-in-allersberg\/","title":{"rendered":"K\u00f6rperliche Auseinandersetzung in Allersberg"},"content":{"rendered":"\t\t<div data-elementor-type=\"wp-post\" data-elementor-id=\"61101\" class=\"elementor elementor-61101 elementor-bc-flex-widget\">\n\t\t\t\t\t\t<section class=\"elementor-section elementor-top-section elementor-element elementor-element-1cuv9jr elementor-section-boxed elementor-section-height-default elementor-section-height-default\" data-id=\"1cuv9jr\" data-element_type=\"section\">\n\t\t\t\t\t\t<div class=\"elementor-container elementor-column-gap-default\">\n\t\t\t\t\t<div class=\"elementor-column elementor-col-66 elementor-top-column elementor-element elementor-element-q5zak7b\" data-id=\"q5zak7b\" data-element_type=\"column\">\n\t\t\t<div class=\"elementor-widget-wrap elementor-element-populated\">\n\t\t\t\t\t\t<div class=\"elementor-element elementor-element-763ecdd elementor-widget elementor-widget-text-editor\" data-id=\"763ecdd\" data-element_type=\"widget\" data-widget_type=\"text-editor.default\">\n\t\t\t\t<div class=\"elementor-widget-container\">\n\t\t\t\t\t\t\t<h3 class=\"story-headline\">Folgenreicher Streit<\/h3><p><span style=\"font-size: 12pt;\">Allersberg &#8211;\u00a0Am Freitagabend, den 19.10.2018, gerieten zwei Allersberger w\u00e4hrend einer Veranstaltung in der N\u00fcrnberger Stra\u00dfe in Allersberg in eine verbale Auseinandersetzung, die jedoch im weiteren Verlauf eskalierte, und ein 19 J\u00e4hriger seinen seinem 22-j\u00e4hrigen Kontrahenten schlie\u00dflich mit der Faust ins Gesicht schlug.<\/span><\/p><h3>\u00a0Ermittlungsverfahren wegen K\u00f6rperverletzung<\/h3><p><span style=\"font-size: 12pt;\">Dabei wurde der Gesch\u00e4digte leicht verletzt, und zur ambulanten Behandlung ins Krankenhaus gebracht.\u00a0Beim Eintreffen der Polizei hatte sich der \u201eSchl\u00e4ger\u201c zwar bereits vom Tatort entfernt, da er jedoch namentlich bekannt ist, wurde gegen ihn nun ein Ermittlungsverfahren wegen K\u00f6rperverletzung eingeleitet.<\/span><\/p>\t\t\t\t\t\t<\/div>\n\t\t\t\t<\/div>\n\t\t\t\t<div class=\"elementor-element elementor-element-ace1283 elementor-widget-divider--view-line elementor-widget elementor-widget-divider\" data-id=\"ace1283\" data-element_type=\"widget\" data-widget_type=\"divider.default\">\n\t\t\t\t<div class=\"elementor-widget-container\">\n\t\t\t\t\t<div class=\"elementor-divider\">\n\t\t\t<span class=\"elementor-divider-separator\">\n\t\t\t\t\t\t<\/span>\n\t\t<\/div>\n\t\t\t\t<\/div>\n\t\t\t\t<\/div>\n\t\t\t\t<div class=\"elementor-element elementor-element-1l7zbzo elementor-widget elementor-widget-google_maps\" data-id=\"1l7zbzo\" data-element_type=\"widget\" data-widget_type=\"google_maps.default\">\n\t\t\t\t<div class=\"elementor-widget-container\">\n\t\t\t\t\t<div class=\"elementor-custom-embed\">\n\t\t\t<iframe loading=\"lazy\"\n\t\t\t\t\tsrc=\"https:\/\/maps.google.com\/maps?q=N%C3%BCrnberger%20Stra%C3%9Fe%2C%20Allersberg%2C%20Deutschland&#038;t=m&#038;z=17&#038;output=embed&#038;iwloc=near\"\n\t\t\t\t\ttitle=\"N\u00fcrnberger Stra\u00dfe, Allersberg, Deutschland\"\n\t\t\t\t\taria-label=\"N\u00fcrnberger Stra\u00dfe, Allersberg, Deutschland\"\n\t\t\t><\/iframe>\n\t\t<\/div>\n\t\t\t\t<\/div>\n\t\t\t\t<\/div>\n\t\t\t\t\t<\/div>\n\t\t<\/div>\n\t\t\t\t<div class=\"elementor-column elementor-col-33 elementor-top-column elementor-element elementor-element-0w0urt1\" data-id=\"0w0urt1\" data-element_type=\"column\">\n\t\t\t<div class=\"elementor-widget-wrap\">\n\t\t\t\t\t\t\t<\/div>\n\t\t<\/div>\n\t\t\t\t\t<\/div>\n\t\t<\/section>\n\t\t\t\t<\/div>\n\t\t","protected":false},"excerpt":{"rendered":"<div class=\"mh-excerpt\"><p>Folgenreicher Streit Allersberg &#8211;\u00a0Am Freitagabend, den 19.10.2018, gerieten zwei Allersberger w\u00e4hrend einer Veranstaltung in der N\u00fcrnberger Stra\u00dfe in Allersberg in eine verbale Auseinandersetzung, die jedoch im weiteren Verlauf eskalierte, und ein 19 J\u00e4hriger seinen seinem <a class=\"mh-excerpt-more\" href=\"https:\/\/www.region-schwabach.de\/wordpress\/koerperliche-auseinandersetzung-in-allersberg\/\" title=\"K\u00f6rperliche Auseinandersetzung in Allersberg\">[&#8230;]<\/a><\/p>\n<\/div>","protected":false},"author":1,"featured_media":61102,"comment_status":"open","ping_status":"open","sticky":false,"template":"","format":"standard","meta":{"_cbd_carousel_blocks":"[]","footnotes":""},"categories":[15],"tags":[6143,556,5065,297,515,464,981,713,1919,646,20,1346],"class_list":{"0":"post-61101","1":"post","2":"type-post","3":"status-publish","4":"format-standard","5":"has-post-thumbnail","7":"category-polizeimeldungen","8":"tag-19-10-2018","9":"tag-allersberg","10":"tag-faustschlag","11":"tag-hilpoltstein","12":"tag-koerperverletzung","13":"tag-nuernberger-strasse","14":"tag-polizei","15":"tag-schaden","16":"tag-schlag-ins-gesicht","17":"tag-streit","18":"tag-veranstaltung","19":"tag-verbale-auseinandersetzung"},"_links":{"self":[{"href":"https:\/\/www.region-schwabach.de\/wordpress\/wp-json\/wp\/v2\/posts\/61101","targetHints":{"allow":["GET"]}}],"collection":[{"href":"https:\/\/www.region-schwabach.de\/wordpress\/wp-json\/wp\/v2\/posts"}],"about":[{"href":"https:\/\/www.region-schwabach.de\/wordpress\/wp-json\/wp\/v2\/types\/post"}],"author":[{"embeddable":true,"href":"https:\/\/www.region-schwabach.de\/wordpress\/wp-json\/wp\/v2\/users\/1"}],"replies":[{"embeddable":true,"href":"https:\/\/www.region-schwabach.de\/wordpress\/wp-json\/wp\/v2\/comments?post=61101"}],"version-history":[{"count":0,"href":"https:\/\/www.region-schwabach.de\/wordpress\/wp-json\/wp\/v2\/posts\/61101\/revisions"}],"wp:featuredmedia":[{"embeddable":true,"href":"https:\/\/www.region-schwabach.de\/wordpress\/wp-json\/wp\/v2\/media\/61102"}],"wp:attachment":[{"href":"https:\/\/www.region-schwabach.de\/wordpress\/wp-json\/wp\/v2\/media?parent=61101"}],"wp:term":[{"taxonomy":"category","embeddable":true,"href":"https:\/\/www.region-schwabach.de\/wordpress\/wp-json\/wp\/v2\/categories?post=61101"},{"taxonomy":"post_tag","embeddable":true,"href":"https:\/\/www.region-schwabach.de\/wordpress\/wp-json\/wp\/v2\/tags?post=61101"}],"curies":[{"name":"wp","href":"https:\/\/api.w.org\/{rel}","templated":true}]}}