{"id":61109,"date":"2018-10-20T13:12:57","date_gmt":"2018-10-20T11:12:57","guid":{"rendered":"http:\/\/www.region-schwabach.de\/wordpress\/?p=61109"},"modified":"2018-10-24T14:48:35","modified_gmt":"2018-10-24T12:48:35","slug":"schadenstraechtige-unfallflucht-in-neuses","status":"publish","type":"post","link":"https:\/\/www.region-schwabach.de\/wordpress\/schadenstraechtige-unfallflucht-in-neuses\/","title":{"rendered":"Schadenstr\u00e4chtige Unfallflucht in Neuses"},"content":{"rendered":"\t\t<div data-elementor-type=\"wp-post\" data-elementor-id=\"61109\" class=\"elementor elementor-61109 elementor-bc-flex-widget\">\n\t\t\t\t\t\t<section class=\"elementor-section elementor-top-section elementor-element elementor-element-1cuv9jr elementor-section-boxed elementor-section-height-default elementor-section-height-default\" data-id=\"1cuv9jr\" data-element_type=\"section\">\n\t\t\t\t\t\t<div class=\"elementor-container elementor-column-gap-default\">\n\t\t\t\t\t<div class=\"elementor-column elementor-col-50 elementor-top-column elementor-element elementor-element-q5zak7b\" data-id=\"q5zak7b\" data-element_type=\"column\">\n\t\t\t<div class=\"elementor-widget-wrap elementor-element-populated\">\n\t\t\t\t\t\t<div class=\"elementor-element elementor-element-763ecdd elementor-widget elementor-widget-text-editor\" data-id=\"763ecdd\" data-element_type=\"widget\" data-widget_type=\"text-editor.default\">\n\t\t\t\t<div class=\"elementor-widget-container\">\n\t\t\t\t\t\t\t<h3 class=\"story-headline\"><strong>Motorrad in Neuses angefahren<\/strong><\/h3><p><span style=\"font-size: 12pt;\">Schwabach &#8211;\u00a0Am Freitag, den 19.10.2018, hat ein bisher Unbekannter in der Zeit zwischen 11.15 Uhr und 11.45 Uhr an der Ecke R\u00f6merstra\u00dfe \/ Sandstra\u00dfe in Neuses ein dort ordnungsgem\u00e4\u00df abgestelltes Motorrad angefahren, wodurch dieses umfiel und dabei erheblich besch\u00e4digt wurde. <\/span><\/p><p><span style=\"font-size: 12pt;\">Der Unfallverursacher entfernte sich anschlie\u00dfend unerlaubt vom Unfallort, ohne sich um den entstandenen Schaden zu k\u00fcmmern.\u00a0<\/span><\/p><h3>Polizei bittet um Mithilfe<\/h3><p><span style=\"font-size: 12pt;\">Personen, die verd\u00e4chtige Beobachtungen gemacht haben, werden gebeten, diese der Polizei in Schwabach unter der Rufnummer 09122-927-0 mitzuteilen.<\/span><\/p>\t\t\t\t\t\t<\/div>\n\t\t\t\t<\/div>\n\t\t\t\t<div class=\"elementor-element elementor-element-ace1283 elementor-widget-divider--view-line elementor-widget elementor-widget-divider\" data-id=\"ace1283\" data-element_type=\"widget\" data-widget_type=\"divider.default\">\n\t\t\t\t<div class=\"elementor-widget-container\">\n\t\t\t\t\t<div class=\"elementor-divider\">\n\t\t\t<span class=\"elementor-divider-separator\">\n\t\t\t\t\t\t<\/span>\n\t\t<\/div>\n\t\t\t\t<\/div>\n\t\t\t\t<\/div>\n\t\t\t\t<div class=\"elementor-element elementor-element-1l7zbzo elementor-widget elementor-widget-google_maps\" data-id=\"1l7zbzo\" data-element_type=\"widget\" data-widget_type=\"google_maps.default\">\n\t\t\t\t<div class=\"elementor-widget-container\">\n\t\t\t\t\t<div class=\"elementor-custom-embed\">\n\t\t\t<iframe loading=\"lazy\"\n\t\t\t\t\tsrc=\"https:\/\/maps.google.com\/maps?q=49.336613%2C%2011.089983&#038;t=m&#038;z=17&#038;output=embed&#038;iwloc=near\"\n\t\t\t\t\ttitle=\"49.336613, 11.089983\"\n\t\t\t\t\taria-label=\"49.336613, 11.089983\"\n\t\t\t><\/iframe>\n\t\t<\/div>\n\t\t\t\t<\/div>\n\t\t\t\t<\/div>\n\t\t\t\t\t<\/div>\n\t\t<\/div>\n\t\t\t\t<div class=\"elementor-column elementor-col-50 elementor-top-column elementor-element elementor-element-9a5091a\" data-id=\"9a5091a\" data-element_type=\"column\">\n\t\t\t<div class=\"elementor-widget-wrap\">\n\t\t\t\t\t\t\t<\/div>\n\t\t<\/div>\n\t\t\t\t\t<\/div>\n\t\t<\/section>\n\t\t\t\t<\/div>\n\t\t","protected":false},"excerpt":{"rendered":"<div class=\"mh-excerpt\"><p>Motorrad in Neuses angefahren Schwabach &#8211;\u00a0Am Freitag, den 19.10.2018, hat ein bisher Unbekannter in der Zeit zwischen 11.15 Uhr und 11.45 Uhr an der Ecke R\u00f6merstra\u00dfe \/ Sandstra\u00dfe in Neuses ein dort ordnungsgem\u00e4\u00df abgestelltes Motorrad <a class=\"mh-excerpt-more\" href=\"https:\/\/www.region-schwabach.de\/wordpress\/schadenstraechtige-unfallflucht-in-neuses\/\" title=\"Schadenstr\u00e4chtige Unfallflucht in Neuses\">[&#8230;]<\/a><\/p>\n<\/div>","protected":false},"author":1,"featured_media":61110,"comment_status":"open","ping_status":"open","sticky":false,"template":"","format":"standard","meta":{"_cbd_carousel_blocks":"[]","footnotes":""},"categories":[15],"tags":[6143,454,563,2572,593,463,981,6503,401,3660,713,19,457],"class_list":{"0":"post-61109","1":"post","2":"type-post","3":"status-publish","4":"format-standard","5":"has-post-thumbnail","7":"category-polizeimeldungen","8":"tag-19-10-2018","9":"tag-fahrerflucht","10":"tag-motorrad","11":"tag-neuses","12":"tag-parkplatz","13":"tag-pkw","14":"tag-polizei","15":"tag-roemerstrasse","16":"tag-sachschaden","17":"tag-sandstrasse","18":"tag-schaden","19":"tag-schwabach","20":"tag-unfallflucht"},"_links":{"self":[{"href":"https:\/\/www.region-schwabach.de\/wordpress\/wp-json\/wp\/v2\/posts\/61109","targetHints":{"allow":["GET"]}}],"collection":[{"href":"https:\/\/www.region-schwabach.de\/wordpress\/wp-json\/wp\/v2\/posts"}],"about":[{"href":"https:\/\/www.region-schwabach.de\/wordpress\/wp-json\/wp\/v2\/types\/post"}],"author":[{"embeddable":true,"href":"https:\/\/www.region-schwabach.de\/wordpress\/wp-json\/wp\/v2\/users\/1"}],"replies":[{"embeddable":true,"href":"https:\/\/www.region-schwabach.de\/wordpress\/wp-json\/wp\/v2\/comments?post=61109"}],"version-history":[{"count":0,"href":"https:\/\/www.region-schwabach.de\/wordpress\/wp-json\/wp\/v2\/posts\/61109\/revisions"}],"wp:featuredmedia":[{"embeddable":true,"href":"https:\/\/www.region-schwabach.de\/wordpress\/wp-json\/wp\/v2\/media\/61110"}],"wp:attachment":[{"href":"https:\/\/www.region-schwabach.de\/wordpress\/wp-json\/wp\/v2\/media?parent=61109"}],"wp:term":[{"taxonomy":"category","embeddable":true,"href":"https:\/\/www.region-schwabach.de\/wordpress\/wp-json\/wp\/v2\/categories?post=61109"},{"taxonomy":"post_tag","embeddable":true,"href":"https:\/\/www.region-schwabach.de\/wordpress\/wp-json\/wp\/v2\/tags?post=61109"}],"curies":[{"name":"wp","href":"https:\/\/api.w.org\/{rel}","templated":true}]}}