{"id":61286,"date":"2018-10-25T00:05:54","date_gmt":"2018-10-24T22:05:54","guid":{"rendered":"http:\/\/www.region-schwabach.de\/wordpress\/?p=61286"},"modified":"2018-10-25T20:05:02","modified_gmt":"2018-10-25T18:05:02","slug":"fraenggisch-riweiwl-blick-zurueck-mit-humor-25-oktober-2018","status":"publish","type":"post","link":"https:\/\/www.region-schwabach.de\/wordpress\/fraenggisch-riweiwl-blick-zurueck-mit-humor-25-oktober-2018\/","title":{"rendered":"FR\u00c4NGGISCH RIWEIWL \u2013 Blick zur\u00fcck mit Humor! &#8211; 25. Oktober 2018"},"content":{"rendered":"\t\t<div data-elementor-type=\"wp-post\" data-elementor-id=\"61286\" class=\"elementor elementor-61286 elementor-bc-flex-widget\">\n\t\t\t\t\t\t<section class=\"elementor-section elementor-top-section elementor-element elementor-element-678181b elementor-section-boxed elementor-section-height-default elementor-section-height-default\" data-id=\"678181b\" data-element_type=\"section\">\n\t\t\t\t\t\t<div class=\"elementor-container elementor-column-gap-default\">\n\t\t\t\t\t<div class=\"elementor-column elementor-col-66 elementor-top-column elementor-element elementor-element-6b34026\" data-id=\"6b34026\" data-element_type=\"column\">\n\t\t\t<div class=\"elementor-widget-wrap elementor-element-populated\">\n\t\t\t\t\t\t<div class=\"elementor-element elementor-element-443ab98 elementor-widget elementor-widget-text-editor\" data-id=\"443ab98\" data-element_type=\"widget\" data-widget_type=\"text-editor.default\">\n\t\t\t\t<div class=\"elementor-widget-container\">\n\t\t\t\t\t\t\t<h3 class=\"entry-title\">FR\u00c4NGGISCH RIWEIWL \u2013 Blick zur\u00fcck mit Humor!<br \/>Donnerstag, 25. Oktober 2018, 20.00 Uhr<\/h3><p>Schwabach &#8211;\u00a0Am Donnerstag, den 25.10.2018, sind Bernd H\u00e4ndel und J\u00fcrgen Leuchauer um 20.00 Uhr in der Galerie Gaswerk, N\u00f6rdliche Ringstra\u00dfe 9, Schwabach mit ihrem Programm &#8222;FR\u00c4NGGISCH RIWEIWL \u2013<br \/>Blick zur\u00fcck mit Humor!&#8220; zu Gast.<\/p><p>Bernd H\u00e4ndel und J\u00fcrgen Leuchauer,\u00a0zwei Ur-Franken (N\u00e4mbercher simmer!)\u00a0laden Sie ein zu einem Streifzug\u00a0durch 5 Jahrzehnte \u201eFr\u00e4nkischer\u00a0Humor, fr\u00e4nkisches Liedgut sowie\u00a0Stammtisch- und W\u00e4rdshauskultur\u201c.\u00a0<\/p><p>Eine Zeitreise der ganz besonderen\u00a0Art. Erleben Sie alte und neue\u00a0Liedla, Gedichtla und Gschichtla,\u00a0Anekdoten, Werdshausgschmarri\u00a0vom Feinsten sowie bekannte\u00a0Stimmen aus alter Zeit!<\/p><p>Franken wie es leibt und lebt, manchmal\u00a0auch bebt\u2026 und zwar bebt das\u00a0Zwerchfell. Bei diesem Programm\u00a0sollen auch schon Tr\u00e4nen geflossen\u00a0sein\u2026. und zwar Lachtr\u00e4nen!<\/p><p>Erinnerungen an die \u201ePeterlesboum\u201c,\u00a0an \u201eHerbert Hisel\u201c und\u00a0vieles mehr. \u201eSchee woars\u201c \u2013 hamm\u00a0die Leid gsachd! \u2026und su w\u00e4i\u00a0die Leid sin \u2013 is ka Mensch!<\/p><p>Eintritt: 19,- Euro<\/p><h3>Infos:<\/h3><p><strong>Kartenbestellungen:<\/strong><\/p><ul style=\"list-style-type: disc;\"><li>Telefon: 09122 &#8211; 93 78 82<\/li><li>E-Mail: h.kehrbach@kehrbach.de<\/li><\/ul><p>Platzreservierung erfolgt nach Bezahlung der Karte.\u00a0Abholung reservierter Karten ist m\u00f6glich im Planwerk Kehrbach,\u00a0N\u00f6rdliche Ringstr. 9, 91126 Schwabach.<\/p><p><strong>\u00d6ffnungszeiten: <\/strong><\/p><ul style=\"list-style-type: disc;\"><li>Montag &#8211; Donnerstag von 8.00 &#8211; 17.30<\/li><li>Freitag von 8.00 &#8211; 14.30<\/li><\/ul><h3>Weiterf\u00fchrende Links:<\/h3><p><a href=\"https:\/\/www.galerie-gaswerk.de\/\" target=\"_blank\" rel=\"noopener\">Hier geht&#8217;s zur Homepage der Galerie Gaswerk &#8230;<\/a><\/p><p><a href=\"https:\/\/www.galerie-gaswerk.de\/pdf_blaetterkatalog\/index.html\" target=\"_blank\" rel=\"noopener\">Hier k\u00f6nnen Sie das aktuelle Programmheft online durchbl\u00e4ttern &#8230;<\/a><\/p><p><a href=\"http:\/\/www.galerie-gaswerk.de\/Galerie-Gaswerk_Programm_2_2018_online.pdf\" target=\"_blank\" rel=\"noopener\">Und hier gibt&#8217;s das Programmheft zum Download &#8230;<\/a><\/p>\t\t\t\t\t\t<\/div>\n\t\t\t\t<\/div>\n\t\t\t\t<div class=\"elementor-element elementor-element-a29781d elementor-widget-divider--view-line elementor-widget elementor-widget-divider\" data-id=\"a29781d\" data-element_type=\"widget\" data-widget_type=\"divider.default\">\n\t\t\t\t<div class=\"elementor-widget-container\">\n\t\t\t\t\t<div class=\"elementor-divider\">\n\t\t\t<span class=\"elementor-divider-separator\">\n\t\t\t\t\t\t<\/span>\n\t\t<\/div>\n\t\t\t\t<\/div>\n\t\t\t\t<\/div>\n\t\t\t\t<div class=\"elementor-element elementor-element-2a05a02 elementor-widget elementor-widget-google_maps\" data-id=\"2a05a02\" data-element_type=\"widget\" data-widget_type=\"google_maps.default\">\n\t\t\t\t<div class=\"elementor-widget-container\">\n\t\t\t\t\t<div class=\"elementor-custom-embed\">\n\t\t\t<iframe loading=\"lazy\"\n\t\t\t\t\tsrc=\"https:\/\/maps.google.com\/maps?q=N%C3%B6rdliche%20Ringstra%C3%9Fe%209%2C%20Schwabach%2C%20Deutschland&#038;t=m&#038;z=17&#038;output=embed&#038;iwloc=near\"\n\t\t\t\t\ttitle=\"N\u00f6rdliche Ringstra\u00dfe 9, Schwabach, Deutschland\"\n\t\t\t\t\taria-label=\"N\u00f6rdliche Ringstra\u00dfe 9, Schwabach, Deutschland\"\n\t\t\t><\/iframe>\n\t\t<\/div>\n\t\t\t\t<\/div>\n\t\t\t\t<\/div>\n\t\t\t\t\t<\/div>\n\t\t<\/div>\n\t\t\t\t<div class=\"elementor-column elementor-col-33 elementor-top-column elementor-element elementor-element-f645137\" data-id=\"f645137\" data-element_type=\"column\">\n\t\t\t<div class=\"elementor-widget-wrap\">\n\t\t\t\t\t\t\t<\/div>\n\t\t<\/div>\n\t\t\t\t\t<\/div>\n\t\t<\/section>\n\t\t\t\t<\/div>\n\t\t","protected":false},"excerpt":{"rendered":"<div class=\"mh-excerpt\"><p>FR\u00c4NGGISCH RIWEIWL \u2013 Blick zur\u00fcck mit Humor!Donnerstag, 25. Oktober 2018, 20.00 Uhr Schwabach &#8211;\u00a0Am Donnerstag, den 25.10.2018, sind Bernd H\u00e4ndel und J\u00fcrgen Leuchauer um 20.00 Uhr in der Galerie Gaswerk, N\u00f6rdliche Ringstra\u00dfe 9, Schwabach mit <a class=\"mh-excerpt-more\" href=\"https:\/\/www.region-schwabach.de\/wordpress\/fraenggisch-riweiwl-blick-zurueck-mit-humor-25-oktober-2018\/\" title=\"FR\u00c4NGGISCH RIWEIWL \u2013 Blick zur\u00fcck mit Humor! &#8211; 25. Oktober 2018\">[&#8230;]<\/a><\/p>\n<\/div>","protected":false},"author":1,"featured_media":61287,"comment_status":"open","ping_status":"open","sticky":false,"template":"","format":"standard","meta":{"_cbd_carousel_blocks":"[]","footnotes":""},"categories":[16,287,231],"tags":[6147,6509,6508,4801,6510,785,19],"class_list":{"0":"post-61286","1":"post","2":"type-post","3":"status-publish","4":"format-standard","5":"has-post-thumbnail","7":"category-aktuell","8":"category-jugend-und-familie","9":"category-veranstaltungsnews","10":"tag-25-10-2018","11":"tag-bernd-haendel","12":"tag-fraenggisch-riweiwl-blick-zurueck-mit-humor","13":"tag-galerie-gaswerk","14":"tag-juergen-leuchauer","15":"tag-noerdliche-ringstrasse","16":"tag-schwabach"},"_links":{"self":[{"href":"https:\/\/www.region-schwabach.de\/wordpress\/wp-json\/wp\/v2\/posts\/61286","targetHints":{"allow":["GET"]}}],"collection":[{"href":"https:\/\/www.region-schwabach.de\/wordpress\/wp-json\/wp\/v2\/posts"}],"about":[{"href":"https:\/\/www.region-schwabach.de\/wordpress\/wp-json\/wp\/v2\/types\/post"}],"author":[{"embeddable":true,"href":"https:\/\/www.region-schwabach.de\/wordpress\/wp-json\/wp\/v2\/users\/1"}],"replies":[{"embeddable":true,"href":"https:\/\/www.region-schwabach.de\/wordpress\/wp-json\/wp\/v2\/comments?post=61286"}],"version-history":[{"count":0,"href":"https:\/\/www.region-schwabach.de\/wordpress\/wp-json\/wp\/v2\/posts\/61286\/revisions"}],"wp:featuredmedia":[{"embeddable":true,"href":"https:\/\/www.region-schwabach.de\/wordpress\/wp-json\/wp\/v2\/media\/61287"}],"wp:attachment":[{"href":"https:\/\/www.region-schwabach.de\/wordpress\/wp-json\/wp\/v2\/media?parent=61286"}],"wp:term":[{"taxonomy":"category","embeddable":true,"href":"https:\/\/www.region-schwabach.de\/wordpress\/wp-json\/wp\/v2\/categories?post=61286"},{"taxonomy":"post_tag","embeddable":true,"href":"https:\/\/www.region-schwabach.de\/wordpress\/wp-json\/wp\/v2\/tags?post=61286"}],"curies":[{"name":"wp","href":"https:\/\/api.w.org\/{rel}","templated":true}]}}