{"id":61308,"date":"2018-10-27T00:05:21","date_gmt":"2018-10-26T22:05:21","guid":{"rendered":"http:\/\/www.region-schwabach.de\/wordpress\/?p=61308"},"modified":"2018-10-27T00:07:35","modified_gmt":"2018-10-26T22:07:35","slug":"constanze-lindner-jetzt-erst-mal-fuer-immer-27-oktober-2018","status":"publish","type":"post","link":"https:\/\/www.region-schwabach.de\/wordpress\/constanze-lindner-jetzt-erst-mal-fuer-immer-27-oktober-2018\/","title":{"rendered":"Constanze Lindner &#8211; Jetzt erst mal f\u00fcr immer &#8211; 27. Oktober 2018"},"content":{"rendered":"\t\t<div data-elementor-type=\"wp-post\" data-elementor-id=\"61308\" class=\"elementor elementor-61308 elementor-bc-flex-widget\">\n\t\t\t\t\t\t<section class=\"elementor-section elementor-top-section elementor-element elementor-element-678181b elementor-section-boxed elementor-section-height-default elementor-section-height-default\" data-id=\"678181b\" data-element_type=\"section\">\n\t\t\t\t\t\t<div class=\"elementor-container elementor-column-gap-default\">\n\t\t\t\t\t<div class=\"elementor-column elementor-col-66 elementor-top-column elementor-element elementor-element-6b34026\" data-id=\"6b34026\" data-element_type=\"column\">\n\t\t\t<div class=\"elementor-widget-wrap elementor-element-populated\">\n\t\t\t\t\t\t<div class=\"elementor-element elementor-element-443ab98 elementor-widget elementor-widget-text-editor\" data-id=\"443ab98\" data-element_type=\"widget\" data-widget_type=\"text-editor.default\">\n\t\t\t\t<div class=\"elementor-widget-container\">\n\t\t\t\t\t\t\t<h3 class=\"entry-title\">Constanze Lindner \u2013 \u00a0Jetzt erst einmal f\u00fcr immer<br \/>Samstag, 27. Oktober 2018, 20.00 Uhr<\/h3><p>Schwabach &#8211;\u00a0Am Samstag, den 27.10.2018, ist Constanze Lindner um 20.00 Uhr in der Galerie Gaswerk, N\u00f6rdliche Ringstra\u00dfe 9, Schwabach mit ihrem Programm &#8222;Jetzt erst einmal f\u00fcr immer&#8220; zu Gast.<\/p><p>Ob als Comedian, Schauspielerin\u00a0oder S\u00e4ngerin: Constanze Lindner\u00a0ist ein B\u00fchnentier. Sie erobert das\u00a0Publikum mit ihrer unvergleichbaren\u00a0Spielfreude, mit gro\u00dfer Spontaneit\u00e4t,\u00a0mit Mut zur H\u00e4sslichkeit und\u00a0entwaffnendem Charme, der im\u00a0deutschen Kabarett seinesgleichen\u00a0sucht. In ihrem ersten Soloprogramm\u00a0\u201eEs wird geStanzt heut\u00a0Nacht\u201c brachte sie so groteske\u00a0wie liebenswerte Figuren auf die\u00a0B\u00fchne und nahm das Publikum\u00a0mit auf eine Achterbahnfahrt\u00a0von Irrsinn nach Absurdistan.<\/p><p>Auch im neuen Programm \u201eJetzt\u00a0erst mal f\u00fcr immer\u201c sind sie wieder\u00a0mit dabei: Die liebenswerte KultOma,\u00a0die russische Grande Dame\u00a0Victoria Witchbopp und nat\u00fcrlich\u00a0die unvergleichliche Cordula Br\u00f6dke\u00a0mit der Wollm\u00fctze. Ein Kauz,\u00a0dem die Herzen zufliegen und\u00a0Lindners Antwort auf die selbstoptimierte\u00a0Frau, ein h\u00e4ssliches\u00a0Entlein, das sich gern unverletzlich\u00a0gibt aber stets nach N\u00e4he sucht,\u00a0gern auch mal im Publikum.<\/p><p>Eintritt: 19,- Euro<\/p><h3>Infos:<\/h3><p><strong>Kartenbestellungen:<\/strong><\/p><ul style=\"list-style-type: disc;\"><li>Telefon: 09122 &#8211; 93 78 82<\/li><li>E-Mail: h.kehrbach@kehrbach.de<\/li><\/ul><p>Platzreservierung erfolgt nach Bezahlung der Karte.\u00a0Abholung reservierter Karten ist m\u00f6glich im Planwerk Kehrbach,\u00a0N\u00f6rdliche Ringstr. 9, 91126 Schwabach.<\/p><p><strong>\u00d6ffnungszeiten: <\/strong><\/p><ul style=\"list-style-type: disc;\"><li>Montag &#8211; Donnerstag von 8.00 &#8211; 17.30<\/li><li>Freitag von 8.00 &#8211; 14.30<\/li><\/ul><h3>Weiterf\u00fchrende Links:<\/h3><p><a href=\"https:\/\/www.galerie-gaswerk.de\/\" target=\"_blank\" rel=\"noopener\">Hier geht&#8217;s zur Homepage der Galerie Gaswerk &#8230;<\/a><\/p><p><a href=\"https:\/\/www.galerie-gaswerk.de\/pdf_blaetterkatalog\/index.html\" target=\"_blank\" rel=\"noopener\">Hier k\u00f6nnen Sie das aktuelle Programmheft online durchbl\u00e4ttern &#8230;<\/a><\/p><p><a href=\"http:\/\/www.galerie-gaswerk.de\/Galerie-Gaswerk_Programm_2_2018_online.pdf\" target=\"_blank\" rel=\"noopener\">Und hier gibt&#8217;s das Programmheft zum Download &#8230;<\/a><\/p>\t\t\t\t\t\t<\/div>\n\t\t\t\t<\/div>\n\t\t\t\t<div class=\"elementor-element elementor-element-a29781d elementor-widget-divider--view-line elementor-widget elementor-widget-divider\" data-id=\"a29781d\" data-element_type=\"widget\" data-widget_type=\"divider.default\">\n\t\t\t\t<div class=\"elementor-widget-container\">\n\t\t\t\t\t<div class=\"elementor-divider\">\n\t\t\t<span class=\"elementor-divider-separator\">\n\t\t\t\t\t\t<\/span>\n\t\t<\/div>\n\t\t\t\t<\/div>\n\t\t\t\t<\/div>\n\t\t\t\t<div class=\"elementor-element elementor-element-2a05a02 elementor-widget elementor-widget-google_maps\" data-id=\"2a05a02\" data-element_type=\"widget\" data-widget_type=\"google_maps.default\">\n\t\t\t\t<div class=\"elementor-widget-container\">\n\t\t\t\t\t<div class=\"elementor-custom-embed\">\n\t\t\t<iframe loading=\"lazy\"\n\t\t\t\t\tsrc=\"https:\/\/maps.google.com\/maps?q=N%C3%B6rdliche%20Ringstra%C3%9Fe%209%2C%20Schwabach%2C%20Deutschland&#038;t=m&#038;z=17&#038;output=embed&#038;iwloc=near\"\n\t\t\t\t\ttitle=\"N\u00f6rdliche Ringstra\u00dfe 9, Schwabach, Deutschland\"\n\t\t\t\t\taria-label=\"N\u00f6rdliche Ringstra\u00dfe 9, Schwabach, Deutschland\"\n\t\t\t><\/iframe>\n\t\t<\/div>\n\t\t\t\t<\/div>\n\t\t\t\t<\/div>\n\t\t\t\t\t<\/div>\n\t\t<\/div>\n\t\t\t\t<div class=\"elementor-column elementor-col-33 elementor-top-column elementor-element elementor-element-f645137\" data-id=\"f645137\" data-element_type=\"column\">\n\t\t\t<div class=\"elementor-widget-wrap\">\n\t\t\t\t\t\t\t<\/div>\n\t\t<\/div>\n\t\t\t\t\t<\/div>\n\t\t<\/section>\n\t\t\t\t<\/div>\n\t\t","protected":false},"excerpt":{"rendered":"<div class=\"mh-excerpt\"><p>Constanze Lindner \u2013 \u00a0Jetzt erst einmal f\u00fcr immerSamstag, 27. Oktober 2018, 20.00 Uhr Schwabach &#8211;\u00a0Am Samstag, den 27.10.2018, ist Constanze Lindner um 20.00 Uhr in der Galerie Gaswerk, N\u00f6rdliche Ringstra\u00dfe 9, Schwabach mit ihrem Programm <a class=\"mh-excerpt-more\" href=\"https:\/\/www.region-schwabach.de\/wordpress\/constanze-lindner-jetzt-erst-mal-fuer-immer-27-oktober-2018\/\" title=\"Constanze Lindner &#8211; Jetzt erst mal f\u00fcr immer &#8211; 27. Oktober 2018\">[&#8230;]<\/a><\/p>\n<\/div>","protected":false},"author":1,"featured_media":61309,"comment_status":"open","ping_status":"open","sticky":false,"template":"","format":"standard","meta":{"_cbd_carousel_blocks":"[]","footnotes":""},"categories":[16,287,231],"tags":[2023,6516,4801,6517,785,6461,19],"class_list":{"0":"post-61308","1":"post","2":"type-post","3":"status-publish","4":"format-standard","5":"has-post-thumbnail","7":"category-aktuell","8":"category-jugend-und-familie","9":"category-veranstaltungsnews","10":"tag-27-10-2018","11":"tag-constanze-lindner","12":"tag-galerie-gaswerk","13":"tag-jetzt-erst-mal-fuer-immer","14":"tag-noerdliche-ringstrasse","15":"tag-peter-pelzner","16":"tag-schwabach"},"_links":{"self":[{"href":"https:\/\/www.region-schwabach.de\/wordpress\/wp-json\/wp\/v2\/posts\/61308","targetHints":{"allow":["GET"]}}],"collection":[{"href":"https:\/\/www.region-schwabach.de\/wordpress\/wp-json\/wp\/v2\/posts"}],"about":[{"href":"https:\/\/www.region-schwabach.de\/wordpress\/wp-json\/wp\/v2\/types\/post"}],"author":[{"embeddable":true,"href":"https:\/\/www.region-schwabach.de\/wordpress\/wp-json\/wp\/v2\/users\/1"}],"replies":[{"embeddable":true,"href":"https:\/\/www.region-schwabach.de\/wordpress\/wp-json\/wp\/v2\/comments?post=61308"}],"version-history":[{"count":0,"href":"https:\/\/www.region-schwabach.de\/wordpress\/wp-json\/wp\/v2\/posts\/61308\/revisions"}],"wp:featuredmedia":[{"embeddable":true,"href":"https:\/\/www.region-schwabach.de\/wordpress\/wp-json\/wp\/v2\/media\/61309"}],"wp:attachment":[{"href":"https:\/\/www.region-schwabach.de\/wordpress\/wp-json\/wp\/v2\/media?parent=61308"}],"wp:term":[{"taxonomy":"category","embeddable":true,"href":"https:\/\/www.region-schwabach.de\/wordpress\/wp-json\/wp\/v2\/categories?post=61308"},{"taxonomy":"post_tag","embeddable":true,"href":"https:\/\/www.region-schwabach.de\/wordpress\/wp-json\/wp\/v2\/tags?post=61308"}],"curies":[{"name":"wp","href":"https:\/\/api.w.org\/{rel}","templated":true}]}}