{"id":61314,"date":"2018-10-27T00:04:57","date_gmt":"2018-10-26T22:04:57","guid":{"rendered":"http:\/\/www.region-schwabach.de\/wordpress\/?p=61314"},"modified":"2018-10-27T00:07:10","modified_gmt":"2018-10-26T22:07:10","slug":"judaeimarkt-am-samstag-27-oktober-2018","status":"publish","type":"post","link":"https:\/\/www.region-schwabach.de\/wordpress\/judaeimarkt-am-samstag-27-oktober-2018\/","title":{"rendered":"Jud\u00e4imarkt am Samstag, 27. Oktober 2018"},"content":{"rendered":"\t\t<div data-elementor-type=\"wp-post\" data-elementor-id=\"61314\" class=\"elementor elementor-61314 elementor-bc-flex-widget\">\n\t\t\t\t\t\t<section class=\"elementor-section elementor-top-section elementor-element elementor-element-678181b elementor-section-boxed elementor-section-height-default elementor-section-height-default\" data-id=\"678181b\" data-element_type=\"section\">\n\t\t\t\t\t\t<div class=\"elementor-container elementor-column-gap-default\">\n\t\t\t\t\t<div class=\"elementor-column elementor-col-66 elementor-top-column elementor-element elementor-element-6b34026\" data-id=\"6b34026\" data-element_type=\"column\">\n\t\t\t<div class=\"elementor-widget-wrap elementor-element-populated\">\n\t\t\t\t\t\t<div class=\"elementor-element elementor-element-443ab98 elementor-widget elementor-widget-text-editor\" data-id=\"443ab98\" data-element_type=\"widget\" data-widget_type=\"text-editor.default\">\n\t\t\t\t<div class=\"elementor-widget-container\">\n\t\t\t\t\t\t\t<h3>Schwabach &#8211; Samstag, 27. Oktober 2018:<br \/>Jud\u00e4imarkt mit gro\u00dfem Angebot<\/h3><p><br \/>Der Schwabacher Jud\u00e4imarkt findet heuer am Samstag, 27. Oktober 2018, von 08.00 Uhr bis\u00a016.00 Uhr auf dem Martin-Luther-Platz und dem K\u00f6nigsplatz statt.<\/p><p>Als\u00a0Kombination aus Jahrmarkt und Wochenmarkt bietet er ein breit gef\u00e4chertes\u00a0Angebot an kulinarischen K\u00f6stlichkeiten, Blumen, Kr\u00e4utern, Herbst- und\u00a0Wintermode und vieles mehr.<\/p>\t\t\t\t\t\t<\/div>\n\t\t\t\t<\/div>\n\t\t\t\t<div class=\"elementor-element elementor-element-893041c elementor-widget-divider--view-line elementor-widget elementor-widget-divider\" data-id=\"893041c\" data-element_type=\"widget\" data-widget_type=\"divider.default\">\n\t\t\t\t<div class=\"elementor-widget-container\">\n\t\t\t\t\t<div class=\"elementor-divider\">\n\t\t\t<span class=\"elementor-divider-separator\">\n\t\t\t\t\t\t<\/span>\n\t\t<\/div>\n\t\t\t\t<\/div>\n\t\t\t\t<\/div>\n\t\t\t\t<div class=\"elementor-element elementor-element-35de09e elementor-widget elementor-widget-google_maps\" data-id=\"35de09e\" data-element_type=\"widget\" data-widget_type=\"google_maps.default\">\n\t\t\t\t<div class=\"elementor-widget-container\">\n\t\t\t\t\t<div class=\"elementor-custom-embed\">\n\t\t\t<iframe loading=\"lazy\"\n\t\t\t\t\tsrc=\"https:\/\/maps.google.com\/maps?q=K%C3%B6nigsplatz%201%2C%20Schwabach%2C%20Deutschland&#038;t=m&#038;z=18&#038;output=embed&#038;iwloc=near\"\n\t\t\t\t\ttitle=\"K\u00f6nigsplatz 1, Schwabach, Deutschland\"\n\t\t\t\t\taria-label=\"K\u00f6nigsplatz 1, Schwabach, Deutschland\"\n\t\t\t><\/iframe>\n\t\t<\/div>\n\t\t\t\t<\/div>\n\t\t\t\t<\/div>\n\t\t\t\t\t<\/div>\n\t\t<\/div>\n\t\t\t\t<div class=\"elementor-column elementor-col-33 elementor-top-column elementor-element elementor-element-f645137\" data-id=\"f645137\" data-element_type=\"column\">\n\t\t\t<div class=\"elementor-widget-wrap\">\n\t\t\t\t\t\t\t<\/div>\n\t\t<\/div>\n\t\t\t\t\t<\/div>\n\t\t<\/section>\n\t\t\t\t<section class=\"elementor-section elementor-top-section elementor-element elementor-element-4e41469 elementor-section-boxed elementor-section-height-default elementor-section-height-default\" data-id=\"4e41469\" data-element_type=\"section\">\n\t\t\t\t\t\t<div class=\"elementor-container elementor-column-gap-default\">\n\t\t\t\t\t<div class=\"elementor-column elementor-col-100 elementor-top-column elementor-element elementor-element-6d04eae\" data-id=\"6d04eae\" data-element_type=\"column\">\n\t\t\t<div class=\"elementor-widget-wrap elementor-element-populated\">\n\t\t\t\t\t\t<div class=\"elementor-element elementor-element-d84491c elementor-widget elementor-widget-image\" data-id=\"d84491c\" data-element_type=\"widget\" data-widget_type=\"image.default\">\n\t\t\t\t<div class=\"elementor-widget-container\">\n\t\t\t\t\t\t\t\t\t\t\t\t\t\t<a href=\"http:\/\/www.region-schwabach.de\/wordpress\/wp-content\/uploads\/2018\/10\/PM256_Jud\u00e4imarkt_4-e1540070876410.jpg\" data-elementor-open-lightbox=\"yes\" data-elementor-lightbox-title=\"PM256_Jud\u00e4imarkt_4\" data-e-action-hash=\"#elementor-action%3Aaction%3Dlightbox%26settings%3DeyJpZCI6NjEzMTUsInVybCI6Imh0dHBzOlwvXC93d3cucmVnaW9uLXNjaHdhYmFjaC5kZVwvd29yZHByZXNzXC93cC1jb250ZW50XC91cGxvYWRzXC8yMDE4XC8xMFwvUE0yNTZfSnVkXHUwMGU0aW1hcmt0XzQtZTE1NDAwNzA4NzY0MTAuanBnIn0%3D\">\n\t\t\t\t\t\t\t<img fetchpriority=\"high\" decoding=\"async\" width=\"640\" height=\"425\" src=\"https:\/\/www.region-schwabach.de\/wordpress\/wp-content\/uploads\/2018\/10\/PM256_Jud\u00e4imarkt_4-e1540070876410.jpg\" class=\"attachment-full size-full wp-image-61315\" alt=\"\" \/>\t\t\t\t\t\t\t\t<\/a>\n\t\t\t\t\t\t\t\t\t\t\t\t\t<\/div>\n\t\t\t\t<\/div>\n\t\t\t\t<div class=\"elementor-element elementor-element-ceb4c45 elementor-widget elementor-widget-image\" data-id=\"ceb4c45\" data-element_type=\"widget\" data-widget_type=\"image.default\">\n\t\t\t\t<div class=\"elementor-widget-container\">\n\t\t\t\t\t\t\t\t\t\t\t\t\t\t<a href=\"http:\/\/www.region-schwabach.de\/wordpress\/wp-content\/uploads\/2018\/10\/PM256_Jud\u00e4imarkt_3-e1540071288726.jpg\" data-elementor-open-lightbox=\"yes\" data-elementor-lightbox-title=\"PM256_Jud\u00e4imarkt_3\" data-e-action-hash=\"#elementor-action%3Aaction%3Dlightbox%26settings%3DeyJpZCI6NjEzMTgsInVybCI6Imh0dHBzOlwvXC93d3cucmVnaW9uLXNjaHdhYmFjaC5kZVwvd29yZHByZXNzXC93cC1jb250ZW50XC91cGxvYWRzXC8yMDE4XC8xMFwvUE0yNTZfSnVkXHUwMGU0aW1hcmt0XzMtZTE1NDAwNzEyODg3MjYuanBnIn0%3D\">\n\t\t\t\t\t\t\t<img decoding=\"async\" width=\"640\" height=\"425\" src=\"https:\/\/www.region-schwabach.de\/wordpress\/wp-content\/uploads\/2018\/10\/PM256_Jud\u00e4imarkt_3-e1540071288726.jpg\" class=\"attachment-full size-full wp-image-61318\" alt=\"\" \/>\t\t\t\t\t\t\t\t<\/a>\n\t\t\t\t\t\t\t\t\t\t\t\t\t<\/div>\n\t\t\t\t<\/div>\n\t\t\t\t\t<\/div>\n\t\t<\/div>\n\t\t\t\t\t<\/div>\n\t\t<\/section>\n\t\t\t\t<\/div>\n\t\t","protected":false},"excerpt":{"rendered":"<div class=\"mh-excerpt\"><p>Schwabach &#8211; Samstag, 27. Oktober 2018:Jud\u00e4imarkt mit gro\u00dfem Angebot Der Schwabacher Jud\u00e4imarkt findet heuer am Samstag, 27. Oktober 2018, von 08.00 Uhr bis\u00a016.00 Uhr auf dem Martin-Luther-Platz und dem K\u00f6nigsplatz statt. Als\u00a0Kombination aus Jahrmarkt und <a class=\"mh-excerpt-more\" href=\"https:\/\/www.region-schwabach.de\/wordpress\/judaeimarkt-am-samstag-27-oktober-2018\/\" title=\"Jud\u00e4imarkt am Samstag, 27. Oktober 2018\">[&#8230;]<\/a><\/p>\n<\/div>","protected":false},"author":1,"featured_media":61315,"comment_status":"open","ping_status":"open","sticky":false,"template":"","format":"standard","meta":{"_cbd_carousel_blocks":"[]","footnotes":""},"categories":[16,1,78,287,61,231,46,140],"tags":[2023,6521,3641,6523,6518,522,6522,6520,523,3642,19,6519],"class_list":{"0":"post-61314","1":"post","2":"type-post","3":"status-publish","4":"format-standard","5":"has-post-thumbnail","7":"category-aktuell","8":"category-allgemein","9":"category-handel-und-wirtschaft","10":"category-jugend-und-familie","11":"category-rathaus","12":"category-veranstaltungsnews","13":"category-verbaende","14":"category-vereine","15":"tag-27-10-2018","16":"tag-blumen","17":"tag-buntes-angebot","18":"tag-herbst-und-wintermode","19":"tag-jahrmarkt","20":"tag-koenigsplatz","21":"tag-kraeutern","22":"tag-kulinarische-koestlichkeiten","23":"tag-martin-luther-platz","24":"tag-samstag","25":"tag-schwabach","26":"tag-wochenmarkt"},"_links":{"self":[{"href":"https:\/\/www.region-schwabach.de\/wordpress\/wp-json\/wp\/v2\/posts\/61314","targetHints":{"allow":["GET"]}}],"collection":[{"href":"https:\/\/www.region-schwabach.de\/wordpress\/wp-json\/wp\/v2\/posts"}],"about":[{"href":"https:\/\/www.region-schwabach.de\/wordpress\/wp-json\/wp\/v2\/types\/post"}],"author":[{"embeddable":true,"href":"https:\/\/www.region-schwabach.de\/wordpress\/wp-json\/wp\/v2\/users\/1"}],"replies":[{"embeddable":true,"href":"https:\/\/www.region-schwabach.de\/wordpress\/wp-json\/wp\/v2\/comments?post=61314"}],"version-history":[{"count":0,"href":"https:\/\/www.region-schwabach.de\/wordpress\/wp-json\/wp\/v2\/posts\/61314\/revisions"}],"wp:featuredmedia":[{"embeddable":true,"href":"https:\/\/www.region-schwabach.de\/wordpress\/wp-json\/wp\/v2\/media\/61315"}],"wp:attachment":[{"href":"https:\/\/www.region-schwabach.de\/wordpress\/wp-json\/wp\/v2\/media?parent=61314"}],"wp:term":[{"taxonomy":"category","embeddable":true,"href":"https:\/\/www.region-schwabach.de\/wordpress\/wp-json\/wp\/v2\/categories?post=61314"},{"taxonomy":"post_tag","embeddable":true,"href":"https:\/\/www.region-schwabach.de\/wordpress\/wp-json\/wp\/v2\/tags?post=61314"}],"curies":[{"name":"wp","href":"https:\/\/api.w.org\/{rel}","templated":true}]}}