{"id":61469,"date":"2018-10-28T00:05:05","date_gmt":"2018-10-27T22:05:05","guid":{"rendered":"http:\/\/www.region-schwabach.de\/wordpress\/?p=61469"},"modified":"2018-10-28T00:54:47","modified_gmt":"2018-10-27T22:54:47","slug":"sven-bach-hobbala-fraenkisch-frech-28-oktober-2018","status":"publish","type":"post","link":"https:\/\/www.region-schwabach.de\/wordpress\/sven-bach-hobbala-fraenkisch-frech-28-oktober-2018\/","title":{"rendered":"Sven Bach &#8211; Hobbala \u2013 Fr\u00e4nkisch Frech! &#8211; 28. Oktober 2018"},"content":{"rendered":"\t\t<div data-elementor-type=\"wp-post\" data-elementor-id=\"61469\" class=\"elementor elementor-61469 elementor-bc-flex-widget\">\n\t\t\t\t\t\t<section class=\"elementor-section elementor-top-section elementor-element elementor-element-678181b elementor-section-boxed elementor-section-height-default elementor-section-height-default\" data-id=\"678181b\" data-element_type=\"section\">\n\t\t\t\t\t\t<div class=\"elementor-container elementor-column-gap-default\">\n\t\t\t\t\t<div class=\"elementor-column elementor-col-66 elementor-top-column elementor-element elementor-element-6b34026\" data-id=\"6b34026\" data-element_type=\"column\">\n\t\t\t<div class=\"elementor-widget-wrap elementor-element-populated\">\n\t\t\t\t\t\t<div class=\"elementor-element elementor-element-443ab98 elementor-widget elementor-widget-text-editor\" data-id=\"443ab98\" data-element_type=\"widget\" data-widget_type=\"text-editor.default\">\n\t\t\t\t<div class=\"elementor-widget-container\">\n\t\t\t\t\t\t\t<h3 class=\"entry-title\">Sven Bach \u2013\u00a0 Hobbala \u2013 Fr\u00e4nkisch Frech!<br \/>Sonntag, 28. Oktober 2018, 18.00 Uhr<\/h3><p>Schwabach &#8211;\u00a0Am Sonntag, den 28.10.2018, ist Sven Bach um 18.00 Uhr in der Galerie Gaswerk, N\u00f6rdliche Ringstra\u00dfe 9, Schwabach mit seinem Programm &#8222;Hobbala &#8211; Fr\u00e4nkisch Frech&#8220; zu Gast.<\/p><p>Mundart-Kabarettist, Mundwerkakrobat,\u00a0Verslasschreiber, Mundartliedlass\u00e4nger&#8230;..viele\u00a0Bezeichnungen eilen Sven\u00a0Bach voraus, doch eines bleibt konstant!<\/p><p>Lustige Abend die alle ihre individuelle\u00a0Note tragen und das\u00a0unterschwellige Motto: \u201eDie Tr\u00e4nen,\u00a0d\u00e4i mer lachd im Leb\u00b4m, die\u00a0brauchd mer nemmer greiner!\u201c<\/p><p>Doch, egal wie man ihn auch bezeichnet,\u00a0ein lustiger Abend und eine ausgiebige\u00a0Zwerchfellmassage steht jedem\u00a0Besucher bei seinen Abenden bevor.<\/p><p>\u201eHobbala \u2013 Fr\u00e4nkisch Frech!\u201c Ein Name\u00a0der bereits \u201eProgramm\u201c ist. Letzteres\u00a0eignet sich hervorragend f\u00fcr Franken,\u00a0Fr\u00e4nkinnen, Wahlfranken, Sympathisanten\u00a0und diejenigen, die auch die\u00a0\u201esoftware\u201c der Franken kennenlernen\u00a0und verstehen wollen. Auch \u00fcberzeugte\u00a0\u201eNicht-Franken\u201c werden an\u00a0diesem Abend das eine oder andere\u00a0\u00a0\u201eAha-Erlebnis\u201c genie\u00dfen k\u00f6nnen.<\/p><p>Eintritt: 17,- Euro<\/p><h3>Infos:<\/h3><p><strong>Kartenbestellungen:<\/strong><\/p><ul style=\"list-style-type: disc;\"><li>Telefon: 09122 &#8211; 93 78 82<\/li><li>E-Mail: h.kehrbach@kehrbach.de<\/li><\/ul><p>Platzreservierung erfolgt nach Bezahlung der Karte.\u00a0Abholung reservierter Karten ist m\u00f6glich im Planwerk Kehrbach,\u00a0N\u00f6rdliche Ringstr. 9, 91126 Schwabach.<\/p><p><strong>\u00d6ffnungszeiten: <\/strong><\/p><ul style=\"list-style-type: disc;\"><li>Montag &#8211; Donnerstag von 8.00 &#8211; 17.30<\/li><li>Freitag von 8.00 &#8211; 14.30<\/li><\/ul><h3>Weiterf\u00fchrende Links:<\/h3><p><a href=\"https:\/\/www.galerie-gaswerk.de\/\" target=\"_blank\" rel=\"noopener\">Hier geht&#8217;s zur Homepage der Galerie Gaswerk &#8230;<\/a><\/p><p><a href=\"https:\/\/www.galerie-gaswerk.de\/pdf_blaetterkatalog\/index.html\" target=\"_blank\" rel=\"noopener\">Hier k\u00f6nnen Sie das aktuelle Programmheft online durchbl\u00e4ttern &#8230;<\/a><\/p><p><a href=\"http:\/\/www.galerie-gaswerk.de\/Galerie-Gaswerk_Programm_2_2018_online.pdf\" target=\"_blank\" rel=\"noopener\">Und hier gibt&#8217;s das Programmheft zum Download &#8230;<\/a><\/p>\t\t\t\t\t\t<\/div>\n\t\t\t\t<\/div>\n\t\t\t\t<div class=\"elementor-element elementor-element-a29781d elementor-widget-divider--view-line elementor-widget elementor-widget-divider\" data-id=\"a29781d\" data-element_type=\"widget\" data-widget_type=\"divider.default\">\n\t\t\t\t<div class=\"elementor-widget-container\">\n\t\t\t\t\t<div class=\"elementor-divider\">\n\t\t\t<span class=\"elementor-divider-separator\">\n\t\t\t\t\t\t<\/span>\n\t\t<\/div>\n\t\t\t\t<\/div>\n\t\t\t\t<\/div>\n\t\t\t\t<div class=\"elementor-element elementor-element-2a05a02 elementor-widget elementor-widget-google_maps\" data-id=\"2a05a02\" data-element_type=\"widget\" data-widget_type=\"google_maps.default\">\n\t\t\t\t<div class=\"elementor-widget-container\">\n\t\t\t\t\t<div class=\"elementor-custom-embed\">\n\t\t\t<iframe loading=\"lazy\"\n\t\t\t\t\tsrc=\"https:\/\/maps.google.com\/maps?q=N%C3%B6rdliche%20Ringstra%C3%9Fe%209%2C%20Schwabach%2C%20Deutschland&#038;t=m&#038;z=17&#038;output=embed&#038;iwloc=near\"\n\t\t\t\t\ttitle=\"N\u00f6rdliche Ringstra\u00dfe 9, Schwabach, Deutschland\"\n\t\t\t\t\taria-label=\"N\u00f6rdliche Ringstra\u00dfe 9, Schwabach, Deutschland\"\n\t\t\t><\/iframe>\n\t\t<\/div>\n\t\t\t\t<\/div>\n\t\t\t\t<\/div>\n\t\t\t\t\t<\/div>\n\t\t<\/div>\n\t\t\t\t<div class=\"elementor-column elementor-col-33 elementor-top-column elementor-element elementor-element-f645137\" data-id=\"f645137\" data-element_type=\"column\">\n\t\t\t<div class=\"elementor-widget-wrap\">\n\t\t\t\t\t\t\t<\/div>\n\t\t<\/div>\n\t\t\t\t\t<\/div>\n\t\t<\/section>\n\t\t\t\t<\/div>\n\t\t","protected":false},"excerpt":{"rendered":"<div class=\"mh-excerpt\"><p>Sven Bach \u2013\u00a0 Hobbala \u2013 Fr\u00e4nkisch Frech!Sonntag, 28. Oktober 2018, 18.00 Uhr Schwabach &#8211;\u00a0Am Sonntag, den 28.10.2018, ist Sven Bach um 18.00 Uhr in der Galerie Gaswerk, N\u00f6rdliche Ringstra\u00dfe 9, Schwabach mit seinem Programm &#8222;Hobbala <a class=\"mh-excerpt-more\" href=\"https:\/\/www.region-schwabach.de\/wordpress\/sven-bach-hobbala-fraenkisch-frech-28-oktober-2018\/\" title=\"Sven Bach &#8211; Hobbala \u2013 Fr\u00e4nkisch Frech! &#8211; 28. Oktober 2018\">[&#8230;]<\/a><\/p>\n<\/div>","protected":false},"author":1,"featured_media":61470,"comment_status":"open","ping_status":"open","sticky":false,"template":"","format":"standard","meta":{"_cbd_carousel_blocks":"[]","footnotes":""},"categories":[16,287,231],"tags":[6149,4801,6531,785,19,6530],"class_list":{"0":"post-61469","1":"post","2":"type-post","3":"status-publish","4":"format-standard","5":"has-post-thumbnail","7":"category-aktuell","8":"category-jugend-und-familie","9":"category-veranstaltungsnews","10":"tag-28-10-2018","11":"tag-galerie-gaswerk","12":"tag-hobbala-fraenkisch-frech","13":"tag-noerdliche-ringstrasse","14":"tag-schwabach","15":"tag-sven-bach"},"_links":{"self":[{"href":"https:\/\/www.region-schwabach.de\/wordpress\/wp-json\/wp\/v2\/posts\/61469","targetHints":{"allow":["GET"]}}],"collection":[{"href":"https:\/\/www.region-schwabach.de\/wordpress\/wp-json\/wp\/v2\/posts"}],"about":[{"href":"https:\/\/www.region-schwabach.de\/wordpress\/wp-json\/wp\/v2\/types\/post"}],"author":[{"embeddable":true,"href":"https:\/\/www.region-schwabach.de\/wordpress\/wp-json\/wp\/v2\/users\/1"}],"replies":[{"embeddable":true,"href":"https:\/\/www.region-schwabach.de\/wordpress\/wp-json\/wp\/v2\/comments?post=61469"}],"version-history":[{"count":0,"href":"https:\/\/www.region-schwabach.de\/wordpress\/wp-json\/wp\/v2\/posts\/61469\/revisions"}],"wp:featuredmedia":[{"embeddable":true,"href":"https:\/\/www.region-schwabach.de\/wordpress\/wp-json\/wp\/v2\/media\/61470"}],"wp:attachment":[{"href":"https:\/\/www.region-schwabach.de\/wordpress\/wp-json\/wp\/v2\/media?parent=61469"}],"wp:term":[{"taxonomy":"category","embeddable":true,"href":"https:\/\/www.region-schwabach.de\/wordpress\/wp-json\/wp\/v2\/categories?post=61469"},{"taxonomy":"post_tag","embeddable":true,"href":"https:\/\/www.region-schwabach.de\/wordpress\/wp-json\/wp\/v2\/tags?post=61469"}],"curies":[{"name":"wp","href":"https:\/\/api.w.org\/{rel}","templated":true}]}}