{"id":61805,"date":"2018-10-25T00:04:57","date_gmt":"2018-10-24T22:04:57","guid":{"rendered":"http:\/\/www.region-schwabach.de\/wordpress\/?p=61805"},"modified":"2018-10-25T20:05:24","modified_gmt":"2018-10-25T18:05:24","slug":"vhs-kurs-halsketten-upcycling-am-25-10-2018","status":"publish","type":"post","link":"https:\/\/www.region-schwabach.de\/wordpress\/vhs-kurs-halsketten-upcycling-am-25-10-2018\/","title":{"rendered":"vhs-Kurs: Halsketten-Upcycling am 25.10.2018"},"content":{"rendered":"\t\t<div data-elementor-type=\"wp-post\" data-elementor-id=\"61805\" class=\"elementor elementor-61805 elementor-bc-flex-widget\">\n\t\t\t\t\t\t<section class=\"elementor-section elementor-top-section elementor-element elementor-element-678181b elementor-section-boxed elementor-section-height-default elementor-section-height-default\" data-id=\"678181b\" data-element_type=\"section\">\n\t\t\t\t\t\t<div class=\"elementor-container elementor-column-gap-default\">\n\t\t\t\t\t<div class=\"elementor-column elementor-col-66 elementor-top-column elementor-element elementor-element-6b34026\" data-id=\"6b34026\" data-element_type=\"column\">\n\t\t\t<div class=\"elementor-widget-wrap elementor-element-populated\">\n\t\t\t\t\t\t<div class=\"elementor-element elementor-element-443ab98 elementor-widget elementor-widget-text-editor\" data-id=\"443ab98\" data-element_type=\"widget\" data-widget_type=\"text-editor.default\">\n\t\t\t\t<div class=\"elementor-widget-container\">\n\t\t\t\t\t\t\t<h3>25. Oktober 2018 um 18.00 Uhr<br \/>vhs-Kurs: Halsketten-Upcycling<br \/>Gestalten Sie aus Ihren alten Ketten ein neues Lieblingsst\u00fcck<\/h3><p>Schwabach &#8211; Am Donnerstag, den 25.10.2018 findet um 18.00 Uhr im vhs-Medienraum der Volkshochschule Schwabach der Kurs &#8222;Halsketten-Upcycling&#8220; mit der Dozentin Elke Eltermann statt. Vorkenntnisse sind f\u00fcr diesen Kurs keine erforderlich. Die Geb\u00fchr betr\u00e4gt 27 Euro.<\/p><h3>Aus alt mach neu<\/h3><p>Sie haben alte, ausgediente oder kaputte Halsketten zuhause rumliegen? Bringen Sie diese doch mit in den Kurs, und gestalten Sie daraus neue &#8222;Lieblingsst\u00fccke. Sie k\u00f6nnen sie die alten Teile z.B. mit Glasperlen, Silberteilen, echten Perlen, Swarovski-Steinchen oder Halbedelsteinen verzieren, und den St\u00fccken so Ihre ganz pers\u00f6nliche Note verleihen.<\/p><p><strong>Information und Anmeldung:<\/strong> Volkshochschule Schwabach, Telefon:\u00a009122\/860-204 oder <a href=\"http:\/\/www.vhs.schwabach.de\" target=\"_blank\" rel=\"noopener\">www.vhs.schwabach.de<\/a><\/p><h3>Weiterf\u00fchrende Links:<\/h3><p><a href=\"https:\/\/www.vhs.schwabach.de\/\" target=\"_blank\" rel=\"noopener\">Zur Startseite der vhs Schwabach geht&#8217;s hier &#8230;<\/a><\/p><p><a href=\"https:\/\/www.vhs.schwabach.de\/programm\/kultur\/kurs\/Halsketten-Upcycling\/nr\/182-21001\/bereich\/details\/kat\/306\/#inhalt\" target=\"_blank\" rel=\"noopener\">Direkt zum Kurs der vhs geht es hier &#8230;<\/a><\/p><p><a href=\"http:\/\/www.elke-eltermann.de\/\" target=\"_blank\" rel=\"noopener\">Ein paar Anregungen finden Sie vorab auf der Webseite der Dozentin &#8230;\u00a0<\/a><\/p>\t\t\t\t\t\t<\/div>\n\t\t\t\t<\/div>\n\t\t\t\t<div class=\"elementor-element elementor-element-2e07568 elementor-widget-divider--view-line elementor-widget elementor-widget-divider\" data-id=\"2e07568\" data-element_type=\"widget\" data-widget_type=\"divider.default\">\n\t\t\t\t<div class=\"elementor-widget-container\">\n\t\t\t\t\t<div class=\"elementor-divider\">\n\t\t\t<span class=\"elementor-divider-separator\">\n\t\t\t\t\t\t<\/span>\n\t\t<\/div>\n\t\t\t\t<\/div>\n\t\t\t\t<\/div>\n\t\t\t\t<div class=\"elementor-element elementor-element-a6b86d7 elementor-widget elementor-widget-google_maps\" data-id=\"a6b86d7\" data-element_type=\"widget\" data-widget_type=\"google_maps.default\">\n\t\t\t\t<div class=\"elementor-widget-container\">\n\t\t\t\t\t<div class=\"elementor-custom-embed\">\n\t\t\t<iframe loading=\"lazy\"\n\t\t\t\t\tsrc=\"https:\/\/maps.google.com\/maps?q=K%C3%B6nigsplatz%2029a%2C%20Schwabach%2C%20Deutschland&#038;t=m&#038;z=17&#038;output=embed&#038;iwloc=near\"\n\t\t\t\t\ttitle=\"K\u00f6nigsplatz 29a, Schwabach, Deutschland\"\n\t\t\t\t\taria-label=\"K\u00f6nigsplatz 29a, Schwabach, Deutschland\"\n\t\t\t><\/iframe>\n\t\t<\/div>\n\t\t\t\t<\/div>\n\t\t\t\t<\/div>\n\t\t\t\t\t<\/div>\n\t\t<\/div>\n\t\t\t\t<div class=\"elementor-column elementor-col-33 elementor-top-column elementor-element elementor-element-f645137\" data-id=\"f645137\" data-element_type=\"column\">\n\t\t\t<div class=\"elementor-widget-wrap\">\n\t\t\t\t\t\t\t<\/div>\n\t\t<\/div>\n\t\t\t\t\t<\/div>\n\t\t<\/section>\n\t\t\t\t<\/div>\n\t\t","protected":false},"excerpt":{"rendered":"<div class=\"mh-excerpt\"><p>25. Oktober 2018 um 18.00 Uhrvhs-Kurs: Halsketten-UpcyclingGestalten Sie aus Ihren alten Ketten ein neues Lieblingsst\u00fcck Schwabach &#8211; Am Donnerstag, den 25.10.2018 findet um 18.00 Uhr im vhs-Medienraum der Volkshochschule Schwabach der Kurs &#8222;Halsketten-Upcycling&#8220; mit der <a class=\"mh-excerpt-more\" href=\"https:\/\/www.region-schwabach.de\/wordpress\/vhs-kurs-halsketten-upcycling-am-25-10-2018\/\" title=\"vhs-Kurs: Halsketten-Upcycling am 25.10.2018\">[&#8230;]<\/a><\/p>\n<\/div>","protected":false},"author":1,"featured_media":62232,"comment_status":"open","ping_status":"open","sticky":false,"template":"","format":"standard","meta":{"_cbd_carousel_blocks":"[]","footnotes":""},"categories":[16,1,287,4306,61,231],"tags":[6147,6541,6539,522,6540,5014,1480,19,1281,6175,73],"class_list":{"0":"post-61805","1":"post","2":"type-post","3":"status-publish","4":"format-standard","5":"has-post-thumbnail","7":"category-aktuell","8":"category-allgemein","9":"category-jugend-und-familie","10":"category-ratgeber","11":"category-rathaus","12":"category-veranstaltungsnews","13":"tag-25-10-2018","14":"tag-elke-eltermann","15":"tag-halsketten-upcycling","16":"tag-koenigsplatz","17":"tag-medienraum","18":"tag-oktober-2018","19":"tag-rathaus","20":"tag-schwabach","21":"tag-vhs","22":"tag-vhs-kurse","23":"tag-volkshochschule"},"_links":{"self":[{"href":"https:\/\/www.region-schwabach.de\/wordpress\/wp-json\/wp\/v2\/posts\/61805","targetHints":{"allow":["GET"]}}],"collection":[{"href":"https:\/\/www.region-schwabach.de\/wordpress\/wp-json\/wp\/v2\/posts"}],"about":[{"href":"https:\/\/www.region-schwabach.de\/wordpress\/wp-json\/wp\/v2\/types\/post"}],"author":[{"embeddable":true,"href":"https:\/\/www.region-schwabach.de\/wordpress\/wp-json\/wp\/v2\/users\/1"}],"replies":[{"embeddable":true,"href":"https:\/\/www.region-schwabach.de\/wordpress\/wp-json\/wp\/v2\/comments?post=61805"}],"version-history":[{"count":0,"href":"https:\/\/www.region-schwabach.de\/wordpress\/wp-json\/wp\/v2\/posts\/61805\/revisions"}],"wp:featuredmedia":[{"embeddable":true,"href":"https:\/\/www.region-schwabach.de\/wordpress\/wp-json\/wp\/v2\/media\/62232"}],"wp:attachment":[{"href":"https:\/\/www.region-schwabach.de\/wordpress\/wp-json\/wp\/v2\/media?parent=61805"}],"wp:term":[{"taxonomy":"category","embeddable":true,"href":"https:\/\/www.region-schwabach.de\/wordpress\/wp-json\/wp\/v2\/categories?post=61805"},{"taxonomy":"post_tag","embeddable":true,"href":"https:\/\/www.region-schwabach.de\/wordpress\/wp-json\/wp\/v2\/tags?post=61805"}],"curies":[{"name":"wp","href":"https:\/\/api.w.org\/{rel}","templated":true}]}}