{"id":61976,"date":"2018-10-23T12:15:01","date_gmt":"2018-10-23T10:15:01","guid":{"rendered":"http:\/\/www.region-schwabach.de\/wordpress\/?p=61976"},"modified":"2018-10-24T14:30:00","modified_gmt":"2018-10-24T12:30:00","slug":"unfall-wegen-kreislaufproblemen-in-hilpoltstein","status":"publish","type":"post","link":"https:\/\/www.region-schwabach.de\/wordpress\/unfall-wegen-kreislaufproblemen-in-hilpoltstein\/","title":{"rendered":"Unfall wegen Kreislaufproblemen in Hilpoltstein"},"content":{"rendered":"\t\t<div data-elementor-type=\"wp-post\" data-elementor-id=\"61976\" class=\"elementor elementor-61976 elementor-bc-flex-widget\">\n\t\t\t\t\t\t<section class=\"elementor-section elementor-top-section elementor-element elementor-element-1cuv9jr elementor-section-boxed elementor-section-height-default elementor-section-height-default\" data-id=\"1cuv9jr\" data-element_type=\"section\">\n\t\t\t\t\t\t<div class=\"elementor-container elementor-column-gap-default\">\n\t\t\t\t\t<div class=\"elementor-column elementor-col-66 elementor-top-column elementor-element elementor-element-q5zak7b\" data-id=\"q5zak7b\" data-element_type=\"column\">\n\t\t\t<div class=\"elementor-widget-wrap elementor-element-populated\">\n\t\t\t\t\t\t<div class=\"elementor-element elementor-element-763ecdd elementor-widget elementor-widget-text-editor\" data-id=\"763ecdd\" data-element_type=\"widget\" data-widget_type=\"text-editor.default\">\n\t\t\t\t<div class=\"elementor-widget-container\">\n\t\t\t\t\t\t\t<h3 class=\"story-headline\">Verkehrsunfall aufgrund von Kreislaufproblemen<\/h3><p><span style=\"font-size: 12pt;\">Hilpoltstein &#8211; Eine\u00a055-j\u00e4hrige VW-Fahrerin war am Montagnachmittag, den 22.10.2018, auf der Rother Stra\u00dfe in Hilpoltstein in stadteinw\u00e4rtiger Richtung unterwegs, als sie wegen Kreislaufproblemen die Kontrolle \u00fcber ihr Fahrzeug verlor, und seitlich mit einer entgegenkommenden 37-j\u00e4hrigen Ford-Fahrerin zusammenstie\u00df. An beiden PKW entstand Totalschaden, so da\u00df sich der Sachschaden auf ca. 13.000 Euro bel\u00e4uft, die VW-Fahrerin wurde leicht verletzt.<\/span><\/p>\t\t\t\t\t\t<\/div>\n\t\t\t\t<\/div>\n\t\t\t\t<div class=\"elementor-element elementor-element-ace1283 elementor-widget-divider--view-line elementor-widget elementor-widget-divider\" data-id=\"ace1283\" data-element_type=\"widget\" data-widget_type=\"divider.default\">\n\t\t\t\t<div class=\"elementor-widget-container\">\n\t\t\t\t\t<div class=\"elementor-divider\">\n\t\t\t<span class=\"elementor-divider-separator\">\n\t\t\t\t\t\t<\/span>\n\t\t<\/div>\n\t\t\t\t<\/div>\n\t\t\t\t<\/div>\n\t\t\t\t<div class=\"elementor-element elementor-element-1l7zbzo elementor-widget elementor-widget-google_maps\" data-id=\"1l7zbzo\" data-element_type=\"widget\" data-widget_type=\"google_maps.default\">\n\t\t\t\t<div class=\"elementor-widget-container\">\n\t\t\t\t\t<div class=\"elementor-custom-embed\">\n\t\t\t<iframe loading=\"lazy\"\n\t\t\t\t\tsrc=\"https:\/\/maps.google.com\/maps?q=Rother%20Stra%C3%9Fe%2C%20Hilpoltstein%2C%20Deutschland&#038;t=m&#038;z=17&#038;output=embed&#038;iwloc=near\"\n\t\t\t\t\ttitle=\"Rother Stra\u00dfe, Hilpoltstein, Deutschland\"\n\t\t\t\t\taria-label=\"Rother Stra\u00dfe, Hilpoltstein, Deutschland\"\n\t\t\t><\/iframe>\n\t\t<\/div>\n\t\t\t\t<\/div>\n\t\t\t\t<\/div>\n\t\t\t\t\t<\/div>\n\t\t<\/div>\n\t\t\t\t<div class=\"elementor-column elementor-col-33 elementor-top-column elementor-element elementor-element-0w0urt1\" data-id=\"0w0urt1\" data-element_type=\"column\">\n\t\t\t<div class=\"elementor-widget-wrap\">\n\t\t\t\t\t\t\t<\/div>\n\t\t<\/div>\n\t\t\t\t\t<\/div>\n\t\t<\/section>\n\t\t\t\t<\/div>\n\t\t","protected":false},"excerpt":{"rendered":"<div class=\"mh-excerpt\"><p>Verkehrsunfall aufgrund von Kreislaufproblemen Hilpoltstein &#8211; Eine\u00a055-j\u00e4hrige VW-Fahrerin war am Montagnachmittag, den 22.10.2018, auf der Rother Stra\u00dfe in Hilpoltstein in stadteinw\u00e4rtiger Richtung unterwegs, als sie wegen Kreislaufproblemen die Kontrolle \u00fcber ihr Fahrzeug verlor, und seitlich <a class=\"mh-excerpt-more\" href=\"https:\/\/www.region-schwabach.de\/wordpress\/unfall-wegen-kreislaufproblemen-in-hilpoltstein\/\" title=\"Unfall wegen Kreislaufproblemen in Hilpoltstein\">[&#8230;]<\/a><\/p>\n<\/div>","protected":false},"author":1,"featured_media":61977,"comment_status":"open","ping_status":"open","sticky":false,"template":"","format":"standard","meta":{"_cbd_carousel_blocks":"[]","footnotes":""},"categories":[15],"tags":[6144,1246,2065,297,6547,1375,981,170,401,713,1297,334,960],"class_list":{"0":"post-61976","1":"post","2":"type-post","3":"status-publish","4":"format-standard","5":"has-post-thumbnail","7":"category-polizeimeldungen","8":"tag-22-10-2018","9":"tag-ford","10":"tag-frau","11":"tag-hilpoltstein","12":"tag-kreislaufprobleme","13":"tag-leicht-verletzt","14":"tag-polizei","15":"tag-rother-strasse","16":"tag-sachschaden","17":"tag-schaden","18":"tag-totalschaden","19":"tag-unfall","20":"tag-vw"},"_links":{"self":[{"href":"https:\/\/www.region-schwabach.de\/wordpress\/wp-json\/wp\/v2\/posts\/61976","targetHints":{"allow":["GET"]}}],"collection":[{"href":"https:\/\/www.region-schwabach.de\/wordpress\/wp-json\/wp\/v2\/posts"}],"about":[{"href":"https:\/\/www.region-schwabach.de\/wordpress\/wp-json\/wp\/v2\/types\/post"}],"author":[{"embeddable":true,"href":"https:\/\/www.region-schwabach.de\/wordpress\/wp-json\/wp\/v2\/users\/1"}],"replies":[{"embeddable":true,"href":"https:\/\/www.region-schwabach.de\/wordpress\/wp-json\/wp\/v2\/comments?post=61976"}],"version-history":[{"count":0,"href":"https:\/\/www.region-schwabach.de\/wordpress\/wp-json\/wp\/v2\/posts\/61976\/revisions"}],"wp:featuredmedia":[{"embeddable":true,"href":"https:\/\/www.region-schwabach.de\/wordpress\/wp-json\/wp\/v2\/media\/61977"}],"wp:attachment":[{"href":"https:\/\/www.region-schwabach.de\/wordpress\/wp-json\/wp\/v2\/media?parent=61976"}],"wp:term":[{"taxonomy":"category","embeddable":true,"href":"https:\/\/www.region-schwabach.de\/wordpress\/wp-json\/wp\/v2\/categories?post=61976"},{"taxonomy":"post_tag","embeddable":true,"href":"https:\/\/www.region-schwabach.de\/wordpress\/wp-json\/wp\/v2\/tags?post=61976"}],"curies":[{"name":"wp","href":"https:\/\/api.w.org\/{rel}","templated":true}]}}