{"id":61980,"date":"2018-10-23T12:26:50","date_gmt":"2018-10-23T10:26:50","guid":{"rendered":"http:\/\/www.region-schwabach.de\/wordpress\/?p=61980"},"modified":"2018-10-24T14:29:39","modified_gmt":"2018-10-24T12:29:39","slug":"unfall-mit-einer-verletzten-person-in-hoettingen","status":"publish","type":"post","link":"https:\/\/www.region-schwabach.de\/wordpress\/unfall-mit-einer-verletzten-person-in-hoettingen\/","title":{"rendered":"Unfall mit einer verletzten Person in H\u00f6ttingen"},"content":{"rendered":"\t\t<div data-elementor-type=\"wp-post\" data-elementor-id=\"61980\" class=\"elementor elementor-61980 elementor-bc-flex-widget\">\n\t\t\t\t\t\t<section class=\"elementor-section elementor-top-section elementor-element elementor-element-1cuv9jr elementor-section-boxed elementor-section-height-default elementor-section-height-default\" data-id=\"1cuv9jr\" data-element_type=\"section\">\n\t\t\t\t\t\t<div class=\"elementor-container elementor-column-gap-default\">\n\t\t\t\t\t<div class=\"elementor-column elementor-col-66 elementor-top-column elementor-element elementor-element-q5zak7b\" data-id=\"q5zak7b\" data-element_type=\"column\">\n\t\t\t<div class=\"elementor-widget-wrap elementor-element-populated\">\n\t\t\t\t\t\t<div class=\"elementor-element elementor-element-763ecdd elementor-widget elementor-widget-text-editor\" data-id=\"763ecdd\" data-element_type=\"widget\" data-widget_type=\"text-editor.default\">\n\t\t\t\t<div class=\"elementor-widget-container\">\n\t\t\t\t\t\t\t<h3 class=\"story-headline\"><strong>Verkehrsunfall mit verletzter Person<\/strong><\/h3><p><span style=\"font-size: 12pt;\">H\u00f6ttingen &#8211; Eine\u00a018-j\u00e4hrige Pkw-Fahrerin war am Montagmorgen, den 22.10.2018, kurz nach 06:00 Uhr auf der Kreisstra\u00dfe von Fiegenstall in Richtung Pleinfeld unterwegs, als sie mit ihrem PKW im Kurvenbereich auf die Gegenfahrbahn geriet, und dort mit einem entgegenkommenden Lkw zusammenstie\u00df. <\/span><\/p><h3>Fahrerin leicht verletzt, 6.000 Euro Sachschaden<\/h3><p><span style=\"font-size: 12pt;\">An beiden Fahrzeugen entstand ein Gesamtschaden in H\u00f6he von ca. 6000 Euro,\u00a0 die 18-j\u00e4hrige PKW-Fahrerin wurde leicht verletzt ins Krankenhaus nach Wei\u00dfenburg gebracht. Bei der Unfallaufnahme stellten die Beamten fest, da\u00df die 18 J\u00e4hrige vor Fahrtantritt die Windschutzscheibe nicht richtig vom Eis befreit hatte, sondern lediglich eine Art \u201eGuckloch\u201c freigekratzt hatte. Diese Sichtbeeintr\u00e4chtigung d\u00fcrfte auch die Ursache gewesen sein, warum die Fahrerin auf die Gegenfahrbahn geriet.<\/span><\/p>\t\t\t\t\t\t<\/div>\n\t\t\t\t<\/div>\n\t\t\t\t<div class=\"elementor-element elementor-element-ace1283 elementor-widget-divider--view-line elementor-widget elementor-widget-divider\" data-id=\"ace1283\" data-element_type=\"widget\" data-widget_type=\"divider.default\">\n\t\t\t\t<div class=\"elementor-widget-container\">\n\t\t\t\t\t<div class=\"elementor-divider\">\n\t\t\t<span class=\"elementor-divider-separator\">\n\t\t\t\t\t\t<\/span>\n\t\t<\/div>\n\t\t\t\t<\/div>\n\t\t\t\t<\/div>\n\t\t\t\t<div class=\"elementor-element elementor-element-1l7zbzo elementor-widget elementor-widget-google_maps\" data-id=\"1l7zbzo\" data-element_type=\"widget\" data-widget_type=\"google_maps.default\">\n\t\t\t\t<div class=\"elementor-widget-container\">\n\t\t\t\t\t<div class=\"elementor-custom-embed\">\n\t\t\t<iframe loading=\"lazy\"\n\t\t\t\t\tsrc=\"https:\/\/maps.google.com\/maps?q=Fiegenstall%2C%20H%C3%B6ttingen%2C%20Deutschland&#038;t=m&#038;z=14&#038;output=embed&#038;iwloc=near\"\n\t\t\t\t\ttitle=\"Fiegenstall, H\u00f6ttingen, Deutschland\"\n\t\t\t\t\taria-label=\"Fiegenstall, H\u00f6ttingen, Deutschland\"\n\t\t\t><\/iframe>\n\t\t<\/div>\n\t\t\t\t<\/div>\n\t\t\t\t<\/div>\n\t\t\t\t\t<\/div>\n\t\t<\/div>\n\t\t\t\t<div class=\"elementor-column elementor-col-33 elementor-top-column elementor-element elementor-element-0w0urt1\" data-id=\"0w0urt1\" data-element_type=\"column\">\n\t\t\t<div class=\"elementor-widget-wrap\">\n\t\t\t\t\t\t\t<\/div>\n\t\t<\/div>\n\t\t\t\t\t<\/div>\n\t\t<\/section>\n\t\t\t\t<\/div>\n\t\t","protected":false},"excerpt":{"rendered":"<div class=\"mh-excerpt\"><p>Verkehrsunfall mit verletzter Person H\u00f6ttingen &#8211; Eine\u00a018-j\u00e4hrige Pkw-Fahrerin war am Montagmorgen, den 22.10.2018, kurz nach 06:00 Uhr auf der Kreisstra\u00dfe von Fiegenstall in Richtung Pleinfeld unterwegs, als sie mit ihrem PKW im Kurvenbereich auf die <a class=\"mh-excerpt-more\" href=\"https:\/\/www.region-schwabach.de\/wordpress\/unfall-mit-einer-verletzten-person-in-hoettingen\/\" title=\"Unfall mit einer verletzten Person in H\u00f6ttingen\">[&#8230;]<\/a><\/p>\n<\/div>","protected":false},"author":1,"featured_media":61981,"comment_status":"open","ping_status":"open","sticky":false,"template":"","format":"standard","meta":{"_cbd_carousel_blocks":"[]","footnotes":""},"categories":[15],"tags":[6144,1559,2065,1195,1856,1375,261,820,981,2103,401,713,334,249],"class_list":{"0":"post-61980","1":"post","2":"type-post","3":"status-publish","4":"format-standard","5":"has-post-thumbnail","7":"category-polizeimeldungen","8":"tag-22-10-2018","9":"tag-fiegenstall","10":"tag-frau","11":"tag-hoettingen","12":"tag-krankenhaus","13":"tag-leicht-verletzt","14":"tag-lkw","15":"tag-pleinfeld","16":"tag-polizei","17":"tag-rettungsdienst","18":"tag-sachschaden","19":"tag-schaden","20":"tag-unfall","21":"tag-weissenburg"},"_links":{"self":[{"href":"https:\/\/www.region-schwabach.de\/wordpress\/wp-json\/wp\/v2\/posts\/61980","targetHints":{"allow":["GET"]}}],"collection":[{"href":"https:\/\/www.region-schwabach.de\/wordpress\/wp-json\/wp\/v2\/posts"}],"about":[{"href":"https:\/\/www.region-schwabach.de\/wordpress\/wp-json\/wp\/v2\/types\/post"}],"author":[{"embeddable":true,"href":"https:\/\/www.region-schwabach.de\/wordpress\/wp-json\/wp\/v2\/users\/1"}],"replies":[{"embeddable":true,"href":"https:\/\/www.region-schwabach.de\/wordpress\/wp-json\/wp\/v2\/comments?post=61980"}],"version-history":[{"count":0,"href":"https:\/\/www.region-schwabach.de\/wordpress\/wp-json\/wp\/v2\/posts\/61980\/revisions"}],"wp:featuredmedia":[{"embeddable":true,"href":"https:\/\/www.region-schwabach.de\/wordpress\/wp-json\/wp\/v2\/media\/61981"}],"wp:attachment":[{"href":"https:\/\/www.region-schwabach.de\/wordpress\/wp-json\/wp\/v2\/media?parent=61980"}],"wp:term":[{"taxonomy":"category","embeddable":true,"href":"https:\/\/www.region-schwabach.de\/wordpress\/wp-json\/wp\/v2\/categories?post=61980"},{"taxonomy":"post_tag","embeddable":true,"href":"https:\/\/www.region-schwabach.de\/wordpress\/wp-json\/wp\/v2\/tags?post=61980"}],"curies":[{"name":"wp","href":"https:\/\/api.w.org\/{rel}","templated":true}]}}