{"id":61989,"date":"2018-10-23T12:52:50","date_gmt":"2018-10-23T10:52:50","guid":{"rendered":"http:\/\/www.region-schwabach.de\/wordpress\/?p=61989"},"modified":"2018-10-24T14:27:24","modified_gmt":"2018-10-24T12:27:24","slug":"unfall-mit-fahrerflucht-auf-der-b2-bei-weissenburg-sued","status":"publish","type":"post","link":"https:\/\/www.region-schwabach.de\/wordpress\/unfall-mit-fahrerflucht-auf-der-b2-bei-weissenburg-sued\/","title":{"rendered":"Unfall mit Fahrerflucht auf der B2 bei Wei\u00dfenburg-S\u00fcd"},"content":{"rendered":"\t\t<div data-elementor-type=\"wp-post\" data-elementor-id=\"61989\" class=\"elementor elementor-61989 elementor-bc-flex-widget\">\n\t\t\t\t\t\t<section class=\"elementor-section elementor-top-section elementor-element elementor-element-1cuv9jr elementor-section-boxed elementor-section-height-default elementor-section-height-default\" data-id=\"1cuv9jr\" data-element_type=\"section\">\n\t\t\t\t\t\t<div class=\"elementor-container elementor-column-gap-default\">\n\t\t\t\t\t<div class=\"elementor-column elementor-col-66 elementor-top-column elementor-element elementor-element-q5zak7b\" data-id=\"q5zak7b\" data-element_type=\"column\">\n\t\t\t<div class=\"elementor-widget-wrap elementor-element-populated\">\n\t\t\t\t\t\t<div class=\"elementor-element elementor-element-763ecdd elementor-widget elementor-widget-text-editor\" data-id=\"763ecdd\" data-element_type=\"widget\" data-widget_type=\"text-editor.default\">\n\t\t\t\t<div class=\"elementor-widget-container\">\n\t\t\t\t\t\t\t<h3 class=\"story-headline\"><strong>Unfall mit Fahrerflucht auf der B2<\/strong><\/h3><p><span style=\"font-size: 12pt;\">Wei\u00dfenburg &#8211;\u00a0In der Zeit zwischen Freitag, den 19.10.2018 (10.00 Uhr), und Montag, den 22.10.2018 (08.00 Uhr), wollte ein bisher Unbekannter (vermutlich der Fahrer eines 3er BMW, Typ: E 46, Baujahr 2000 &#8211; 2004) mit seinem PKW von Wei\u00dfenburg kommend auf die Bundesstra\u00dfe 2 (H\u00f6he Wei\u00dfenburg-S\u00fcd) auffahren, und besch\u00e4digte dabei eine Warnbake und einen Leitpfosten, so da\u00df ein Schaden in H\u00f6he von ca. 300 Euro entstanden ist. Anschlie\u00dfend fuhr der PKW-Fahrer einfach weiter, ohne sich um den entstandenen Schaden zu k\u00fcmmern.<\/span><\/p><h3>Polizei bittet um Mithilfe<\/h3><p><span style=\"font-size: 12pt;\">Personen, die verd\u00e4chtige Beobachtungen gemacht haben, werden gebeten, diese der Polizei in Wei\u00dfenburg unter der Rufnummer 09141-8687-0 mitzuteilen.<\/span><\/p>\t\t\t\t\t\t<\/div>\n\t\t\t\t<\/div>\n\t\t\t\t<div class=\"elementor-element elementor-element-ace1283 elementor-widget-divider--view-line elementor-widget elementor-widget-divider\" data-id=\"ace1283\" data-element_type=\"widget\" data-widget_type=\"divider.default\">\n\t\t\t\t<div class=\"elementor-widget-container\">\n\t\t\t\t\t<div class=\"elementor-divider\">\n\t\t\t<span class=\"elementor-divider-separator\">\n\t\t\t\t\t\t<\/span>\n\t\t<\/div>\n\t\t\t\t<\/div>\n\t\t\t\t<\/div>\n\t\t\t\t<div class=\"elementor-element elementor-element-1l7zbzo elementor-widget elementor-widget-google_maps\" data-id=\"1l7zbzo\" data-element_type=\"widget\" data-widget_type=\"google_maps.default\">\n\t\t\t\t<div class=\"elementor-widget-container\">\n\t\t\t\t\t<div class=\"elementor-custom-embed\">\n\t\t\t<iframe loading=\"lazy\"\n\t\t\t\t\tsrc=\"https:\/\/maps.google.com\/maps?q=49.016234%2C%2010.961502&#038;t=m&#038;z=15&#038;output=embed&#038;iwloc=near\"\n\t\t\t\t\ttitle=\"49.016234, 10.961502\"\n\t\t\t\t\taria-label=\"49.016234, 10.961502\"\n\t\t\t><\/iframe>\n\t\t<\/div>\n\t\t\t\t<\/div>\n\t\t\t\t<\/div>\n\t\t\t\t\t<\/div>\n\t\t<\/div>\n\t\t\t\t<div class=\"elementor-column elementor-col-33 elementor-top-column elementor-element elementor-element-0w0urt1\" data-id=\"0w0urt1\" data-element_type=\"column\">\n\t\t\t<div class=\"elementor-widget-wrap\">\n\t\t\t\t\t\t\t<\/div>\n\t\t<\/div>\n\t\t\t\t\t<\/div>\n\t\t<\/section>\n\t\t\t\t<\/div>\n\t\t","protected":false},"excerpt":{"rendered":"<div class=\"mh-excerpt\"><p>Unfall mit Fahrerflucht auf der B2 Wei\u00dfenburg &#8211;\u00a0In der Zeit zwischen Freitag, den 19.10.2018 (10.00 Uhr), und Montag, den 22.10.2018 (08.00 Uhr), wollte ein bisher Unbekannter (vermutlich der Fahrer eines 3er BMW, Typ: E 46, <a class=\"mh-excerpt-more\" href=\"https:\/\/www.region-schwabach.de\/wordpress\/unfall-mit-fahrerflucht-auf-der-b2-bei-weissenburg-sued\/\" title=\"Unfall mit Fahrerflucht auf der B2 bei Wei\u00dfenburg-S\u00fcd\">[&#8230;]<\/a><\/p>\n<\/div>","protected":false},"author":1,"featured_media":61990,"comment_status":"open","ping_status":"open","sticky":false,"template":"","format":"standard","meta":{"_cbd_carousel_blocks":"[]","footnotes":""},"categories":[15],"tags":[6143,5816,5817,6144,429,454,6450,463,981,401,713,457,1386,249,600],"class_list":{"0":"post-61989","1":"post","2":"type-post","3":"status-publish","4":"format-standard","5":"has-post-thumbnail","7":"category-polizeimeldungen","8":"tag-19-10-2018","9":"tag-20-10-2018","10":"tag-21-10-2018","11":"tag-22-10-2018","12":"tag-b2","13":"tag-fahrerflucht","14":"tag-leitpfosten","15":"tag-pkw","16":"tag-polizei","17":"tag-sachschaden","18":"tag-schaden","19":"tag-unfallflucht","20":"tag-warnbake","21":"tag-weissenburg","22":"tag-weissenburg-sued"},"_links":{"self":[{"href":"https:\/\/www.region-schwabach.de\/wordpress\/wp-json\/wp\/v2\/posts\/61989","targetHints":{"allow":["GET"]}}],"collection":[{"href":"https:\/\/www.region-schwabach.de\/wordpress\/wp-json\/wp\/v2\/posts"}],"about":[{"href":"https:\/\/www.region-schwabach.de\/wordpress\/wp-json\/wp\/v2\/types\/post"}],"author":[{"embeddable":true,"href":"https:\/\/www.region-schwabach.de\/wordpress\/wp-json\/wp\/v2\/users\/1"}],"replies":[{"embeddable":true,"href":"https:\/\/www.region-schwabach.de\/wordpress\/wp-json\/wp\/v2\/comments?post=61989"}],"version-history":[{"count":0,"href":"https:\/\/www.region-schwabach.de\/wordpress\/wp-json\/wp\/v2\/posts\/61989\/revisions"}],"wp:featuredmedia":[{"embeddable":true,"href":"https:\/\/www.region-schwabach.de\/wordpress\/wp-json\/wp\/v2\/media\/61990"}],"wp:attachment":[{"href":"https:\/\/www.region-schwabach.de\/wordpress\/wp-json\/wp\/v2\/media?parent=61989"}],"wp:term":[{"taxonomy":"category","embeddable":true,"href":"https:\/\/www.region-schwabach.de\/wordpress\/wp-json\/wp\/v2\/categories?post=61989"},{"taxonomy":"post_tag","embeddable":true,"href":"https:\/\/www.region-schwabach.de\/wordpress\/wp-json\/wp\/v2\/tags?post=61989"}],"curies":[{"name":"wp","href":"https:\/\/api.w.org\/{rel}","templated":true}]}}