{"id":62033,"date":"2018-10-26T00:04:24","date_gmt":"2018-10-25T22:04:24","guid":{"rendered":"http:\/\/www.region-schwabach.de\/wordpress\/?p=62033"},"modified":"2018-10-26T13:33:56","modified_gmt":"2018-10-26T11:33:56","slug":"oeffentliche-sitzung-des-stadtrats-am-26-oktober-2018","status":"publish","type":"post","link":"https:\/\/www.region-schwabach.de\/wordpress\/oeffentliche-sitzung-des-stadtrats-am-26-oktober-2018\/","title":{"rendered":"\u00d6ffentliche Sitzung des Stadtrats am 26. Oktober 2018"},"content":{"rendered":"\t\t<div data-elementor-type=\"wp-post\" data-elementor-id=\"62033\" class=\"elementor elementor-62033 elementor-bc-flex-widget\">\n\t\t\t\t\t\t<section class=\"elementor-section elementor-top-section elementor-element elementor-element-678181b elementor-section-boxed elementor-section-height-default elementor-section-height-default\" data-id=\"678181b\" data-element_type=\"section\">\n\t\t\t\t\t\t<div class=\"elementor-container elementor-column-gap-default\">\n\t\t\t\t\t<div class=\"elementor-column elementor-col-66 elementor-top-column elementor-element elementor-element-6b34026\" data-id=\"6b34026\" data-element_type=\"column\">\n\t\t\t<div class=\"elementor-widget-wrap elementor-element-populated\">\n\t\t\t\t\t\t<div class=\"elementor-element elementor-element-443ab98 elementor-widget elementor-widget-text-editor\" data-id=\"443ab98\" data-element_type=\"widget\" data-widget_type=\"text-editor.default\">\n\t\t\t\t<div class=\"elementor-widget-container\">\n\t\t\t\t\t\t\t<h3>\u00d6ffentliche Sitzung des Stadtrats<\/h3><p>Am Freitag, den 26.10.2018, findet im Sitzungssaal des B\u00fcrgerhauses, K\u00f6nigsplatz 33 a, I. OG um 16.00 Uhr die\u00a0\u00f6ffentliche Sitzung des Stadtrats mit foldender\u00a0Tagesordnung statt:<\/p><ol><li><p>Unternehmensgr\u00fcnderzentrum SCHWUNG GmbH; Jahresbericht 2017, Feststellung des Jahresergebnisses und Entlastung der Gesch\u00e4ftsf\u00fchrung<\/p><\/li><li><p>&#8222;2030 &#8211; Agenda f\u00fcr Nachhaltige Entwicklung: Nachhaltigkeit auf kommunaler Ebene gestalten&#8220; &#8211; Unters\u00fctzung der Resolution des RGRE<\/p><\/li><li><p>Abfallwirtschaft; Abfallbericht 2017<\/p><\/li><li><p>Abfallwirtschaft; K\u00fcnftige Erfassung der Verpackungsabf\u00e4lle in Schwabach<\/p><\/li><li><p>Bestellung von Mitgliedern des Gutachterausschusses<\/p><\/li><\/ol>\t\t\t\t\t\t<\/div>\n\t\t\t\t<\/div>\n\t\t\t\t<div class=\"elementor-element elementor-element-21c3450 elementor-widget-divider--view-line elementor-widget elementor-widget-divider\" data-id=\"21c3450\" data-element_type=\"widget\" data-widget_type=\"divider.default\">\n\t\t\t\t<div class=\"elementor-widget-container\">\n\t\t\t\t\t<div class=\"elementor-divider\">\n\t\t\t<span class=\"elementor-divider-separator\">\n\t\t\t\t\t\t<\/span>\n\t\t<\/div>\n\t\t\t\t<\/div>\n\t\t\t\t<\/div>\n\t\t\t\t<div class=\"elementor-element elementor-element-f4c690c elementor-widget elementor-widget-google_maps\" data-id=\"f4c690c\" data-element_type=\"widget\" data-widget_type=\"google_maps.default\">\n\t\t\t\t<div class=\"elementor-widget-container\">\n\t\t\t\t\t<div class=\"elementor-custom-embed\">\n\t\t\t<iframe loading=\"lazy\"\n\t\t\t\t\tsrc=\"https:\/\/maps.google.com\/maps?q=K%C3%B6nigsplatz%2033a%2C%20Schwabach%2C%20Deutschland&#038;t=m&#038;z=17&#038;output=embed&#038;iwloc=near\"\n\t\t\t\t\ttitle=\"K\u00f6nigsplatz 33a, Schwabach, Deutschland\"\n\t\t\t\t\taria-label=\"K\u00f6nigsplatz 33a, Schwabach, Deutschland\"\n\t\t\t><\/iframe>\n\t\t<\/div>\n\t\t\t\t<\/div>\n\t\t\t\t<\/div>\n\t\t\t\t\t<\/div>\n\t\t<\/div>\n\t\t\t\t<div class=\"elementor-column elementor-col-33 elementor-top-column elementor-element elementor-element-f645137\" data-id=\"f645137\" data-element_type=\"column\">\n\t\t\t<div class=\"elementor-widget-wrap\">\n\t\t\t\t\t\t\t<\/div>\n\t\t<\/div>\n\t\t\t\t\t<\/div>\n\t\t<\/section>\n\t\t\t\t<\/div>\n\t\t","protected":false},"excerpt":{"rendered":"<div class=\"mh-excerpt\"><p>\u201epowered by TARIFCHECK24 GmbH\u201c \u00d6ffentliche Sitzung des Stadtrats Am Freitag, den 26.10.2018, findet im Sitzungssaal des B\u00fcrgerhauses, K\u00f6nigsplatz 33 a, I. OG um 16.00 Uhr die\u00a0\u00f6ffentliche Sitzung des Stadtrats mit foldender\u00a0Tagesordnung statt: Unternehmensgr\u00fcnderzentrum SCHWUNG GmbH; <a class=\"mh-excerpt-more\" href=\"https:\/\/www.region-schwabach.de\/wordpress\/oeffentliche-sitzung-des-stadtrats-am-26-oktober-2018\/\" title=\"\u00d6ffentliche Sitzung des Stadtrats am 26. Oktober 2018\">[&#8230;]<\/a><\/p>\n<\/div>","protected":false},"author":1,"featured_media":39357,"comment_status":"open","ping_status":"open","sticky":false,"template":"","format":"standard","meta":{"_cbd_carousel_blocks":"[]","footnotes":""},"categories":[16,79,61],"tags":[6148,3604,3959,3960,1480,19,3605],"class_list":{"0":"post-62033","1":"post","2":"type-post","3":"status-publish","4":"format-standard","5":"has-post-thumbnail","7":"category-aktuell","8":"category-politik","9":"category-rathaus","10":"tag-26-10-2018","11":"tag-buergerhaus","12":"tag-koenigsplatz-33-a","13":"tag-oeffentliche-sitzung-des-stadtrats","14":"tag-rathaus","15":"tag-schwabach","16":"tag-sitzungsaal"},"_links":{"self":[{"href":"https:\/\/www.region-schwabach.de\/wordpress\/wp-json\/wp\/v2\/posts\/62033","targetHints":{"allow":["GET"]}}],"collection":[{"href":"https:\/\/www.region-schwabach.de\/wordpress\/wp-json\/wp\/v2\/posts"}],"about":[{"href":"https:\/\/www.region-schwabach.de\/wordpress\/wp-json\/wp\/v2\/types\/post"}],"author":[{"embeddable":true,"href":"https:\/\/www.region-schwabach.de\/wordpress\/wp-json\/wp\/v2\/users\/1"}],"replies":[{"embeddable":true,"href":"https:\/\/www.region-schwabach.de\/wordpress\/wp-json\/wp\/v2\/comments?post=62033"}],"version-history":[{"count":0,"href":"https:\/\/www.region-schwabach.de\/wordpress\/wp-json\/wp\/v2\/posts\/62033\/revisions"}],"wp:featuredmedia":[{"embeddable":true,"href":"https:\/\/www.region-schwabach.de\/wordpress\/wp-json\/wp\/v2\/media\/39357"}],"wp:attachment":[{"href":"https:\/\/www.region-schwabach.de\/wordpress\/wp-json\/wp\/v2\/media?parent=62033"}],"wp:term":[{"taxonomy":"category","embeddable":true,"href":"https:\/\/www.region-schwabach.de\/wordpress\/wp-json\/wp\/v2\/categories?post=62033"},{"taxonomy":"post_tag","embeddable":true,"href":"https:\/\/www.region-schwabach.de\/wordpress\/wp-json\/wp\/v2\/tags?post=62033"}],"curies":[{"name":"wp","href":"https:\/\/api.w.org\/{rel}","templated":true}]}}