{"id":62328,"date":"2018-10-25T19:48:10","date_gmt":"2018-10-25T17:48:10","guid":{"rendered":"http:\/\/www.region-schwabach.de\/wordpress\/?p=62328"},"modified":"2018-10-26T09:34:16","modified_gmt":"2018-10-26T07:34:16","slug":"unfall-bei-pleinfeld-hat-weitere-unfaelle-zur-folge","status":"publish","type":"post","link":"https:\/\/www.region-schwabach.de\/wordpress\/unfall-bei-pleinfeld-hat-weitere-unfaelle-zur-folge\/","title":{"rendered":"Unfall bei Pleinfeld hat weitere Unf\u00e4lle zur Folge"},"content":{"rendered":"\t\t<div data-elementor-type=\"wp-post\" data-elementor-id=\"62328\" class=\"elementor elementor-62328 elementor-bc-flex-widget\">\n\t\t\t\t\t\t<section class=\"elementor-section elementor-top-section elementor-element elementor-element-1cuv9jr elementor-section-boxed elementor-section-height-default elementor-section-height-default\" data-id=\"1cuv9jr\" data-element_type=\"section\">\n\t\t\t\t\t\t<div class=\"elementor-container elementor-column-gap-default\">\n\t\t\t\t\t<div class=\"elementor-column elementor-col-66 elementor-top-column elementor-element elementor-element-q5zak7b\" data-id=\"q5zak7b\" data-element_type=\"column\">\n\t\t\t<div class=\"elementor-widget-wrap elementor-element-populated\">\n\t\t\t\t\t\t<div class=\"elementor-element elementor-element-763ecdd elementor-widget elementor-widget-text-editor\" data-id=\"763ecdd\" data-element_type=\"widget\" data-widget_type=\"text-editor.default\">\n\t\t\t\t<div class=\"elementor-widget-container\">\n\t\t\t\t\t\t\t<h3>Drei Verkehrsunf\u00e4lle auf der B2<\/h3><p><span style=\"font-size: 12pt;\">Pleinfeld &#8211; Am Donnerstagmorgen, den 25.10.2018, kam es wegen eines Verkehrsunfalles zwischen zwei Sattelz\u00fcgen auf der Bundesstra\u00dfe 2, auf H\u00f6he der Abzweigung nach Ottmarsfeld, zu zwei weiteren Auffahrunf\u00e4llen mit insgesamt f\u00fcnf PKW, sechs Verletzten und einem Gesamtsachschaden in H\u00f6he von ca. 30. 000 Euro.<\/span><\/p><h3>Ausl\u00f6ser waren zwei Sattelz\u00fcge<\/h3><p><span style=\"font-size: 12pt;\">Zun\u00e4chst kam es um kurz vor 07.00 Uhr zu einer seitlichen Ber\u00fchrung von zwei in Richtung Wei\u00dfenburg fahrenden LKW, in dessen Folge die Fahrbahn durch die beteiligten Fahrzeuge vor\u00fcbergehend blockiert war, und so zu einer erheblichen Verkehrsbeeintr\u00e4chtigung f\u00fchrte.<\/span><\/p><h3>18 J\u00e4hriger erkennt Situation zu sp\u00e4t<\/h3><p><span style=\"font-size: 12pt;\">Ein ebenfalls in Richtung Wei\u00dfenburg fahrender 18-j\u00e4hriger PKW-Fahrer erkannte die Situation jedoch zu sp\u00e4t und schob zwei bereits stehende PKW aufeinander, wobei die f\u00fcnf Insassen in diesen Fahrzeugen alle leicht verletzt wurden, und zwei von ihnen vorsorglich ins Krankenhaus nach Wei\u00dfenburg gebracht wurden.<\/span><\/p><h3>Auch 19 J\u00e4hriger reagiert nicht rechtzeitig<\/h3><p><span style=\"font-size: 12pt;\">Kurze Zeit sp\u00e4ter kam es unmittelbar dahinter zu einem weiteren Auffahrunfall, bei dem eine 19-j\u00e4hrige PKW-Fahrerin auf den stehenden Pkw eines 18 J\u00e4hrigen auff\u00fchrt, der dabei ebenfalls leicht verletzt wurde.<\/span><\/p><p><span style=\"font-size: 12pt;\">Drei der unfallbeteiligten PKW waren danach nicht mehr fahrbereit, und mu\u00dften durch Abschleppdienste abtransportiert werden.<\/span><\/p>\t\t\t\t\t\t<\/div>\n\t\t\t\t<\/div>\n\t\t\t\t<div class=\"elementor-element elementor-element-ace1283 elementor-widget-divider--view-line elementor-widget elementor-widget-divider\" data-id=\"ace1283\" data-element_type=\"widget\" data-widget_type=\"divider.default\">\n\t\t\t\t<div class=\"elementor-widget-container\">\n\t\t\t\t\t<div class=\"elementor-divider\">\n\t\t\t<span class=\"elementor-divider-separator\">\n\t\t\t\t\t\t<\/span>\n\t\t<\/div>\n\t\t\t\t<\/div>\n\t\t\t\t<\/div>\n\t\t\t\t<div class=\"elementor-element elementor-element-1l7zbzo elementor-widget elementor-widget-google_maps\" data-id=\"1l7zbzo\" data-element_type=\"widget\" data-widget_type=\"google_maps.default\">\n\t\t\t\t<div class=\"elementor-widget-container\">\n\t\t\t\t\t<div class=\"elementor-custom-embed\">\n\t\t\t<iframe loading=\"lazy\"\n\t\t\t\t\tsrc=\"https:\/\/maps.google.com\/maps?q=Ottmarsfeld%2C%20H%C3%B6ttingen%2C%20Deutschland&#038;t=m&#038;z=14&#038;output=embed&#038;iwloc=near\"\n\t\t\t\t\ttitle=\"Ottmarsfeld, H\u00f6ttingen, Deutschland\"\n\t\t\t\t\taria-label=\"Ottmarsfeld, H\u00f6ttingen, Deutschland\"\n\t\t\t><\/iframe>\n\t\t<\/div>\n\t\t\t\t<\/div>\n\t\t\t\t<\/div>\n\t\t\t\t\t<\/div>\n\t\t<\/div>\n\t\t\t\t<div class=\"elementor-column elementor-col-33 elementor-top-column elementor-element elementor-element-0w0urt1\" data-id=\"0w0urt1\" data-element_type=\"column\">\n\t\t\t<div class=\"elementor-widget-wrap\">\n\t\t\t\t\t\t\t<\/div>\n\t\t<\/div>\n\t\t\t\t\t<\/div>\n\t\t<\/section>\n\t\t\t\t<\/div>\n\t\t","protected":false},"excerpt":{"rendered":"<div class=\"mh-excerpt\"><p>Drei Verkehrsunf\u00e4lle auf der B2 Pleinfeld &#8211; Am Donnerstagmorgen, den 25.10.2018, kam es wegen eines Verkehrsunfalles zwischen zwei Sattelz\u00fcgen auf der Bundesstra\u00dfe 2, auf H\u00f6he der Abzweigung nach Ottmarsfeld, zu zwei weiteren Auffahrunf\u00e4llen mit insgesamt <a class=\"mh-excerpt-more\" href=\"https:\/\/www.region-schwabach.de\/wordpress\/unfall-bei-pleinfeld-hat-weitere-unfaelle-zur-folge\/\" title=\"Unfall bei Pleinfeld hat weitere Unf\u00e4lle zur Folge\">[&#8230;]<\/a><\/p>\n<\/div>","protected":false},"author":1,"featured_media":62329,"comment_status":"open","ping_status":"open","sticky":false,"template":"","format":"standard","meta":{"_cbd_carousel_blocks":"[]","footnotes":""},"categories":[15],"tags":[6147,2396,540,429,1856,3743,6578,463,820,401,6577,713,2265,249],"class_list":{"0":"post-62328","1":"post","2":"type-post","3":"status-publish","4":"format-standard","5":"has-post-thumbnail","7":"category-polizeimeldungen","8":"tag-25-10-2018","9":"tag-abzweigung","10":"tag-auffahrunfall","11":"tag-b2","12":"tag-krankenhaus","13":"tag-leicht-verletzte","14":"tag-ottmarsfeld","15":"tag-pkw","16":"tag-pleinfeld","17":"tag-sachschaden","18":"tag-sattelzuege","19":"tag-schaden","20":"tag-unfaelle","21":"tag-weissenburg"},"_links":{"self":[{"href":"https:\/\/www.region-schwabach.de\/wordpress\/wp-json\/wp\/v2\/posts\/62328","targetHints":{"allow":["GET"]}}],"collection":[{"href":"https:\/\/www.region-schwabach.de\/wordpress\/wp-json\/wp\/v2\/posts"}],"about":[{"href":"https:\/\/www.region-schwabach.de\/wordpress\/wp-json\/wp\/v2\/types\/post"}],"author":[{"embeddable":true,"href":"https:\/\/www.region-schwabach.de\/wordpress\/wp-json\/wp\/v2\/users\/1"}],"replies":[{"embeddable":true,"href":"https:\/\/www.region-schwabach.de\/wordpress\/wp-json\/wp\/v2\/comments?post=62328"}],"version-history":[{"count":0,"href":"https:\/\/www.region-schwabach.de\/wordpress\/wp-json\/wp\/v2\/posts\/62328\/revisions"}],"wp:featuredmedia":[{"embeddable":true,"href":"https:\/\/www.region-schwabach.de\/wordpress\/wp-json\/wp\/v2\/media\/62329"}],"wp:attachment":[{"href":"https:\/\/www.region-schwabach.de\/wordpress\/wp-json\/wp\/v2\/media?parent=62328"}],"wp:term":[{"taxonomy":"category","embeddable":true,"href":"https:\/\/www.region-schwabach.de\/wordpress\/wp-json\/wp\/v2\/categories?post=62328"},{"taxonomy":"post_tag","embeddable":true,"href":"https:\/\/www.region-schwabach.de\/wordpress\/wp-json\/wp\/v2\/tags?post=62328"}],"curies":[{"name":"wp","href":"https:\/\/api.w.org\/{rel}","templated":true}]}}