{"id":62374,"date":"2018-10-30T00:05:40","date_gmt":"2018-10-29T23:05:40","guid":{"rendered":"http:\/\/www.region-schwabach.de\/wordpress\/?p=62374"},"modified":"2018-10-29T22:51:51","modified_gmt":"2018-10-29T21:51:51","slug":"infoveranstaltung-wie-wird-man-familienpate","status":"publish","type":"post","link":"https:\/\/www.region-schwabach.de\/wordpress\/infoveranstaltung-wie-wird-man-familienpate\/","title":{"rendered":"Infoveranstaltung: Wie wird man Familienpate?"},"content":{"rendered":"\t\t<div data-elementor-type=\"wp-post\" data-elementor-id=\"62374\" class=\"elementor elementor-62374 elementor-bc-flex-widget\">\n\t\t\t\t\t\t<section class=\"elementor-section elementor-top-section elementor-element elementor-element-678181b elementor-section-boxed elementor-section-height-default elementor-section-height-default\" data-id=\"678181b\" data-element_type=\"section\">\n\t\t\t\t\t\t<div class=\"elementor-container elementor-column-gap-default\">\n\t\t\t\t\t<div class=\"elementor-column elementor-col-66 elementor-top-column elementor-element elementor-element-6b34026\" data-id=\"6b34026\" data-element_type=\"column\">\n\t\t\t<div class=\"elementor-widget-wrap elementor-element-populated\">\n\t\t\t\t\t\t<div class=\"elementor-element elementor-element-443ab98 elementor-widget elementor-widget-text-editor\" data-id=\"443ab98\" data-element_type=\"widget\" data-widget_type=\"text-editor.default\">\n\t\t\t\t<div class=\"elementor-widget-container\">\n\t\t\t\t\t\t\t<h3>Wie wird man Familienpate?<br \/>Infoveranstaltung am Dienstag, den 30. Oktober, um 19.00 Uhr<\/h3><p>Schwabach &#8211; Seit \u00fcber f\u00fcnf Jahren l\u00e4uft das Projekt \u201eFamilienpaten f\u00fcr Schwabach\u201c im\u00a0K\u00e4nguruh-Familienzentrum. \u201eEs hat sich in dieser Zeit als ambulante Hilfe f\u00fcr\u00a0Familien bew\u00e4hrt\u201c, so Barbara Steinhauser von der Kontaktstelle<br \/>B\u00fcrgerengagement.<\/p><h3>Infos vom K\u00e4nguruh-Team<\/h3><p>Wie man Familienpate wird, erl\u00e4utert das K\u00e4nguruh-Team\u00a0in einer Informationsveranstaltung, die am Dienstag, 30. Oktober, um 19 Uhr\u00a0im K\u00e4nguruh Familienzentrum, Walpersdorfer Stra\u00dfe 23, stattfindet.\u00a0Anmeldung und weitere Information gibt es Dienstag bis Donnerstag, von 8:30\u00a0bis 12 Uhr, unter Telefon 09122 888 226.<\/p><h3>Helfer gesucht<\/h3><p>Gesucht werden Menschen, die sich\u00a0einen respektvollen Umgang mit Hilfe suchenden Familien und Einzelpersonen\u00a0vorstellen k\u00f6nnen, unabh\u00e4ngig davon, welche ethnische Herkunft diese haben\u00a0oder welches Lebensmodell gelebt wird. Gemeinsam mit den Familien wird das\u00a0geeignete Hilfsangebot entwickelt. So k\u00f6nnen Familienpaten etwa bei Familien\u00a0mit Migrationsgeschichte Lotsen durch den Beh\u00f6rdenalltag sein.<\/p><h3>Weiterf\u00fchrende Links:<\/h3><p><a href=\"http:\/\/www.kaenguruh-schwabach.de\/index.php?id=aktuelles\" target=\"_blank\" rel=\"noopener\">Zur Homepage vom Familienzentrum K\u00e4nguruh geht&#8217;s hier ..<\/a><\/p>\t\t\t\t\t\t<\/div>\n\t\t\t\t<\/div>\n\t\t\t\t<div class=\"elementor-element elementor-element-0c834d7 elementor-widget-divider--view-line elementor-widget elementor-widget-divider\" data-id=\"0c834d7\" data-element_type=\"widget\" data-widget_type=\"divider.default\">\n\t\t\t\t<div class=\"elementor-widget-container\">\n\t\t\t\t\t<div class=\"elementor-divider\">\n\t\t\t<span class=\"elementor-divider-separator\">\n\t\t\t\t\t\t<\/span>\n\t\t<\/div>\n\t\t\t\t<\/div>\n\t\t\t\t<\/div>\n\t\t\t\t<div class=\"elementor-element elementor-element-325f51f elementor-widget elementor-widget-google_maps\" data-id=\"325f51f\" data-element_type=\"widget\" data-widget_type=\"google_maps.default\">\n\t\t\t\t<div class=\"elementor-widget-container\">\n\t\t\t\t\t<div class=\"elementor-custom-embed\">\n\t\t\t<iframe loading=\"lazy\"\n\t\t\t\t\tsrc=\"https:\/\/maps.google.com\/maps?q=Walpersdorfer%20Stra%C3%9Fe%2023%2C%20Schwabach%2C%20Deutschland&#038;t=m&#038;z=17&#038;output=embed&#038;iwloc=near\"\n\t\t\t\t\ttitle=\"Walpersdorfer Stra\u00dfe 23, Schwabach, Deutschland\"\n\t\t\t\t\taria-label=\"Walpersdorfer Stra\u00dfe 23, Schwabach, Deutschland\"\n\t\t\t><\/iframe>\n\t\t<\/div>\n\t\t\t\t<\/div>\n\t\t\t\t<\/div>\n\t\t\t\t\t<\/div>\n\t\t<\/div>\n\t\t\t\t<div class=\"elementor-column elementor-col-33 elementor-top-column elementor-element elementor-element-f645137\" data-id=\"f645137\" data-element_type=\"column\">\n\t\t\t<div class=\"elementor-widget-wrap\">\n\t\t\t\t\t\t\t<\/div>\n\t\t<\/div>\n\t\t\t\t\t<\/div>\n\t\t<\/section>\n\t\t\t\t<\/div>\n\t\t","protected":false},"excerpt":{"rendered":"<div class=\"mh-excerpt\"><p>Wie wird man Familienpate? Infoveranstaltung am Dienstag, den 30. Oktober, um 19.00 Uhr Schwabach &#8211; Seit \u00fcber f\u00fcnf Jahren l\u00e4uft das Projekt \u201eFamilienpaten f\u00fcr Schwabach\u201c im\u00a0K\u00e4nguruh-Familienzentrum. \u201eEs hat sich in dieser Zeit als ambulante Hilfe <a class=\"mh-excerpt-more\" href=\"https:\/\/www.region-schwabach.de\/wordpress\/infoveranstaltung-wie-wird-man-familienpate\/\" title=\"Infoveranstaltung: Wie wird man Familienpate?\">[&#8230;]<\/a><\/p>\n<\/div>","protected":false},"author":1,"featured_media":62375,"comment_status":"open","ping_status":"open","sticky":false,"template":"","format":"standard","meta":{"_cbd_carousel_blocks":"[]","footnotes":""},"categories":[16,1,287,61,231,46],"tags":[6151,4222,6581,3779,6580,3780,1480,19,544],"class_list":{"0":"post-62374","1":"post","2":"type-post","3":"status-publish","4":"format-standard","5":"has-post-thumbnail","7":"category-aktuell","8":"category-allgemein","9":"category-jugend-und-familie","10":"category-rathaus","11":"category-veranstaltungsnews","12":"category-verbaende","13":"tag-30-10-2018","14":"tag-beratung","15":"tag-buergerengagement","16":"tag-familienzentrum","17":"tag-infoveranstaltung","18":"tag-kaenguruh","19":"tag-rathaus","20":"tag-schwabach","21":"tag-walpersdorfer-strasse"},"_links":{"self":[{"href":"https:\/\/www.region-schwabach.de\/wordpress\/wp-json\/wp\/v2\/posts\/62374","targetHints":{"allow":["GET"]}}],"collection":[{"href":"https:\/\/www.region-schwabach.de\/wordpress\/wp-json\/wp\/v2\/posts"}],"about":[{"href":"https:\/\/www.region-schwabach.de\/wordpress\/wp-json\/wp\/v2\/types\/post"}],"author":[{"embeddable":true,"href":"https:\/\/www.region-schwabach.de\/wordpress\/wp-json\/wp\/v2\/users\/1"}],"replies":[{"embeddable":true,"href":"https:\/\/www.region-schwabach.de\/wordpress\/wp-json\/wp\/v2\/comments?post=62374"}],"version-history":[{"count":0,"href":"https:\/\/www.region-schwabach.de\/wordpress\/wp-json\/wp\/v2\/posts\/62374\/revisions"}],"wp:featuredmedia":[{"embeddable":true,"href":"https:\/\/www.region-schwabach.de\/wordpress\/wp-json\/wp\/v2\/media\/62375"}],"wp:attachment":[{"href":"https:\/\/www.region-schwabach.de\/wordpress\/wp-json\/wp\/v2\/media?parent=62374"}],"wp:term":[{"taxonomy":"category","embeddable":true,"href":"https:\/\/www.region-schwabach.de\/wordpress\/wp-json\/wp\/v2\/categories?post=62374"},{"taxonomy":"post_tag","embeddable":true,"href":"https:\/\/www.region-schwabach.de\/wordpress\/wp-json\/wp\/v2\/tags?post=62374"}],"curies":[{"name":"wp","href":"https:\/\/api.w.org\/{rel}","templated":true}]}}