{"id":62404,"date":"2018-10-26T10:07:26","date_gmt":"2018-10-26T08:07:26","guid":{"rendered":"http:\/\/www.region-schwabach.de\/wordpress\/?p=62404"},"modified":"2018-11-21T21:23:26","modified_gmt":"2018-11-21T20:23:26","slug":"am-pointgraben-vom-29-oktober-bis-30-november-2018-gesperrt","status":"publish","type":"post","link":"https:\/\/www.region-schwabach.de\/wordpress\/am-pointgraben-vom-29-oktober-bis-30-november-2018-gesperrt\/","title":{"rendered":"&#8222;Am Pointgraben&#8220; vom 29. Oktober bis 30. November 2018 gesperrt"},"content":{"rendered":"\t\t<div data-elementor-type=\"wp-post\" data-elementor-id=\"62404\" class=\"elementor elementor-62404 elementor-bc-flex-widget\">\n\t\t\t\t\t\t<section class=\"elementor-section elementor-top-section elementor-element elementor-element-1dzeyuh elementor-section-boxed elementor-section-height-default elementor-section-height-default\" data-id=\"1dzeyuh\" data-element_type=\"section\">\n\t\t\t\t\t\t<div class=\"elementor-container elementor-column-gap-default\">\n\t\t\t\t\t<div class=\"elementor-column elementor-col-66 elementor-top-column elementor-element elementor-element-aam59ft\" data-id=\"aam59ft\" data-element_type=\"column\">\n\t\t\t<div class=\"elementor-widget-wrap elementor-element-populated\">\n\t\t\t\t\t\t<div class=\"elementor-element elementor-element-k9p1oyc elementor-widget elementor-widget-text-editor\" data-id=\"k9p1oyc\" data-element_type=\"widget\" data-widget_type=\"text-editor.default\">\n\t\t\t\t<div class=\"elementor-widget-container\">\n\t\t\t\t\t\t\t<h3>Sperrung vom 29. Oktober bis 30. November 2018 n\u00f6tig<\/h3><p>Schwabach &#8211; Von Montag, den 29.10.2018, bis Freitag, den 30.11.208, kommt es in Schwabach zur Sperrung der Stra\u00dfe &#8222;Am Pointgraben&#8220; in Fahrtrichtung N\u00fcrnberger Stra\u00dfe.<\/p><h3><strong>Grund f\u00fcr die Sperrung ist die Auswechslung der Wasserleitung in diesem Bereich\u00a0<\/strong><\/h3><p>Grund der Sperrung ist die Auswechslung der Wasserleitung zwischen Berlichingenstra\u00dfe\u00a0und N\u00fcrnberger Stra\u00dfe.<\/p><h3>Verkehrsf\u00fchrung<\/h3><p>W\u00e4hrend der Sperrung\u00a0ist die Durchfahrt in Gegenrichtung ist m\u00f6glich. Die n\u00f6rdliche Ausfahrt aus\u00a0der Berlichingenstra\u00dfe in den Pointgraben ist nicht m\u00f6glich, sodass nur in Richtung Ansbacher Stra\u00dfe ausgefahren\u00a0werden kann. Die Einfahrt aus dem Pointgraben in die Berlichingenstra\u00dfe ist nur aus Richtung Dr.-<br \/>Haas-Stra\u00dfe m\u00f6glich.<\/p>\t\t\t\t\t\t<\/div>\n\t\t\t\t<\/div>\n\t\t\t\t<div class=\"elementor-element elementor-element-rf47wqh elementor-widget elementor-widget-google_maps\" data-id=\"rf47wqh\" data-element_type=\"widget\" data-widget_type=\"google_maps.default\">\n\t\t\t\t<div class=\"elementor-widget-container\">\n\t\t\t\t\t<div class=\"elementor-custom-embed\">\n\t\t\t<iframe loading=\"lazy\"\n\t\t\t\t\tsrc=\"https:\/\/maps.google.com\/maps?q=Pointgraben%2C%20Schwabach%2C%20Deutschland&#038;t=m&#038;z=17&#038;output=embed&#038;iwloc=near\"\n\t\t\t\t\ttitle=\"Pointgraben, Schwabach, Deutschland\"\n\t\t\t\t\taria-label=\"Pointgraben, Schwabach, Deutschland\"\n\t\t\t><\/iframe>\n\t\t<\/div>\n\t\t\t\t<\/div>\n\t\t\t\t<\/div>\n\t\t\t\t\t<\/div>\n\t\t<\/div>\n\t\t\t\t<div class=\"elementor-column elementor-col-33 elementor-top-column elementor-element elementor-element-uferl75\" data-id=\"uferl75\" data-element_type=\"column\">\n\t\t\t<div class=\"elementor-widget-wrap\">\n\t\t\t\t\t\t\t<\/div>\n\t\t<\/div>\n\t\t\t\t\t<\/div>\n\t\t<\/section>\n\t\t\t\t<\/div>\n\t\t","protected":false},"excerpt":{"rendered":"<div class=\"mh-excerpt\"><p>Sperrung vom 29. Oktober bis 30. November 2018 n\u00f6tig Schwabach &#8211; Von Montag, den 29.10.2018, bis Freitag, den 30.11.208, kommt es in Schwabach zur Sperrung der Stra\u00dfe &#8222;Am Pointgraben&#8220; in Fahrtrichtung N\u00fcrnberger Stra\u00dfe. Grund f\u00fcr <a class=\"mh-excerpt-more\" href=\"https:\/\/www.region-schwabach.de\/wordpress\/am-pointgraben-vom-29-oktober-bis-30-november-2018-gesperrt\/\" title=\"&#8222;Am Pointgraben&#8220; vom 29. Oktober bis 30. November 2018 gesperrt\">[&#8230;]<\/a><\/p>\n<\/div>","protected":false},"author":1,"featured_media":62405,"comment_status":"open","ping_status":"open","sticky":false,"template":"template-full.php","format":"standard","meta":{"_cbd_carousel_blocks":"[]","footnotes":""},"categories":[14],"tags":[6597,3137,6598,6599,6600,6601,6602,6603,6586,6604,6605,2313,6587,464,19,276],"class_list":{"0":"post-62404","1":"post","2":"type-post","3":"status-publish","4":"format-standard","5":"has-post-thumbnail","7":"category-verkehrsinfos","8":"tag-21-11-2018","9":"tag-22-11-2018","10":"tag-23-11-2018","11":"tag-24-11-2018","12":"tag-25-11-2018","13":"tag-26-11-2018","14":"tag-27-11-2018","15":"tag-28-11-2018","16":"tag-29-oktober-bis-30-november-2018","17":"tag-29-11-2018","18":"tag-30-11-2018","19":"tag-auswechslung-der-wasserleitung","20":"tag-berlichingenstrasse","21":"tag-nuernberger-strasse","22":"tag-schwabach","23":"tag-sperrung"},"_links":{"self":[{"href":"https:\/\/www.region-schwabach.de\/wordpress\/wp-json\/wp\/v2\/posts\/62404","targetHints":{"allow":["GET"]}}],"collection":[{"href":"https:\/\/www.region-schwabach.de\/wordpress\/wp-json\/wp\/v2\/posts"}],"about":[{"href":"https:\/\/www.region-schwabach.de\/wordpress\/wp-json\/wp\/v2\/types\/post"}],"author":[{"embeddable":true,"href":"https:\/\/www.region-schwabach.de\/wordpress\/wp-json\/wp\/v2\/users\/1"}],"replies":[{"embeddable":true,"href":"https:\/\/www.region-schwabach.de\/wordpress\/wp-json\/wp\/v2\/comments?post=62404"}],"version-history":[{"count":0,"href":"https:\/\/www.region-schwabach.de\/wordpress\/wp-json\/wp\/v2\/posts\/62404\/revisions"}],"wp:featuredmedia":[{"embeddable":true,"href":"https:\/\/www.region-schwabach.de\/wordpress\/wp-json\/wp\/v2\/media\/62405"}],"wp:attachment":[{"href":"https:\/\/www.region-schwabach.de\/wordpress\/wp-json\/wp\/v2\/media?parent=62404"}],"wp:term":[{"taxonomy":"category","embeddable":true,"href":"https:\/\/www.region-schwabach.de\/wordpress\/wp-json\/wp\/v2\/categories?post=62404"},{"taxonomy":"post_tag","embeddable":true,"href":"https:\/\/www.region-schwabach.de\/wordpress\/wp-json\/wp\/v2\/tags?post=62404"}],"curies":[{"name":"wp","href":"https:\/\/api.w.org\/{rel}","templated":true}]}}