{"id":62422,"date":"2018-10-28T00:03:31","date_gmt":"2018-10-27T22:03:31","guid":{"rendered":"http:\/\/www.region-schwabach.de\/wordpress\/?p=62422"},"modified":"2018-10-27T23:43:11","modified_gmt":"2018-10-27T21:43:11","slug":"telefonsprechstunde-der-polizei-am-28-oktober","status":"publish","type":"post","link":"https:\/\/www.region-schwabach.de\/wordpress\/telefonsprechstunde-der-polizei-am-28-oktober\/","title":{"rendered":"Telefonsprechstunde der Polizei am 28. Oktober"},"content":{"rendered":"\t\t<div data-elementor-type=\"wp-post\" data-elementor-id=\"62422\" class=\"elementor elementor-62422 elementor-bc-flex-widget\">\n\t\t\t\t\t\t<section class=\"elementor-section elementor-top-section elementor-element elementor-element-1cuv9jr elementor-section-boxed elementor-section-height-default elementor-section-height-default\" data-id=\"1cuv9jr\" data-element_type=\"section\">\n\t\t\t\t\t\t<div class=\"elementor-container elementor-column-gap-default\">\n\t\t\t\t\t<div class=\"elementor-column elementor-col-66 elementor-top-column elementor-element elementor-element-q5zak7b\" data-id=\"q5zak7b\" data-element_type=\"column\">\n\t\t\t<div class=\"elementor-widget-wrap elementor-element-populated\">\n\t\t\t\t\t\t<div class=\"elementor-element elementor-element-763ecdd elementor-widget elementor-widget-text-editor\" data-id=\"763ecdd\" data-element_type=\"widget\" data-widget_type=\"text-editor.default\">\n\t\t\t\t<div class=\"elementor-widget-container\">\n\t\t\t\t\t\t\t<h3 class=\"story-headline\">Telefonsprechstunde der Polizei zum Tag des Einbruchschutzes am 28.10.2018<\/h3><p><span style=\"font-size: 12pt;\">Mittelfranken (ots) &#8211;\u00a0Mit dem Beginn der dunklen Jahreszeit steigt auch die Einbruchsgefahr. Fast die H\u00e4lfte aller Einbr\u00fcche findet zwischen Oktober und Januar statt. Zum diesj\u00e4hrigen Tag des Einbruchschutzes bietet die mittelfr\u00e4nkische Polizei am Sonntag (28.10.2018) eine Telefonberatung an.<\/span><\/p><h3>Polizeihauptkommisar Peter Herbst ber\u00e4t am Telefon<\/h3><p><span style=\"font-size: 12pt;\">Polizeihauptkommissar Peter Herbst von der Kriminalpolizeiinspektion Schwabach bietet interessierten B\u00fcrgerinnen und B\u00fcrgern am Tag des Einbruchschutzes zwischen 11:00 Uhr und 15:00 Uhr unter der Rufnummer 09122 927-371 eine telefonische Beratung an.<\/span><\/p><p><span style=\"font-size: 12pt;\">Der Fokus des polizeilichen Fachberaters wird an diesem Tag vornehmlich auf den Einbruchsschutz gerichtet sein. Selbstverst\u00e4ndlich sind jedoch auch Fragen zu anderen Bereichen der polizeilichen Pr\u00e4ventionsarbeit willkommen.<\/span><\/p><h3>Tipps der Polizei:<\/h3><p><span style=\"font-size: 12pt;\">In Sachen Einbruchschutz r\u00e4t die mittelfr\u00e4nkische Polizei grunds\u00e4tzlich zu erh\u00f6hter Aufmerksamkeit und gibt folgende Tipps:<\/span><\/p><ul style=\"list-style-type: disc;\"><li class=\"xmllist\"><span style=\"font-size: 12pt;\">Alarmieren Sie die Polizei bei verd\u00e4chtigen Wahrnehmungen umgehend \u00fcber den Notruf 110! Die Polizei wird allen Hinweisen mit der notwendigen Sorgfalt nachgehen.<\/span><\/li><li><span style=\"font-size: 12pt;\">Die Polizei ist auf Ihre Mithilfe angewiesen. Notieren Sie sich im Verdachtsfall insbesondere Kennzeichen von auff\u00e4lligen Fahrzeugen oder Personenbeschreibungen!<\/span><\/li><li><span style=\"font-size: 12pt;\">Pflegen Sie Kontakt zu Ihren Nachbarn &#8211; dann haben Einbrecher weniger Chancen. Achten Sie auf Fremde im Haus oder auf dem Nachbargrundst\u00fcck!<\/span><\/li><li><span style=\"font-size: 12pt;\">Sorgen Sie daf\u00fcr, dass Ihre Wohnung bei l\u00e4ngerer Abwesenheit einen bewohnten Eindruck macht! Geben Sie keine Hinweise auf Ihre Abwesenheit!<\/span><\/li><li><span style=\"font-size: 12pt;\">Schlie\u00dfen Sie Fenster, Balkon- und Terrassent\u00fcren auch bei kurzer Abwesenheit!<\/span><\/li><\/ul><h3><span style=\"font-size: 12pt;\">Brosch\u00fcre &#8222;Sicher wohnen&#8220; erh\u00e4ltlich<\/span><\/h3><p><span style=\"font-size: 12pt;\">Die polizeiliche Kriminalpr\u00e4vention der L\u00e4nder und des Bundes (ProPK) hat ihre Brosch\u00fcre &#8222;Sicher wohnen&#8220; neu aufgelegt und um das Thema Smart Home erweitert. Die Brosch\u00fcre ist kostenlos bei allen Polizeidienststellen erh\u00e4ltlich oder kann unter\u00a0<a class=\"uri-ext outbound\" href=\"http:\/\/www.polizei-beratung.de\/medienangebot\/detail\/1-sicher-wohnen\" target=\"_blank\" rel=\"noopener\">www.polizei-beratung.de\/medienangebot\/detail\/1-sicher-wohnen<\/a>\u00a0heruntergeladen werden. Zus\u00e4tzliche Informationen erhalten B\u00fcrgerinnen und B\u00fcrger auch auf der Internetseite\u00a0<a class=\"uri-ext outbound\" href=\"http:\/\/www.k-einbruch.de\/\" target=\"_blank\" rel=\"noopener\">www.k-einbruch.de<\/a>.<\/span><\/p><p><span style=\"font-size: 12pt;\"><strong>Michael Konrad \/gh<\/strong><\/span><\/p><p><span style=\"font-size: 12pt;\">Original-Content von Polizeipr\u00e4sidium Mittelfranken, \u00fcbermittelt durch news aktuell<\/span><\/p>\t\t\t\t\t\t<\/div>\n\t\t\t\t<\/div>\n\t\t\t\t<div class=\"elementor-element elementor-element-ace1283 elementor-widget-divider--view-line elementor-widget elementor-widget-divider\" data-id=\"ace1283\" data-element_type=\"widget\" data-widget_type=\"divider.default\">\n\t\t\t\t<div class=\"elementor-widget-container\">\n\t\t\t\t\t<div class=\"elementor-divider\">\n\t\t\t<span class=\"elementor-divider-separator\">\n\t\t\t\t\t\t<\/span>\n\t\t<\/div>\n\t\t\t\t<\/div>\n\t\t\t\t<\/div>\n\t\t\t\t<div class=\"elementor-element elementor-element-1l7zbzo elementor-widget elementor-widget-google_maps\" data-id=\"1l7zbzo\" data-element_type=\"widget\" data-widget_type=\"google_maps.default\">\n\t\t\t\t<div class=\"elementor-widget-container\">\n\t\t\t\t\t<div class=\"elementor-custom-embed\">\n\t\t\t<iframe loading=\"lazy\"\n\t\t\t\t\tsrc=\"https:\/\/maps.google.com\/maps?q=Schwabach%2C%20Deutschland&#038;t=m&#038;z=11&#038;output=embed&#038;iwloc=near\"\n\t\t\t\t\ttitle=\"Schwabach, Deutschland\"\n\t\t\t\t\taria-label=\"Schwabach, Deutschland\"\n\t\t\t><\/iframe>\n\t\t<\/div>\n\t\t\t\t<\/div>\n\t\t\t\t<\/div>\n\t\t\t\t\t<\/div>\n\t\t<\/div>\n\t\t\t\t<div class=\"elementor-column elementor-col-33 elementor-top-column elementor-element elementor-element-0w0urt1\" data-id=\"0w0urt1\" data-element_type=\"column\">\n\t\t\t<div class=\"elementor-widget-wrap\">\n\t\t\t\t\t\t\t<\/div>\n\t\t<\/div>\n\t\t\t\t\t<\/div>\n\t\t<\/section>\n\t\t\t\t<\/div>\n\t\t","protected":false},"excerpt":{"rendered":"<div class=\"mh-excerpt\"><p>\u201epowered by TARIFCHECK24 GmbH\u201c Telefonsprechstunde der Polizei zum Tag des Einbruchschutzes am 28.10.2018 Mittelfranken (ots) &#8211;\u00a0Mit dem Beginn der dunklen Jahreszeit steigt auch die Einbruchsgefahr. Fast die H\u00e4lfte aller Einbr\u00fcche findet zwischen Oktober und Januar <a class=\"mh-excerpt-more\" href=\"https:\/\/www.region-schwabach.de\/wordpress\/telefonsprechstunde-der-polizei-am-28-oktober\/\" title=\"Telefonsprechstunde der Polizei am 28. Oktober\">[&#8230;]<\/a><\/p>\n<\/div>","protected":false},"author":1,"featured_media":62423,"comment_status":"open","ping_status":"open","sticky":false,"template":"","format":"standard","meta":{"_cbd_carousel_blocks":"[]","footnotes":""},"categories":[16,15],"tags":[6149,30,6613,217,6612,6073,981,19,6611,6610],"class_list":{"0":"post-62422","1":"post","2":"type-post","3":"status-publish","4":"format-standard","5":"has-post-thumbnail","7":"category-aktuell","8":"category-polizeimeldungen","9":"tag-28-10-2018","10":"tag-diebstahl","11":"tag-dunkelheit","12":"tag-einbruch","13":"tag-einbruchgefahr","14":"tag-einbruchschutz","15":"tag-polizei","16":"tag-schwabach","17":"tag-tag-des-einbruchschutzes","18":"tag-telefonaktion"},"_links":{"self":[{"href":"https:\/\/www.region-schwabach.de\/wordpress\/wp-json\/wp\/v2\/posts\/62422","targetHints":{"allow":["GET"]}}],"collection":[{"href":"https:\/\/www.region-schwabach.de\/wordpress\/wp-json\/wp\/v2\/posts"}],"about":[{"href":"https:\/\/www.region-schwabach.de\/wordpress\/wp-json\/wp\/v2\/types\/post"}],"author":[{"embeddable":true,"href":"https:\/\/www.region-schwabach.de\/wordpress\/wp-json\/wp\/v2\/users\/1"}],"replies":[{"embeddable":true,"href":"https:\/\/www.region-schwabach.de\/wordpress\/wp-json\/wp\/v2\/comments?post=62422"}],"version-history":[{"count":0,"href":"https:\/\/www.region-schwabach.de\/wordpress\/wp-json\/wp\/v2\/posts\/62422\/revisions"}],"wp:featuredmedia":[{"embeddable":true,"href":"https:\/\/www.region-schwabach.de\/wordpress\/wp-json\/wp\/v2\/media\/62423"}],"wp:attachment":[{"href":"https:\/\/www.region-schwabach.de\/wordpress\/wp-json\/wp\/v2\/media?parent=62422"}],"wp:term":[{"taxonomy":"category","embeddable":true,"href":"https:\/\/www.region-schwabach.de\/wordpress\/wp-json\/wp\/v2\/categories?post=62422"},{"taxonomy":"post_tag","embeddable":true,"href":"https:\/\/www.region-schwabach.de\/wordpress\/wp-json\/wp\/v2\/tags?post=62422"}],"curies":[{"name":"wp","href":"https:\/\/api.w.org\/{rel}","templated":true}]}}