{"id":62437,"date":"2018-10-27T11:59:18","date_gmt":"2018-10-27T09:59:18","guid":{"rendered":"http:\/\/www.region-schwabach.de\/wordpress\/?p=62437"},"modified":"2018-10-27T12:07:55","modified_gmt":"2018-10-27T10:07:55","slug":"mofafahrer-in-seiboldsmuehle-verletzt","status":"publish","type":"post","link":"https:\/\/www.region-schwabach.de\/wordpress\/mofafahrer-in-seiboldsmuehle-verletzt\/","title":{"rendered":"Mofafahrer in Seiboldsm\u00fchle verletzt"},"content":{"rendered":"\t\t<div data-elementor-type=\"wp-post\" data-elementor-id=\"62437\" class=\"elementor elementor-62437 elementor-bc-flex-widget\">\n\t\t\t\t\t\t<section class=\"elementor-section elementor-top-section elementor-element elementor-element-1cuv9jr elementor-section-boxed elementor-section-height-default elementor-section-height-default\" data-id=\"1cuv9jr\" data-element_type=\"section\">\n\t\t\t\t\t\t<div class=\"elementor-container elementor-column-gap-default\">\n\t\t\t\t\t<div class=\"elementor-column elementor-col-66 elementor-top-column elementor-element elementor-element-q5zak7b\" data-id=\"q5zak7b\" data-element_type=\"column\">\n\t\t\t<div class=\"elementor-widget-wrap elementor-element-populated\">\n\t\t\t\t\t\t<div class=\"elementor-element elementor-element-763ecdd elementor-widget elementor-widget-text-editor\" data-id=\"763ecdd\" data-element_type=\"widget\" data-widget_type=\"text-editor.default\">\n\t\t\t\t<div class=\"elementor-widget-container\">\n\t\t\t\t\t\t\t<h3>Mofa-Fahrer leicht verletzt<\/h3><p><span style=\"font-size: 12pt;\">Heideck &#8211; Am Freitag, den 26.10.2018, ereignete sich\u00a0in Seiboldsm\u00fchle ein Verkehrsunfall, bei dem ein 15-j\u00e4hriger Mofafahrer aus Laibstadt leicht verletzt wurde. Zu dem Unfall kam es, als eine\u00a049-j\u00e4hrige Mazdafahrerin die Waldhausstra\u00dfe befuhr, und an der Einm\u00fcndung in die Staatsstra\u00dfe nach links in Richtung Hilpoltstein einbiegen wollte, und dabei aber den von rechts kommenden Mofa-Fahrer im Einm\u00fcndungsbereich \u00fcbersah.<\/span><\/p><h3>Mit Prellungen und Hautabsch\u00fcrfungen davongekommen<\/h3><p><span style=\"font-size: 12pt;\">Bei der folgenden Kollision entstand ein Sachschaden von insgesamt ca. 2.000 Euro, der Mofa-Fahrer erlitt Prellungen und Hautabsch\u00fcrfungen, und kam vorsorglich zur Untersuchung ins Krankenhaus nach Roth.<\/span><\/p>\t\t\t\t\t\t<\/div>\n\t\t\t\t<\/div>\n\t\t\t\t<div class=\"elementor-element elementor-element-ace1283 elementor-widget-divider--view-line elementor-widget elementor-widget-divider\" data-id=\"ace1283\" data-element_type=\"widget\" data-widget_type=\"divider.default\">\n\t\t\t\t<div class=\"elementor-widget-container\">\n\t\t\t\t\t<div class=\"elementor-divider\">\n\t\t\t<span class=\"elementor-divider-separator\">\n\t\t\t\t\t\t<\/span>\n\t\t<\/div>\n\t\t\t\t<\/div>\n\t\t\t\t<\/div>\n\t\t\t\t<div class=\"elementor-element elementor-element-1l7zbzo elementor-widget elementor-widget-google_maps\" data-id=\"1l7zbzo\" data-element_type=\"widget\" data-widget_type=\"google_maps.default\">\n\t\t\t\t<div class=\"elementor-widget-container\">\n\t\t\t\t\t<div class=\"elementor-custom-embed\">\n\t\t\t<iframe loading=\"lazy\"\n\t\t\t\t\tsrc=\"https:\/\/maps.google.com\/maps?q=Waldhausstra%C3%9Fe%2C%20Heideck%2C%20Deutschland&#038;t=m&#038;z=15&#038;output=embed&#038;iwloc=near\"\n\t\t\t\t\ttitle=\"Waldhausstra\u00dfe, Heideck, Deutschland\"\n\t\t\t\t\taria-label=\"Waldhausstra\u00dfe, Heideck, Deutschland\"\n\t\t\t><\/iframe>\n\t\t<\/div>\n\t\t\t\t<\/div>\n\t\t\t\t<\/div>\n\t\t\t\t\t<\/div>\n\t\t<\/div>\n\t\t\t\t<div class=\"elementor-column elementor-col-33 elementor-top-column elementor-element elementor-element-0w0urt1\" data-id=\"0w0urt1\" data-element_type=\"column\">\n\t\t\t<div class=\"elementor-widget-wrap\">\n\t\t\t\t\t\t\t<\/div>\n\t\t<\/div>\n\t\t\t\t\t<\/div>\n\t\t<\/section>\n\t\t\t\t<\/div>\n\t\t","protected":false},"excerpt":{"rendered":"<div class=\"mh-excerpt\"><p>\u201epowered by TARIFCHECK24 GmbH\u201c Mofa-Fahrer leicht verletzt Heideck &#8211; Am Freitag, den 26.10.2018, ereignete sich\u00a0in Seiboldsm\u00fchle ein Verkehrsunfall, bei dem ein 15-j\u00e4hriger Mofafahrer aus Laibstadt leicht verletzt wurde. Zu dem Unfall kam es, als eine\u00a049-j\u00e4hrige <a class=\"mh-excerpt-more\" href=\"https:\/\/www.region-schwabach.de\/wordpress\/mofafahrer-in-seiboldsmuehle-verletzt\/\" title=\"Mofafahrer in Seiboldsm\u00fchle verletzt\">[&#8230;]<\/a><\/p>\n<\/div>","protected":false},"author":1,"featured_media":62438,"comment_status":"open","ping_status":"open","sticky":false,"template":"","format":"standard","meta":{"_cbd_carousel_blocks":"[]","footnotes":""},"categories":[15],"tags":[6148,3810,596,297,1375,604,2199,463,981,401,713,3469,334,6614],"class_list":{"0":"post-62437","1":"post","2":"type-post","3":"status-publish","4":"format-standard","5":"has-post-thumbnail","7":"category-polizeimeldungen","8":"tag-26-10-2018","9":"tag-einmuendungsbereich","10":"tag-heideck","11":"tag-hilpoltstein","12":"tag-leicht-verletzt","13":"tag-mazda","14":"tag-mofa","15":"tag-pkw","16":"tag-polizei","17":"tag-sachschaden","18":"tag-schaden","19":"tag-seiboldsmuehle","20":"tag-unfall","21":"tag-waldhausstrasse"},"_links":{"self":[{"href":"https:\/\/www.region-schwabach.de\/wordpress\/wp-json\/wp\/v2\/posts\/62437","targetHints":{"allow":["GET"]}}],"collection":[{"href":"https:\/\/www.region-schwabach.de\/wordpress\/wp-json\/wp\/v2\/posts"}],"about":[{"href":"https:\/\/www.region-schwabach.de\/wordpress\/wp-json\/wp\/v2\/types\/post"}],"author":[{"embeddable":true,"href":"https:\/\/www.region-schwabach.de\/wordpress\/wp-json\/wp\/v2\/users\/1"}],"replies":[{"embeddable":true,"href":"https:\/\/www.region-schwabach.de\/wordpress\/wp-json\/wp\/v2\/comments?post=62437"}],"version-history":[{"count":0,"href":"https:\/\/www.region-schwabach.de\/wordpress\/wp-json\/wp\/v2\/posts\/62437\/revisions"}],"wp:featuredmedia":[{"embeddable":true,"href":"https:\/\/www.region-schwabach.de\/wordpress\/wp-json\/wp\/v2\/media\/62438"}],"wp:attachment":[{"href":"https:\/\/www.region-schwabach.de\/wordpress\/wp-json\/wp\/v2\/media?parent=62437"}],"wp:term":[{"taxonomy":"category","embeddable":true,"href":"https:\/\/www.region-schwabach.de\/wordpress\/wp-json\/wp\/v2\/categories?post=62437"},{"taxonomy":"post_tag","embeddable":true,"href":"https:\/\/www.region-schwabach.de\/wordpress\/wp-json\/wp\/v2\/tags?post=62437"}],"curies":[{"name":"wp","href":"https:\/\/api.w.org\/{rel}","templated":true}]}}