{"id":62449,"date":"2018-10-27T12:51:53","date_gmt":"2018-10-27T10:51:53","guid":{"rendered":"http:\/\/www.region-schwabach.de\/wordpress\/?p=62449"},"modified":"2018-10-27T12:58:07","modified_gmt":"2018-10-27T10:58:07","slug":"unfall-mit-gegenverkehr-in-weissenburg","status":"publish","type":"post","link":"https:\/\/www.region-schwabach.de\/wordpress\/unfall-mit-gegenverkehr-in-weissenburg\/","title":{"rendered":"Unfall mit Gegenverkehr in Wei\u00dfenburg"},"content":{"rendered":"\t\t<div data-elementor-type=\"wp-post\" data-elementor-id=\"62449\" class=\"elementor elementor-62449 elementor-bc-flex-widget\">\n\t\t\t\t\t\t<section class=\"elementor-section elementor-top-section elementor-element elementor-element-1cuv9jr elementor-section-boxed elementor-section-height-default elementor-section-height-default\" data-id=\"1cuv9jr\" data-element_type=\"section\">\n\t\t\t\t\t\t<div class=\"elementor-container elementor-column-gap-default\">\n\t\t\t\t\t<div class=\"elementor-column elementor-col-66 elementor-top-column elementor-element elementor-element-q5zak7b\" data-id=\"q5zak7b\" data-element_type=\"column\">\n\t\t\t<div class=\"elementor-widget-wrap elementor-element-populated\">\n\t\t\t\t\t\t<div class=\"elementor-element elementor-element-763ecdd elementor-widget elementor-widget-text-editor\" data-id=\"763ecdd\" data-element_type=\"widget\" data-widget_type=\"text-editor.default\">\n\t\t\t\t<div class=\"elementor-widget-container\">\n\t\t\t\t\t\t\t<h3 class=\"story-headline\"><strong>Beim Abbiegen Gegenverkehr \u00fcbersehen<\/strong><\/h3><p><span style=\"font-size: 12pt;\">Wei\u00dfenburg &#8211; Am Freitagnachmittag, den 26.10.2018, war ein\u00a063-j\u00e4hriger Pkw-Fahrer mit Anh\u00e4nger gegen 14.50 Uhr\u00a0auf der Jahnstra\u00dfe in Wei\u00dfenburg\u00a0stadtausw\u00e4rts unterwegs, als er der Kreuzung Jahnstra\u00dfe\/Buchenweg in den Buchenweg abbiegen wollte, dabei aber eine entgegenkommenden 30-j\u00e4hrige PKW-Fahrerin \u00fcbersah.<\/span><\/p><h3>5.000 Euro Sachschaden<\/h3><p><span style=\"font-size: 12pt;\">Die Fahrerin stie\u00df im Anschlu\u00df mit der Front Ihres PKWs gegen den Anh\u00e4nger des abbiegenden Fahrzeuges, so da\u00df ein Gesamtschaden in H\u00f6he von ca. 5.000 Euro entstanden ist.<\/span><\/p>\t\t\t\t\t\t<\/div>\n\t\t\t\t<\/div>\n\t\t\t\t<div class=\"elementor-element elementor-element-ace1283 elementor-widget-divider--view-line elementor-widget elementor-widget-divider\" data-id=\"ace1283\" data-element_type=\"widget\" data-widget_type=\"divider.default\">\n\t\t\t\t<div class=\"elementor-widget-container\">\n\t\t\t\t\t<div class=\"elementor-divider\">\n\t\t\t<span class=\"elementor-divider-separator\">\n\t\t\t\t\t\t<\/span>\n\t\t<\/div>\n\t\t\t\t<\/div>\n\t\t\t\t<\/div>\n\t\t\t\t<div class=\"elementor-element elementor-element-1l7zbzo elementor-widget elementor-widget-google_maps\" data-id=\"1l7zbzo\" data-element_type=\"widget\" data-widget_type=\"google_maps.default\">\n\t\t\t\t<div class=\"elementor-widget-container\">\n\t\t\t\t\t<div class=\"elementor-custom-embed\">\n\t\t\t<iframe loading=\"lazy\"\n\t\t\t\t\tsrc=\"https:\/\/maps.google.com\/maps?q=49.039006%2C%2010.979469&#038;t=m&#038;z=16&#038;output=embed&#038;iwloc=near\"\n\t\t\t\t\ttitle=\"49.039006, 10.979469\"\n\t\t\t\t\taria-label=\"49.039006, 10.979469\"\n\t\t\t><\/iframe>\n\t\t<\/div>\n\t\t\t\t<\/div>\n\t\t\t\t<\/div>\n\t\t\t\t\t<\/div>\n\t\t<\/div>\n\t\t\t\t<div class=\"elementor-column elementor-col-33 elementor-top-column elementor-element elementor-element-0w0urt1\" data-id=\"0w0urt1\" data-element_type=\"column\">\n\t\t\t<div class=\"elementor-widget-wrap\">\n\t\t\t\t\t\t\t<\/div>\n\t\t<\/div>\n\t\t\t\t\t<\/div>\n\t\t<\/section>\n\t\t\t\t<\/div>\n\t\t","protected":false},"excerpt":{"rendered":"<div class=\"mh-excerpt\"><p>\u201epowered by TARIFCHECK24 GmbH\u201c Beim Abbiegen Gegenverkehr \u00fcbersehen Wei\u00dfenburg &#8211; Am Freitagnachmittag, den 26.10.2018, war ein\u00a063-j\u00e4hriger Pkw-Fahrer mit Anh\u00e4nger gegen 14.50 Uhr\u00a0auf der Jahnstra\u00dfe in Wei\u00dfenburg\u00a0stadtausw\u00e4rts unterwegs, als er der Kreuzung Jahnstra\u00dfe\/Buchenweg in den Buchenweg <a class=\"mh-excerpt-more\" href=\"https:\/\/www.region-schwabach.de\/wordpress\/unfall-mit-gegenverkehr-in-weissenburg\/\" title=\"Unfall mit Gegenverkehr in Wei\u00dfenburg\">[&#8230;]<\/a><\/p>\n<\/div>","protected":false},"author":1,"featured_media":62450,"comment_status":"open","ping_status":"open","sticky":false,"template":"","format":"standard","meta":{"_cbd_carousel_blocks":"[]","footnotes":""},"categories":[15],"tags":[6148,6620,6619,6618,555,645,1438,463,981,401,713,334,249],"class_list":{"0":"post-62449","1":"post","2":"type-post","3":"status-publish","4":"format-standard","5":"has-post-thumbnail","7":"category-polizeimeldungen","8":"tag-26-10-2018","9":"tag-beim-abbiegen","10":"tag-buchenweg","11":"tag-einachsanhaenger","12":"tag-gegenverkehr","13":"tag-jahnstrasse","14":"tag-kreuzung","15":"tag-pkw","16":"tag-polizei","17":"tag-sachschaden","18":"tag-schaden","19":"tag-unfall","20":"tag-weissenburg"},"_links":{"self":[{"href":"https:\/\/www.region-schwabach.de\/wordpress\/wp-json\/wp\/v2\/posts\/62449","targetHints":{"allow":["GET"]}}],"collection":[{"href":"https:\/\/www.region-schwabach.de\/wordpress\/wp-json\/wp\/v2\/posts"}],"about":[{"href":"https:\/\/www.region-schwabach.de\/wordpress\/wp-json\/wp\/v2\/types\/post"}],"author":[{"embeddable":true,"href":"https:\/\/www.region-schwabach.de\/wordpress\/wp-json\/wp\/v2\/users\/1"}],"replies":[{"embeddable":true,"href":"https:\/\/www.region-schwabach.de\/wordpress\/wp-json\/wp\/v2\/comments?post=62449"}],"version-history":[{"count":0,"href":"https:\/\/www.region-schwabach.de\/wordpress\/wp-json\/wp\/v2\/posts\/62449\/revisions"}],"wp:featuredmedia":[{"embeddable":true,"href":"https:\/\/www.region-schwabach.de\/wordpress\/wp-json\/wp\/v2\/media\/62450"}],"wp:attachment":[{"href":"https:\/\/www.region-schwabach.de\/wordpress\/wp-json\/wp\/v2\/media?parent=62449"}],"wp:term":[{"taxonomy":"category","embeddable":true,"href":"https:\/\/www.region-schwabach.de\/wordpress\/wp-json\/wp\/v2\/categories?post=62449"},{"taxonomy":"post_tag","embeddable":true,"href":"https:\/\/www.region-schwabach.de\/wordpress\/wp-json\/wp\/v2\/tags?post=62449"}],"curies":[{"name":"wp","href":"https:\/\/api.w.org\/{rel}","templated":true}]}}