{"id":62453,"date":"2018-10-27T13:07:01","date_gmt":"2018-10-27T11:07:01","guid":{"rendered":"http:\/\/www.region-schwabach.de\/wordpress\/?p=62453"},"modified":"2018-10-27T13:13:41","modified_gmt":"2018-10-27T11:13:41","slug":"verraeterischer-cannabisgeruch-in-roth","status":"publish","type":"post","link":"https:\/\/www.region-schwabach.de\/wordpress\/verraeterischer-cannabisgeruch-in-roth\/","title":{"rendered":"Verr\u00e4terischer Cannabisgeruch in Roth"},"content":{"rendered":"\t\t<div data-elementor-type=\"wp-post\" data-elementor-id=\"62453\" class=\"elementor elementor-62453 elementor-bc-flex-widget\">\n\t\t\t\t\t\t<section class=\"elementor-section elementor-top-section elementor-element elementor-element-1cuv9jr elementor-section-boxed elementor-section-height-default elementor-section-height-default\" data-id=\"1cuv9jr\" data-element_type=\"section\">\n\t\t\t\t\t\t<div class=\"elementor-container elementor-column-gap-default\">\n\t\t\t\t\t<div class=\"elementor-column elementor-col-66 elementor-top-column elementor-element elementor-element-q5zak7b\" data-id=\"q5zak7b\" data-element_type=\"column\">\n\t\t\t<div class=\"elementor-widget-wrap elementor-element-populated\">\n\t\t\t\t\t\t<div class=\"elementor-element elementor-element-763ecdd elementor-widget elementor-widget-text-editor\" data-id=\"763ecdd\" data-element_type=\"widget\" data-widget_type=\"text-editor.default\">\n\t\t\t\t<div class=\"elementor-widget-container\">\n\t\t\t\t\t\t\t<h3 class=\"story-headline\"><strong>Verr\u00e4terischer Cannabisgeruch<\/strong><\/h3><p><span style=\"font-size: 12pt;\">Roth &#8211; Am Freitag, den 26.10.2018, waren Beamte der Polizeiinspektion Roth gerade mit Ermittlungen in einem Mehrfamilienhaus im Rother S\u00fcden besch\u00e4ftigt, als sie im Treppenhaus den Geruch von Cannabis bemerkten, weshalb sie im Anschlu\u00df an der entsprechenden Wohnungst\u00fcre klingelten.<\/span><\/p><h3>Haschisch, Cannabissamen und Rauchuntensilien entdeckt<\/h3><p><span style=\"font-size: 12pt;\">Der Wohnungsinhaber gab &#8211; mit den Wahrnehmungen konfrontiert &#8211; auch sofort zu, einen Joint geraucht zu haben. In der Wohnung fanden die Beamten dann einen Brocken Haschisch, Cannabissamen und Rauchutensilien, weshalb gegen den 34 J\u00e4hrigen nun wegen eines Versto\u00dfes gegen das Bet\u00e4ubungsmittelgesetz ermittelt wird. <\/span><\/p>\t\t\t\t\t\t<\/div>\n\t\t\t\t<\/div>\n\t\t\t\t<div class=\"elementor-element elementor-element-ace1283 elementor-widget-divider--view-line elementor-widget elementor-widget-divider\" data-id=\"ace1283\" data-element_type=\"widget\" data-widget_type=\"divider.default\">\n\t\t\t\t<div class=\"elementor-widget-container\">\n\t\t\t\t\t<div class=\"elementor-divider\">\n\t\t\t<span class=\"elementor-divider-separator\">\n\t\t\t\t\t\t<\/span>\n\t\t<\/div>\n\t\t\t\t<\/div>\n\t\t\t\t<\/div>\n\t\t\t\t<div class=\"elementor-element elementor-element-1l7zbzo elementor-widget elementor-widget-google_maps\" data-id=\"1l7zbzo\" data-element_type=\"widget\" data-widget_type=\"google_maps.default\">\n\t\t\t\t<div class=\"elementor-widget-container\">\n\t\t\t\t\t<div class=\"elementor-custom-embed\">\n\t\t\t<iframe loading=\"lazy\"\n\t\t\t\t\tsrc=\"https:\/\/maps.google.com\/maps?q=Roth%2C%20Deutschland&#038;t=m&#038;z=14&#038;output=embed&#038;iwloc=near\"\n\t\t\t\t\ttitle=\"Roth, Deutschland\"\n\t\t\t\t\taria-label=\"Roth, Deutschland\"\n\t\t\t><\/iframe>\n\t\t<\/div>\n\t\t\t\t<\/div>\n\t\t\t\t<\/div>\n\t\t\t\t\t<\/div>\n\t\t<\/div>\n\t\t\t\t<div class=\"elementor-column elementor-col-33 elementor-top-column elementor-element elementor-element-0w0urt1\" data-id=\"0w0urt1\" data-element_type=\"column\">\n\t\t\t<div class=\"elementor-widget-wrap\">\n\t\t\t\t\t\t\t<\/div>\n\t\t<\/div>\n\t\t\t\t\t<\/div>\n\t\t<\/section>\n\t\t\t\t<\/div>\n\t\t","protected":false},"excerpt":{"rendered":"<div class=\"mh-excerpt\"><p>\u201epowered by TARIFCHECK24 GmbH\u201c Verr\u00e4terischer Cannabisgeruch Roth &#8211; Am Freitag, den 26.10.2018, waren Beamte der Polizeiinspektion Roth gerade mit Ermittlungen in einem Mehrfamilienhaus im Rother S\u00fcden besch\u00e4ftigt, als sie im Treppenhaus den Geruch von Cannabis <a class=\"mh-excerpt-more\" href=\"https:\/\/www.region-schwabach.de\/wordpress\/verraeterischer-cannabisgeruch-in-roth\/\" title=\"Verr\u00e4terischer Cannabisgeruch in Roth\">[&#8230;]<\/a><\/p>\n<\/div>","protected":false},"author":1,"featured_media":62454,"comment_status":"open","ping_status":"open","sticky":false,"template":"","format":"standard","meta":{"_cbd_carousel_blocks":"[]","footnotes":""},"categories":[15],"tags":[6148,6623,6621,5899,1300,6609,1552,981,6622,32,3085,6624,1844],"class_list":{"0":"post-62453","1":"post","2":"type-post","3":"status-publish","4":"format-standard","5":"has-post-thumbnail","7":"category-polizeimeldungen","8":"tag-26-10-2018","9":"tag-cannabisgeruch","10":"tag-cannabissamen","11":"tag-einsatz","12":"tag-ermittlungen","13":"tag-haschisch","14":"tag-mehrfamilienhaus","15":"tag-polizei","16":"tag-rauchutensilien","17":"tag-roth","18":"tag-sueden","19":"tag-verstoss-gegen-das-betaeubungsmittelgesetz","20":"tag-wohnung"},"_links":{"self":[{"href":"https:\/\/www.region-schwabach.de\/wordpress\/wp-json\/wp\/v2\/posts\/62453","targetHints":{"allow":["GET"]}}],"collection":[{"href":"https:\/\/www.region-schwabach.de\/wordpress\/wp-json\/wp\/v2\/posts"}],"about":[{"href":"https:\/\/www.region-schwabach.de\/wordpress\/wp-json\/wp\/v2\/types\/post"}],"author":[{"embeddable":true,"href":"https:\/\/www.region-schwabach.de\/wordpress\/wp-json\/wp\/v2\/users\/1"}],"replies":[{"embeddable":true,"href":"https:\/\/www.region-schwabach.de\/wordpress\/wp-json\/wp\/v2\/comments?post=62453"}],"version-history":[{"count":0,"href":"https:\/\/www.region-schwabach.de\/wordpress\/wp-json\/wp\/v2\/posts\/62453\/revisions"}],"wp:featuredmedia":[{"embeddable":true,"href":"https:\/\/www.region-schwabach.de\/wordpress\/wp-json\/wp\/v2\/media\/62454"}],"wp:attachment":[{"href":"https:\/\/www.region-schwabach.de\/wordpress\/wp-json\/wp\/v2\/media?parent=62453"}],"wp:term":[{"taxonomy":"category","embeddable":true,"href":"https:\/\/www.region-schwabach.de\/wordpress\/wp-json\/wp\/v2\/categories?post=62453"},{"taxonomy":"post_tag","embeddable":true,"href":"https:\/\/www.region-schwabach.de\/wordpress\/wp-json\/wp\/v2\/tags?post=62453"}],"curies":[{"name":"wp","href":"https:\/\/api.w.org\/{rel}","templated":true}]}}