{"id":62465,"date":"2018-10-27T13:45:51","date_gmt":"2018-10-27T11:45:51","guid":{"rendered":"http:\/\/www.region-schwabach.de\/wordpress\/?p=62465"},"modified":"2018-10-27T13:49:55","modified_gmt":"2018-10-27T11:49:55","slug":"mann-in-schwanstetten-vom-rad-gestuerzt","status":"publish","type":"post","link":"https:\/\/www.region-schwabach.de\/wordpress\/mann-in-schwanstetten-vom-rad-gestuerzt\/","title":{"rendered":"Mann in Schwanstetten vom Rad gest\u00fcrzt"},"content":{"rendered":"\t\t<div data-elementor-type=\"wp-post\" data-elementor-id=\"62465\" class=\"elementor elementor-62465 elementor-bc-flex-widget\">\n\t\t\t\t\t\t<section class=\"elementor-section elementor-top-section elementor-element elementor-element-1cuv9jr elementor-section-boxed elementor-section-height-default elementor-section-height-default\" data-id=\"1cuv9jr\" data-element_type=\"section\">\n\t\t\t\t\t\t<div class=\"elementor-container elementor-column-gap-default\">\n\t\t\t\t\t<div class=\"elementor-column elementor-col-66 elementor-top-column elementor-element elementor-element-q5zak7b\" data-id=\"q5zak7b\" data-element_type=\"column\">\n\t\t\t<div class=\"elementor-widget-wrap elementor-element-populated\">\n\t\t\t\t\t\t<div class=\"elementor-element elementor-element-763ecdd elementor-widget elementor-widget-text-editor\" data-id=\"763ecdd\" data-element_type=\"widget\" data-widget_type=\"text-editor.default\">\n\t\t\t\t<div class=\"elementor-widget-container\">\n\t\t\t\t\t\t\t<h3 class=\"story-headline\"><strong>Vom Fahrrad gest\u00fcrzt<\/strong><\/h3><p><span style=\"font-size: 12pt;\">Schwanstetten &#8211; Am Freitagmorgen, den 26.10.2018, war ein 74-j\u00e4hriger Rentner in der Ringstra\u00dfe in Schwanstetten mit seinem E-Bike unterwegs, als er bei einer zu starken Lenkbewegung die Kontrolle \u00fcber das Bike verlor, und auf den Asphalt st\u00fcrzte. Dabei zog er sich eine starke H\u00fcftprellung zu, und wurde deshalb vom Rettungsdienst ins Krankenhaus gebracht.\u00a0\u00a0\u00a0 <\/span><\/p>\t\t\t\t\t\t<\/div>\n\t\t\t\t<\/div>\n\t\t\t\t<div class=\"elementor-element elementor-element-ace1283 elementor-widget-divider--view-line elementor-widget elementor-widget-divider\" data-id=\"ace1283\" data-element_type=\"widget\" data-widget_type=\"divider.default\">\n\t\t\t\t<div class=\"elementor-widget-container\">\n\t\t\t\t\t<div class=\"elementor-divider\">\n\t\t\t<span class=\"elementor-divider-separator\">\n\t\t\t\t\t\t<\/span>\n\t\t<\/div>\n\t\t\t\t<\/div>\n\t\t\t\t<\/div>\n\t\t\t\t<div class=\"elementor-element elementor-element-1l7zbzo elementor-widget elementor-widget-google_maps\" data-id=\"1l7zbzo\" data-element_type=\"widget\" data-widget_type=\"google_maps.default\">\n\t\t\t\t<div class=\"elementor-widget-container\">\n\t\t\t\t\t<div class=\"elementor-custom-embed\">\n\t\t\t<iframe loading=\"lazy\"\n\t\t\t\t\tsrc=\"https:\/\/maps.google.com\/maps?q=Ringstra%C3%9Fe%2C%20Schwanstetten%2C%20Deutschland&#038;t=m&#038;z=17&#038;output=embed&#038;iwloc=near\"\n\t\t\t\t\ttitle=\"Ringstra\u00dfe, Schwanstetten, Deutschland\"\n\t\t\t\t\taria-label=\"Ringstra\u00dfe, Schwanstetten, Deutschland\"\n\t\t\t><\/iframe>\n\t\t<\/div>\n\t\t\t\t<\/div>\n\t\t\t\t<\/div>\n\t\t\t\t\t<\/div>\n\t\t<\/div>\n\t\t\t\t<div class=\"elementor-column elementor-col-33 elementor-top-column elementor-element elementor-element-0w0urt1\" data-id=\"0w0urt1\" data-element_type=\"column\">\n\t\t\t<div class=\"elementor-widget-wrap\">\n\t\t\t\t\t\t\t<\/div>\n\t\t<\/div>\n\t\t\t\t\t<\/div>\n\t\t<\/section>\n\t\t\t\t<\/div>\n\t\t","protected":false},"excerpt":{"rendered":"<div class=\"mh-excerpt\"><p>\u201epowered by TARIFCHECK24 GmbH\u201c Vom Fahrrad gest\u00fcrzt Schwanstetten &#8211; Am Freitagmorgen, den 26.10.2018, war ein 74-j\u00e4hriger Rentner in der Ringstra\u00dfe in Schwanstetten mit seinem E-Bike unterwegs, als er bei einer zu starken Lenkbewegung die Kontrolle <a class=\"mh-excerpt-more\" href=\"https:\/\/www.region-schwabach.de\/wordpress\/mann-in-schwanstetten-vom-rad-gestuerzt\/\" title=\"Mann in Schwanstetten vom Rad gest\u00fcrzt\">[&#8230;]<\/a><\/p>\n<\/div>","protected":false},"author":1,"featured_media":62466,"comment_status":"open","ping_status":"open","sticky":false,"template":"","format":"standard","meta":{"_cbd_carousel_blocks":"[]","footnotes":""},"categories":[15],"tags":[6148,5299,878,643,6635,6634,1856,1375,1548,2103,1508,430,875],"class_list":{"0":"post-62465","1":"post","2":"type-post","3":"status-publish","4":"format-standard","5":"has-post-thumbnail","7":"category-polizeimeldungen","8":"tag-26-10-2018","9":"tag-asphalt","10":"tag-e-bike","11":"tag-fahrrad","12":"tag-hueftprellung","13":"tag-kontrolle-verloren","14":"tag-krankenhaus","15":"tag-leicht-verletzt","16":"tag-mann","17":"tag-rettungsdienst","18":"tag-ringstrasse","19":"tag-schwanstetten","20":"tag-sturz"},"_links":{"self":[{"href":"https:\/\/www.region-schwabach.de\/wordpress\/wp-json\/wp\/v2\/posts\/62465","targetHints":{"allow":["GET"]}}],"collection":[{"href":"https:\/\/www.region-schwabach.de\/wordpress\/wp-json\/wp\/v2\/posts"}],"about":[{"href":"https:\/\/www.region-schwabach.de\/wordpress\/wp-json\/wp\/v2\/types\/post"}],"author":[{"embeddable":true,"href":"https:\/\/www.region-schwabach.de\/wordpress\/wp-json\/wp\/v2\/users\/1"}],"replies":[{"embeddable":true,"href":"https:\/\/www.region-schwabach.de\/wordpress\/wp-json\/wp\/v2\/comments?post=62465"}],"version-history":[{"count":0,"href":"https:\/\/www.region-schwabach.de\/wordpress\/wp-json\/wp\/v2\/posts\/62465\/revisions"}],"wp:featuredmedia":[{"embeddable":true,"href":"https:\/\/www.region-schwabach.de\/wordpress\/wp-json\/wp\/v2\/media\/62466"}],"wp:attachment":[{"href":"https:\/\/www.region-schwabach.de\/wordpress\/wp-json\/wp\/v2\/media?parent=62465"}],"wp:term":[{"taxonomy":"category","embeddable":true,"href":"https:\/\/www.region-schwabach.de\/wordpress\/wp-json\/wp\/v2\/categories?post=62465"},{"taxonomy":"post_tag","embeddable":true,"href":"https:\/\/www.region-schwabach.de\/wordpress\/wp-json\/wp\/v2\/tags?post=62465"}],"curies":[{"name":"wp","href":"https:\/\/api.w.org\/{rel}","templated":true}]}}