{"id":62693,"date":"2018-11-04T00:00:55","date_gmt":"2018-11-03T23:00:55","guid":{"rendered":"http:\/\/www.region-schwabach.de\/wordpress\/?p=62693"},"modified":"2018-12-07T17:13:43","modified_gmt":"2018-12-07T16:13:43","slug":"lesart-am-4-november-2018-bas-boettcher","status":"publish","type":"post","link":"https:\/\/www.region-schwabach.de\/wordpress\/lesart-am-4-november-2018-bas-boettcher\/","title":{"rendered":"LesArt am 4. November 2018 \u2013 Bas B\u00f6ttcher"},"content":{"rendered":"\t\t<div data-elementor-type=\"wp-post\" data-elementor-id=\"62693\" class=\"elementor elementor-62693 elementor-bc-flex-widget\">\n\t\t\t\t\t\t<section class=\"elementor-section elementor-top-section elementor-element elementor-element-678181b elementor-section-boxed elementor-section-height-default elementor-section-height-default\" data-id=\"678181b\" data-element_type=\"section\">\n\t\t\t\t\t\t<div class=\"elementor-container elementor-column-gap-default\">\n\t\t\t\t\t<div class=\"elementor-column elementor-col-66 elementor-top-column elementor-element elementor-element-6b34026\" data-id=\"6b34026\" data-element_type=\"column\">\n\t\t\t<div class=\"elementor-widget-wrap elementor-element-populated\">\n\t\t\t\t\t\t<div class=\"elementor-element elementor-element-443ab98 elementor-widget elementor-widget-text-editor\" data-id=\"443ab98\" data-element_type=\"widget\" data-widget_type=\"text-editor.default\">\n\t\t\t\t<div class=\"elementor-widget-container\">\n\t\t\t\t\t\t\t<h3 class=\"entry-title\">LesArt am 4. November 2018 \u2013 Bas B\u00f6ttcher<\/h3><p>Schwabach &#8211; Am Sonntag, den 4. November 2018, tritt Bas B\u00f6ttcher mit einer Poetry-Slam-Show, um 20.00 Uhr im Jugendzentrum im AUREX auf.\u00a0<\/p><table style=\"border-collapse: collapse; width: 100%;\" border=\"1\"><tbody><tr><td style=\"width: 25%;\"><a href=\"http:\/\/www.region-schwabach.de\/wordpress\/wp-content\/uploads\/2018\/10\/bas_boettcher@felix_warmuth-e1538346053447.jpg\"><img fetchpriority=\"high\" decoding=\"async\" class=\"alignnone wp-image-58328 size-full\" src=\"http:\/\/www.region-schwabach.de\/wordpress\/wp-content\/uploads\/2018\/10\/bas_boettcher@felix_warmuth-e1538346053447.jpg\" alt=\"\" width=\"960\" height=\"656\" \/><\/a> bas_boettcher@felix_warmuth<\/td><td style=\"width: 50%; text-align: left; vertical-align: middle;\">Vor allem Lyrik steht dieses Jahr im Fokus der LesArt. An junge Literaturfans\u00a0wendet sich die Poetry-Slam-Show von Bas B\u00f6ttcher. Als Pionier der Poetry-Slam-Bewegung pr\u00e4gte er den Stil einer neuen Live-Literatur, die explizit f\u00fcr\u00a0die B\u00fchne verfasst wird. Im Programm &#8222;Die verkuppelten Worte&#8220; geht er der\u00a0Alltagssprache auf den Grund. Wie klingt ein Liebesgedicht auf Denglisch?\u00a0K\u00f6nnen W\u00f6rter stolpern oder verstecken spielen? Welche\u00a0 Missverst\u00e4ndnisse\u00a0lauern in der Sprache? (4.11., 20 Uhr).<\/td><\/tr><\/tbody><\/table><h3>Informationen:<\/h3><p>Weitere Informationen gibt es bei der LesArt-Projektleiterin Hanne Hofherr unter Telefon\u00a009122 860-426, LesArt-Programme und Karten im Vorverkauf ab 5. Oktober im\u00a0B\u00fcrgerb\u00fcro im Rathaus, Telefon 09122 8600, bei allen\u00a0 angeschlossenen\u00a0Reservix-Vorverkaufsstellen sowie unter <a href=\"http:\/\/www.schwabach.de\" target=\"_blank\" rel=\"noopener\">www.schwabach.de<\/a> und\u00a0<a href=\"http:\/\/www.reservix.de\" target=\"_blank\" rel=\"noopener\">www.reservix.de<\/a>.<\/p><h3>Eintrittspreise:<\/h3><p>Eintrittspreise: 3,50 bis 10,50 \u20ac, Sch\u00fcler\/ Studenten\u00a0erm\u00e4\u00dfigt; kulinarische Lesung: 38,- \u20ac. Karten beim Goldenen Stern, Telefon\u00a009122 2335; F\u00fcnfer-Ticket: 10 Prozent Rabatt bei Kauf von 5 Karten\u00a0verschiedener Autoren, 20 Prozent Rabatt bei Vorlage der ZAC-Abo-Card (nur\u00a0im VVK, kein Umtausch m\u00f6glich).<\/p><h3>Weiterf\u00fchrende Links:<\/h3><p><a href=\"https:\/\/www.schwabach.de\/images\/referate\/Kulturamt\/Kulturamt\/Festivals\/LesArt\/Downloads\/LA-Broschure-Schwabach18_web3.pdf\" target=\"_blank\" rel=\"noopener\">Hier k\u00f6nnen Sie sich die LesART-Brosch\u00fcre 2018 downloaden &#8230;<\/a><\/p>\t\t\t\t\t\t<\/div>\n\t\t\t\t<\/div>\n\t\t\t\t<section class=\"elementor-section elementor-inner-section elementor-element elementor-element-6553409 elementor-section-boxed elementor-section-height-default elementor-section-height-default\" data-id=\"6553409\" data-element_type=\"section\">\n\t\t\t\t\t\t<div class=\"elementor-container elementor-column-gap-default\">\n\t\t\t\t\t<div class=\"elementor-column elementor-col-100 elementor-inner-column elementor-element elementor-element-00f4456\" data-id=\"00f4456\" data-element_type=\"column\">\n\t\t\t<div class=\"elementor-widget-wrap elementor-element-populated\">\n\t\t\t\t\t\t<div class=\"elementor-element elementor-element-b88400a elementor-widget elementor-widget-html\" data-id=\"b88400a\" data-element_type=\"widget\" data-widget_type=\"html.default\">\n\t\t\t\t<div class=\"elementor-widget-container\">\n\t\t\t<iframe style=\"width:120px;height:240px;\" marginwidth=\"0\" marginheight=\"0\" scrolling=\"no\" frameborder=\"0\" src=\"\/\/ws-eu.amazon-adsystem.com\/widgets\/q?ServiceVersion=20070822&OneJS=1&Operation=GetAdHtml&MarketPlace=DE&source=ac&ref=qf_sp_asin_til&ad_type=product_link&tracking_id=hlde-21&marketplace=amazon&region=DE&placement=3944035380&asins=3944035380&linkId=356da800f51eec58a73749fa456bb52a&show_border=true&link_opens_in_new_window=true&price_color=333333&title_color=0066c0&bg_color=ffffff\"><\/iframe>\n<iframe style=\"width:120px;height:240px;\" marginwidth=\"0\" marginheight=\"0\" scrolling=\"no\" frameborder=\"0\" src=\"\/\/ws-eu.amazon-adsystem.com\/widgets\/q?ServiceVersion=20070822&OneJS=1&Operation=GetAdHtml&MarketPlace=DE&source=ac&ref=qf_sp_asin_til&ad_type=product_link&tracking_id=hlde-21&marketplace=amazon&region=DE&placement=3507470616&asins=3507470616&linkId=a378b300e9a33864523f999e4b4aabe3&show_border=true&link_opens_in_new_window=true&price_color=333333&title_color=0066c0&bg_color=ffffff\"><\/iframe>\t\t<\/div>\n\t\t\t\t<\/div>\n\t\t\t\t\t<\/div>\n\t\t<\/div>\n\t\t\t\t\t<\/div>\n\t\t<\/section>\n\t\t\t\t\t<\/div>\n\t\t<\/div>\n\t\t\t\t<div class=\"elementor-column elementor-col-33 elementor-top-column elementor-element elementor-element-f645137\" data-id=\"f645137\" data-element_type=\"column\">\n\t\t\t<div class=\"elementor-widget-wrap\">\n\t\t\t\t\t\t\t<\/div>\n\t\t<\/div>\n\t\t\t\t\t<\/div>\n\t\t<\/section>\n\t\t\t\t<\/div>\n\t\t","protected":false},"excerpt":{"rendered":"<div class=\"mh-excerpt\"><p>LesArt am 4. November 2018 \u2013 Bas B\u00f6ttcher Schwabach &#8211; Am Sonntag, den 4. November 2018, tritt Bas B\u00f6ttcher mit einer Poetry-Slam-Show, um 20.00 Uhr im Jugendzentrum im AUREX auf.\u00a0 bas_boettcher@felix_warmuth Vor allem Lyrik steht <a class=\"mh-excerpt-more\" href=\"https:\/\/www.region-schwabach.de\/wordpress\/lesart-am-4-november-2018-bas-boettcher\/\" title=\"LesArt am 4. November 2018 \u2013 Bas B\u00f6ttcher\">[&#8230;]<\/a><\/p>\n<\/div>","protected":false},"author":1,"featured_media":58316,"comment_status":"open","ping_status":"open","sticky":false,"template":"","format":"standard","meta":{"_cbd_carousel_blocks":"[]","footnotes":""},"categories":[16,287,61,231],"tags":[6495,4517,6178,6646,311,6179,3953,1480,19],"class_list":{"0":"post-62693","1":"post","2":"type-post","3":"status-publish","4":"format-standard","5":"has-post-thumbnail","7":"category-aktuell","8":"category-jugend-und-familie","9":"category-rathaus","10":"category-veranstaltungsnews","11":"tag-04-11-2018","12":"tag-aurex","13":"tag-autoren","14":"tag-bas-boettcher","15":"tag-lesart","16":"tag-musikalische-buehnenshow","17":"tag-november-2018","18":"tag-rathaus","19":"tag-schwabach"},"_links":{"self":[{"href":"https:\/\/www.region-schwabach.de\/wordpress\/wp-json\/wp\/v2\/posts\/62693","targetHints":{"allow":["GET"]}}],"collection":[{"href":"https:\/\/www.region-schwabach.de\/wordpress\/wp-json\/wp\/v2\/posts"}],"about":[{"href":"https:\/\/www.region-schwabach.de\/wordpress\/wp-json\/wp\/v2\/types\/post"}],"author":[{"embeddable":true,"href":"https:\/\/www.region-schwabach.de\/wordpress\/wp-json\/wp\/v2\/users\/1"}],"replies":[{"embeddable":true,"href":"https:\/\/www.region-schwabach.de\/wordpress\/wp-json\/wp\/v2\/comments?post=62693"}],"version-history":[{"count":0,"href":"https:\/\/www.region-schwabach.de\/wordpress\/wp-json\/wp\/v2\/posts\/62693\/revisions"}],"wp:featuredmedia":[{"embeddable":true,"href":"https:\/\/www.region-schwabach.de\/wordpress\/wp-json\/wp\/v2\/media\/58316"}],"wp:attachment":[{"href":"https:\/\/www.region-schwabach.de\/wordpress\/wp-json\/wp\/v2\/media?parent=62693"}],"wp:term":[{"taxonomy":"category","embeddable":true,"href":"https:\/\/www.region-schwabach.de\/wordpress\/wp-json\/wp\/v2\/categories?post=62693"},{"taxonomy":"post_tag","embeddable":true,"href":"https:\/\/www.region-schwabach.de\/wordpress\/wp-json\/wp\/v2\/tags?post=62693"}],"curies":[{"name":"wp","href":"https:\/\/api.w.org\/{rel}","templated":true}]}}