{"id":63148,"date":"2018-10-30T11:31:39","date_gmt":"2018-10-30T10:31:39","guid":{"rendered":"http:\/\/www.region-schwabach.de\/wordpress\/?p=63148"},"modified":"2018-10-30T11:42:01","modified_gmt":"2018-10-30T10:42:01","slug":"zeugen-fuer-unfall-in-allersberg-gesucht-2","status":"publish","type":"post","link":"https:\/\/www.region-schwabach.de\/wordpress\/zeugen-fuer-unfall-in-allersberg-gesucht-2\/","title":{"rendered":"Zeugen f\u00fcr Unfall in Allersberg  gesucht"},"content":{"rendered":"\t\t<div data-elementor-type=\"wp-post\" data-elementor-id=\"63148\" class=\"elementor elementor-63148 elementor-bc-flex-widget\">\n\t\t\t\t\t\t<section class=\"elementor-section elementor-top-section elementor-element elementor-element-1cuv9jr elementor-section-boxed elementor-section-height-default elementor-section-height-default\" data-id=\"1cuv9jr\" data-element_type=\"section\">\n\t\t\t\t\t\t<div class=\"elementor-container elementor-column-gap-default\">\n\t\t\t\t\t<div class=\"elementor-column elementor-col-66 elementor-top-column elementor-element elementor-element-q5zak7b\" data-id=\"q5zak7b\" data-element_type=\"column\">\n\t\t\t<div class=\"elementor-widget-wrap elementor-element-populated\">\n\t\t\t\t\t\t<div class=\"elementor-element elementor-element-763ecdd elementor-widget elementor-widget-text-editor\" data-id=\"763ecdd\" data-element_type=\"widget\" data-widget_type=\"text-editor.default\">\n\t\t\t\t<div class=\"elementor-widget-container\">\n\t\t\t\t\t\t\t<h3 class=\"story-headline\"><strong>Zeugen f\u00fcr Unfall am Allersberger Kreisverkehr gesucht<\/strong><\/h3><p><span style=\"font-size: 12pt;\">Allersberg &#8211; Am Montagmorgen, den 29.10.2018, kam es um 08.15 Uhr zu einem Verkehrsunfall am Kreisverkehr Allersberg f\u00fcr den die Polizei Hilpoltstein Zeugen sucht. Ein LKW- und ein PKW-Fahrer fuhren zeitgleich, von der Autobahn kommend, nebeneinander in den Kreisverkehr Allersberg ein, wobei sich die beiden Fahrzeuge ber\u00fchrten, und es so zu einem Schaden in H\u00f6he von ca. 6.000 Euro kam. <\/span><\/p><h3>Unterschiedliche Aussagen der Unfallbeteiligten<\/h3><p><span style=\"font-size: 12pt;\">Da beide Fahrer widerspr\u00fcchliche Angaben zum Unfallhergang machten, sucht die Polizei nun Zeugen f\u00fcr den Unfall. Wer also am Montagmorgen etwas gesehen hat, da\u00df zur Aufkl\u00e4rung des Unfallhergangs beitragen kann, wird gebeten sich mit der Polizei in Hilpoltstein unter der\u00a0 Telefonnummer 09174-4789-0 in Verbindung zu setzen.<\/span><\/p>\t\t\t\t\t\t<\/div>\n\t\t\t\t<\/div>\n\t\t\t\t<div class=\"elementor-element elementor-element-ace1283 elementor-widget-divider--view-line elementor-widget elementor-widget-divider\" data-id=\"ace1283\" data-element_type=\"widget\" data-widget_type=\"divider.default\">\n\t\t\t\t<div class=\"elementor-widget-container\">\n\t\t\t\t\t<div class=\"elementor-divider\">\n\t\t\t<span class=\"elementor-divider-separator\">\n\t\t\t\t\t\t<\/span>\n\t\t<\/div>\n\t\t\t\t<\/div>\n\t\t\t\t<\/div>\n\t\t\t\t<div class=\"elementor-element elementor-element-1l7zbzo elementor-widget elementor-widget-google_maps\" data-id=\"1l7zbzo\" data-element_type=\"widget\" data-widget_type=\"google_maps.default\">\n\t\t\t\t<div class=\"elementor-widget-container\">\n\t\t\t\t\t<div class=\"elementor-custom-embed\">\n\t\t\t<iframe loading=\"lazy\"\n\t\t\t\t\tsrc=\"https:\/\/maps.google.com\/maps?q=49.247665%2C%2011.212278&#038;t=m&#038;z=15&#038;output=embed&#038;iwloc=near\"\n\t\t\t\t\ttitle=\"49.247665, 11.212278\"\n\t\t\t\t\taria-label=\"49.247665, 11.212278\"\n\t\t\t><\/iframe>\n\t\t<\/div>\n\t\t\t\t<\/div>\n\t\t\t\t<\/div>\n\t\t\t\t\t<\/div>\n\t\t<\/div>\n\t\t\t\t<div class=\"elementor-column elementor-col-33 elementor-top-column elementor-element elementor-element-0w0urt1\" data-id=\"0w0urt1\" data-element_type=\"column\">\n\t\t\t<div class=\"elementor-widget-wrap\">\n\t\t\t\t\t\t\t<\/div>\n\t\t<\/div>\n\t\t\t\t\t<\/div>\n\t\t<\/section>\n\t\t\t\t<\/div>\n\t\t","protected":false},"excerpt":{"rendered":"<div class=\"mh-excerpt\"><p>Zeugen f\u00fcr Unfall am Allersberger Kreisverkehr gesucht Allersberg &#8211; Am Montagmorgen, den 29.10.2018, kam es um 08.15 Uhr zu einem Verkehrsunfall am Kreisverkehr Allersberg f\u00fcr den die Polizei Hilpoltstein Zeugen sucht. Ein LKW- und ein <a class=\"mh-excerpt-more\" href=\"https:\/\/www.region-schwabach.de\/wordpress\/zeugen-fuer-unfall-in-allersberg-gesucht-2\/\" title=\"Zeugen f\u00fcr Unfall in Allersberg  gesucht\">[&#8230;]<\/a><\/p>\n<\/div>","protected":false},"author":1,"featured_media":63149,"comment_status":"open","ping_status":"open","sticky":false,"template":"","format":"standard","meta":{"_cbd_carousel_blocks":"[]","footnotes":""},"categories":[15],"tags":[6150,556,1814,297,397,261,463,981,6654,4903],"class_list":{"0":"post-63148","1":"post","2":"type-post","3":"status-publish","4":"format-standard","5":"has-post-thumbnail","7":"category-polizeimeldungen","8":"tag-29-10-2018","9":"tag-allersberg","10":"tag-beruehrung","11":"tag-hilpoltstein","12":"tag-kreisverkehr","13":"tag-lkw","14":"tag-pkw","15":"tag-polizei","16":"tag-widerspruechliche-angaben","17":"tag-zeugen-gesucht"},"_links":{"self":[{"href":"https:\/\/www.region-schwabach.de\/wordpress\/wp-json\/wp\/v2\/posts\/63148","targetHints":{"allow":["GET"]}}],"collection":[{"href":"https:\/\/www.region-schwabach.de\/wordpress\/wp-json\/wp\/v2\/posts"}],"about":[{"href":"https:\/\/www.region-schwabach.de\/wordpress\/wp-json\/wp\/v2\/types\/post"}],"author":[{"embeddable":true,"href":"https:\/\/www.region-schwabach.de\/wordpress\/wp-json\/wp\/v2\/users\/1"}],"replies":[{"embeddable":true,"href":"https:\/\/www.region-schwabach.de\/wordpress\/wp-json\/wp\/v2\/comments?post=63148"}],"version-history":[{"count":0,"href":"https:\/\/www.region-schwabach.de\/wordpress\/wp-json\/wp\/v2\/posts\/63148\/revisions"}],"wp:featuredmedia":[{"embeddable":true,"href":"https:\/\/www.region-schwabach.de\/wordpress\/wp-json\/wp\/v2\/media\/63149"}],"wp:attachment":[{"href":"https:\/\/www.region-schwabach.de\/wordpress\/wp-json\/wp\/v2\/media?parent=63148"}],"wp:term":[{"taxonomy":"category","embeddable":true,"href":"https:\/\/www.region-schwabach.de\/wordpress\/wp-json\/wp\/v2\/categories?post=63148"},{"taxonomy":"post_tag","embeddable":true,"href":"https:\/\/www.region-schwabach.de\/wordpress\/wp-json\/wp\/v2\/tags?post=63148"}],"curies":[{"name":"wp","href":"https:\/\/api.w.org\/{rel}","templated":true}]}}