{"id":63183,"date":"2018-10-30T16:31:56","date_gmt":"2018-10-30T15:31:56","guid":{"rendered":"http:\/\/www.region-schwabach.de\/wordpress\/?p=63183"},"modified":"2018-10-30T16:43:18","modified_gmt":"2018-10-30T15:43:18","slug":"fluechtige-fahrraddiebe-in-ellingen","status":"publish","type":"post","link":"https:\/\/www.region-schwabach.de\/wordpress\/fluechtige-fahrraddiebe-in-ellingen\/","title":{"rendered":"Fl\u00fcchtige Fahrraddiebe in Ellingen"},"content":{"rendered":"\t\t<div data-elementor-type=\"wp-post\" data-elementor-id=\"63183\" class=\"elementor elementor-63183 elementor-bc-flex-widget\">\n\t\t\t\t\t\t<section class=\"elementor-section elementor-top-section elementor-element elementor-element-1cuv9jr elementor-section-boxed elementor-section-height-default elementor-section-height-default\" data-id=\"1cuv9jr\" data-element_type=\"section\">\n\t\t\t\t\t\t<div class=\"elementor-container elementor-column-gap-default\">\n\t\t\t\t\t<div class=\"elementor-column elementor-col-66 elementor-top-column elementor-element elementor-element-q5zak7b\" data-id=\"q5zak7b\" data-element_type=\"column\">\n\t\t\t<div class=\"elementor-widget-wrap elementor-element-populated\">\n\t\t\t\t\t\t<div class=\"elementor-element elementor-element-763ecdd elementor-widget elementor-widget-text-editor\" data-id=\"763ecdd\" data-element_type=\"widget\" data-widget_type=\"text-editor.default\">\n\t\t\t\t<div class=\"elementor-widget-container\">\n\t\t\t\t\t\t\t<h3 class=\"story-headline\"><strong>Fl\u00fcchtige Fahrraddiebe in Ellingen<\/strong><\/h3><p><span style=\"font-size: 12pt;\">Ellingen &#8211; Am\u00a0<\/span>Am Montagmittag, den 29.10.2018, wurde die Wei\u00dfenburger Polizei von einer aufmerksame Zeugin \u00fcber einen Fahrraddiebstahl aus einem Privatanwesen im Ziegelweg in Ellingen informiert.\u00a0<\/p><h3>T\u00e4ter fl\u00fcchten nach Ansprache Richtung Bahnhof<\/h3><p>Der T\u00e4ter &#8211; und ein vermutlich Schmiere stehender Komplize fl\u00fcchteten im Anschluss, nachdem sie von der Zeugin angesprochen wurden, in Richtung Bahnhof, wobei sich einer der T\u00e4ter mit dem Zug entfernte, w\u00e4hrend der zweite \u00fcber die Bahngleise fl\u00fcchtete, nachdem er von einer Zeugin daran gehindert wurde mit dem Fahrrad den Zug zu besteigen.<\/p><h3>Fahrrad zur\u00fcckgelassen, Fahndung erfolglos<\/h3><p>Die sofort eingeleitete Fahndung nach den T\u00e4tern verlief jedoch leider erfolglos, das\u00a0 Fahrrad im Wert von ca. 500 Euro wurde vom T\u00e4ter zur\u00fcckgelassen, und konnte der Eigent\u00fcmerin im Anschluss wieder ausgeh\u00e4ndigt werden.<\/p><h3>T\u00e4terbeschreibung:<\/h3><p>In diesem Zusammenhang sucht die Polizei nach einer m\u00e4nnlichen Person, die zur Tatzeit einen auff\u00e4lligen grauen, oberschenkellangen Mantel trug und einen Hartschalentrolley mit sich f\u00fchrte. Weiterhin ist von diesem T\u00e4ter bekannt, dass er ca. 170 gro\u00df ist und ca. 20 Jahre alt war. Der zweite T\u00e4ter war ebenfalls ca. 170 cm gro\u00df und schlank. Auch er war um die 20 Jahre alt.<\/p><h3>Polizei bittet um Mithilfe<\/h3><p><span style=\"font-size: 12pt;\">Personen, die verd\u00e4chtige Beobachtungen gemacht haben, werden gebeten, diese der Polizei in Wei\u00dfenburg unter der Rufnummer 09141-8687-0 mitzuteilen.<\/span><\/p>\t\t\t\t\t\t<\/div>\n\t\t\t\t<\/div>\n\t\t\t\t<div class=\"elementor-element elementor-element-ace1283 elementor-widget-divider--view-line elementor-widget elementor-widget-divider\" data-id=\"ace1283\" data-element_type=\"widget\" data-widget_type=\"divider.default\">\n\t\t\t\t<div class=\"elementor-widget-container\">\n\t\t\t\t\t<div class=\"elementor-divider\">\n\t\t\t<span class=\"elementor-divider-separator\">\n\t\t\t\t\t\t<\/span>\n\t\t<\/div>\n\t\t\t\t<\/div>\n\t\t\t\t<\/div>\n\t\t\t\t<div class=\"elementor-element elementor-element-1l7zbzo elementor-widget elementor-widget-google_maps\" data-id=\"1l7zbzo\" data-element_type=\"widget\" data-widget_type=\"google_maps.default\">\n\t\t\t\t<div class=\"elementor-widget-container\">\n\t\t\t\t\t<div class=\"elementor-custom-embed\">\n\t\t\t<iframe loading=\"lazy\"\n\t\t\t\t\tsrc=\"https:\/\/maps.google.com\/maps?q=Ziegelweg%2C%20Ellingen%2C%20Deutschland&#038;t=m&#038;z=17&#038;output=embed&#038;iwloc=near\"\n\t\t\t\t\ttitle=\"Ziegelweg, Ellingen, Deutschland\"\n\t\t\t\t\taria-label=\"Ziegelweg, Ellingen, Deutschland\"\n\t\t\t><\/iframe>\n\t\t<\/div>\n\t\t\t\t<\/div>\n\t\t\t\t<\/div>\n\t\t\t\t\t<\/div>\n\t\t<\/div>\n\t\t\t\t<div class=\"elementor-column elementor-col-33 elementor-top-column elementor-element elementor-element-0w0urt1\" data-id=\"0w0urt1\" data-element_type=\"column\">\n\t\t\t<div class=\"elementor-widget-wrap\">\n\t\t\t\t\t\t\t<\/div>\n\t\t<\/div>\n\t\t\t\t\t<\/div>\n\t\t<\/section>\n\t\t\t\t<\/div>\n\t\t","protected":false},"excerpt":{"rendered":"<div class=\"mh-excerpt\"><p>Fl\u00fcchtige Fahrraddiebe in Ellingen Ellingen &#8211; Am\u00a0Am Montagmittag, den 29.10.2018, wurde die Wei\u00dfenburger Polizei von einer aufmerksame Zeugin \u00fcber einen Fahrraddiebstahl aus einem Privatanwesen im Ziegelweg in Ellingen informiert.\u00a0 T\u00e4ter fl\u00fcchten nach Ansprache Richtung Bahnhof <a class=\"mh-excerpt-more\" href=\"https:\/\/www.region-schwabach.de\/wordpress\/fluechtige-fahrraddiebe-in-ellingen\/\" title=\"Fl\u00fcchtige Fahrraddiebe in Ellingen\">[&#8230;]<\/a><\/p>\n<\/div>","protected":false},"author":1,"featured_media":63184,"comment_status":"open","ping_status":"open","sticky":false,"template":"","format":"standard","meta":{"_cbd_carousel_blocks":"[]","footnotes":""},"categories":[15],"tags":[6150,6668,274,30,970,643,981,6669,401,713,249,1532,5296,6667],"class_list":{"0":"post-63183","1":"post","2":"type-post","3":"status-publish","4":"format-standard","5":"has-post-thumbnail","7":"category-polizeimeldungen","8":"tag-29-10-2018","9":"tag-bahngleise","10":"tag-bahnhof","11":"tag-diebstahl","12":"tag-ellingen","13":"tag-fahrrad","14":"tag-polizei","15":"tag-privatanwesen","16":"tag-sachschaden","17":"tag-schaden","18":"tag-weissenburg","19":"tag-zeugin","20":"tag-ziegelweg","21":"tag-zug"},"_links":{"self":[{"href":"https:\/\/www.region-schwabach.de\/wordpress\/wp-json\/wp\/v2\/posts\/63183","targetHints":{"allow":["GET"]}}],"collection":[{"href":"https:\/\/www.region-schwabach.de\/wordpress\/wp-json\/wp\/v2\/posts"}],"about":[{"href":"https:\/\/www.region-schwabach.de\/wordpress\/wp-json\/wp\/v2\/types\/post"}],"author":[{"embeddable":true,"href":"https:\/\/www.region-schwabach.de\/wordpress\/wp-json\/wp\/v2\/users\/1"}],"replies":[{"embeddable":true,"href":"https:\/\/www.region-schwabach.de\/wordpress\/wp-json\/wp\/v2\/comments?post=63183"}],"version-history":[{"count":0,"href":"https:\/\/www.region-schwabach.de\/wordpress\/wp-json\/wp\/v2\/posts\/63183\/revisions"}],"wp:featuredmedia":[{"embeddable":true,"href":"https:\/\/www.region-schwabach.de\/wordpress\/wp-json\/wp\/v2\/media\/63184"}],"wp:attachment":[{"href":"https:\/\/www.region-schwabach.de\/wordpress\/wp-json\/wp\/v2\/media?parent=63183"}],"wp:term":[{"taxonomy":"category","embeddable":true,"href":"https:\/\/www.region-schwabach.de\/wordpress\/wp-json\/wp\/v2\/categories?post=63183"},{"taxonomy":"post_tag","embeddable":true,"href":"https:\/\/www.region-schwabach.de\/wordpress\/wp-json\/wp\/v2\/tags?post=63183"}],"curies":[{"name":"wp","href":"https:\/\/api.w.org\/{rel}","templated":true}]}}