{"id":63199,"date":"2018-10-30T22:04:33","date_gmt":"2018-10-30T21:04:33","guid":{"rendered":"http:\/\/www.region-schwabach.de\/wordpress\/?p=63199"},"modified":"2018-10-30T22:06:49","modified_gmt":"2018-10-30T21:06:49","slug":"oro-einkaufszentrum-in-schwabach-geraeumt-update","status":"publish","type":"post","link":"https:\/\/www.region-schwabach.de\/wordpress\/oro-einkaufszentrum-in-schwabach-geraeumt-update\/","title":{"rendered":"ORO-Einkaufszentrum in Schwabach ger\u00e4umt &#8211; Update"},"content":{"rendered":"\t\t<div data-elementor-type=\"wp-post\" data-elementor-id=\"63199\" class=\"elementor elementor-63199 elementor-bc-flex-widget\">\n\t\t\t\t\t\t<section class=\"elementor-section elementor-top-section elementor-element elementor-element-1cuv9jr elementor-section-boxed elementor-section-height-default elementor-section-height-default\" data-id=\"1cuv9jr\" data-element_type=\"section\">\n\t\t\t\t\t\t<div class=\"elementor-container elementor-column-gap-default\">\n\t\t\t\t\t<div class=\"elementor-column elementor-col-66 elementor-top-column elementor-element elementor-element-q5zak7b\" data-id=\"q5zak7b\" data-element_type=\"column\">\n\t\t\t<div class=\"elementor-widget-wrap elementor-element-populated\">\n\t\t\t\t\t\t<div class=\"elementor-element elementor-element-763ecdd elementor-widget elementor-widget-text-editor\" data-id=\"763ecdd\" data-element_type=\"widget\" data-widget_type=\"text-editor.default\">\n\t\t\t\t<div class=\"elementor-widget-container\">\n\t\t\t\t\t\t\t<h3 class=\"story-headline\">Gro\u00dfeinsatz in Schwabach<\/h3><p><span style=\"font-size: 12pt;\">Schwabach (ots) &#8211;\u00a0<\/span>Am Dienstagabend (30.10.2018) musste ein Einkaufszentrum in Schwabach ger\u00e4umt werden. Mehrere Personen erlitten zuvor leichte Verletzungen und mussten in diesem Zusammenhang durch den Rettungsdienst versorgt werden.<\/p><p>Gegen 18:15 Uhr erhielt die Einsatzzentrale die Mitteilung \u00fcber bei\u00dfenden Geruch in einem Gesch\u00e4ft im Einkaufszentrum am Falbenholz.<\/p><p>Zahlreiche Einsatzkr\u00e4fte von Rettungsdienst, Feuerwehr sowie der Polizeiinspektion Schwabach trafen kurz darauf vor Ort ein. Da bereits mehrere Personen \u00fcber Atemwegsbeschwerden klagten, wurde in der Folge die Evakuierung des gesamten Einkaufszentrums veranlasst. Beamte der Polizeiinspektion Schwabach f\u00fchrten zudem die Absperrungs- und Verkehrsma\u00dfnahmen durch.<\/p><p>Nach derzeitigen Erkenntnissen mussten 17 Personen wegen Atemwegsreizungen durch den Rettungsdienst ambulant behandelt werden. 3 Personen kamen vorsorglich zur weiteren Untersuchung in ein Krankenhaus.<\/p><p>Die Feuerwehr f\u00fchrte mehrere Messungen im Geb\u00e4ude durch, die keinerlei Hinweise auf gef\u00e4hrliche Stoffe erbrachten.<\/p><p>Die Ursache ist derzeit noch v\u00f6llig unklar und Gegenstand der polizeilichen Ermittlungen.<\/p><p>Gegen 19:45 Uhr konnte die Feuerwehr Entwarnung geben und die Mitarbeiter wieder an ihre Arbeitspl\u00e4tze zur\u00fcckkehren.<\/p><p><strong>Wolfgang Prehl<\/strong><\/p><p>Original-Content von Polizeipr\u00e4sidium Mittelfranken<\/p>\t\t\t\t\t\t<\/div>\n\t\t\t\t<\/div>\n\t\t\t\t<div class=\"elementor-element elementor-element-ace1283 elementor-widget-divider--view-line elementor-widget elementor-widget-divider\" data-id=\"ace1283\" data-element_type=\"widget\" data-widget_type=\"divider.default\">\n\t\t\t\t<div class=\"elementor-widget-container\">\n\t\t\t\t\t<div class=\"elementor-divider\">\n\t\t\t<span class=\"elementor-divider-separator\">\n\t\t\t\t\t\t<\/span>\n\t\t<\/div>\n\t\t\t\t<\/div>\n\t\t\t\t<\/div>\n\t\t\t\t<div class=\"elementor-element elementor-element-1l7zbzo elementor-widget elementor-widget-google_maps\" data-id=\"1l7zbzo\" data-element_type=\"widget\" data-widget_type=\"google_maps.default\">\n\t\t\t\t<div class=\"elementor-widget-container\">\n\t\t\t\t\t<div class=\"elementor-custom-embed\">\n\t\t\t<iframe loading=\"lazy\"\n\t\t\t\t\tsrc=\"https:\/\/maps.google.com\/maps?q=Am%20Falbenholzweg%2015%2C%20Schwabach%2C%20Deutschland&#038;t=m&#038;z=16&#038;output=embed&#038;iwloc=near\"\n\t\t\t\t\ttitle=\"Am Falbenholzweg 15, Schwabach, Deutschland\"\n\t\t\t\t\taria-label=\"Am Falbenholzweg 15, Schwabach, Deutschland\"\n\t\t\t><\/iframe>\n\t\t<\/div>\n\t\t\t\t<\/div>\n\t\t\t\t<\/div>\n\t\t\t\t\t<\/div>\n\t\t<\/div>\n\t\t\t\t<div class=\"elementor-column elementor-col-33 elementor-top-column elementor-element elementor-element-0w0urt1\" data-id=\"0w0urt1\" data-element_type=\"column\">\n\t\t\t<div class=\"elementor-widget-wrap\">\n\t\t\t\t\t\t\t<\/div>\n\t\t<\/div>\n\t\t\t\t\t<\/div>\n\t\t<\/section>\n\t\t\t\t<\/div>\n\t\t","protected":false},"excerpt":{"rendered":"<div class=\"mh-excerpt\"><p>Gro\u00dfeinsatz in Schwabach Schwabach (ots) &#8211;\u00a0Am Dienstagabend (30.10.2018) musste ein Einkaufszentrum in Schwabach ger\u00e4umt werden. Mehrere Personen erlitten zuvor leichte Verletzungen und mussten in diesem Zusammenhang durch den Rettungsdienst versorgt werden. Gegen 18:15 Uhr erhielt <a class=\"mh-excerpt-more\" href=\"https:\/\/www.region-schwabach.de\/wordpress\/oro-einkaufszentrum-in-schwabach-geraeumt-update\/\" title=\"ORO-Einkaufszentrum in Schwabach ger\u00e4umt &#8211; Update\">[&#8230;]<\/a><\/p>\n<\/div>","protected":false},"author":1,"featured_media":63200,"comment_status":"open","ping_status":"open","sticky":false,"template":"","format":"standard","meta":{"_cbd_carousel_blocks":"[]","footnotes":""},"categories":[15],"tags":[6151,1608,3105,296,6671,475,981,5549,6670,713,19],"class_list":{"0":"post-63199","1":"post","2":"type-post","3":"status-publish","4":"format-standard","5":"has-post-thumbnail","7":"category-polizeimeldungen","8":"tag-30-10-2018","9":"tag-einkaufszentrum","10":"tag-falbenholzweg","11":"tag-feuerwehr","12":"tag-geraeumt","13":"tag-oro","14":"tag-polizei","15":"tag-raeumung","16":"tag-rettungskraefte","17":"tag-schaden","18":"tag-schwabach"},"_links":{"self":[{"href":"https:\/\/www.region-schwabach.de\/wordpress\/wp-json\/wp\/v2\/posts\/63199","targetHints":{"allow":["GET"]}}],"collection":[{"href":"https:\/\/www.region-schwabach.de\/wordpress\/wp-json\/wp\/v2\/posts"}],"about":[{"href":"https:\/\/www.region-schwabach.de\/wordpress\/wp-json\/wp\/v2\/types\/post"}],"author":[{"embeddable":true,"href":"https:\/\/www.region-schwabach.de\/wordpress\/wp-json\/wp\/v2\/users\/1"}],"replies":[{"embeddable":true,"href":"https:\/\/www.region-schwabach.de\/wordpress\/wp-json\/wp\/v2\/comments?post=63199"}],"version-history":[{"count":0,"href":"https:\/\/www.region-schwabach.de\/wordpress\/wp-json\/wp\/v2\/posts\/63199\/revisions"}],"wp:featuredmedia":[{"embeddable":true,"href":"https:\/\/www.region-schwabach.de\/wordpress\/wp-json\/wp\/v2\/media\/63200"}],"wp:attachment":[{"href":"https:\/\/www.region-schwabach.de\/wordpress\/wp-json\/wp\/v2\/media?parent=63199"}],"wp:term":[{"taxonomy":"category","embeddable":true,"href":"https:\/\/www.region-schwabach.de\/wordpress\/wp-json\/wp\/v2\/categories?post=63199"},{"taxonomy":"post_tag","embeddable":true,"href":"https:\/\/www.region-schwabach.de\/wordpress\/wp-json\/wp\/v2\/tags?post=63199"}],"curies":[{"name":"wp","href":"https:\/\/api.w.org\/{rel}","templated":true}]}}