{"id":63207,"date":"2018-10-31T11:36:23","date_gmt":"2018-10-31T10:36:23","guid":{"rendered":"http:\/\/www.region-schwabach.de\/wordpress\/?p=63207"},"modified":"2018-10-31T15:18:34","modified_gmt":"2018-10-31T14:18:34","slug":"fahrverbot-nach-geschwindigkeitsmessung-in-heideck","status":"publish","type":"post","link":"https:\/\/www.region-schwabach.de\/wordpress\/fahrverbot-nach-geschwindigkeitsmessung-in-heideck\/","title":{"rendered":"Fahrverbot nach Geschwindigkeitsmessung in Heideck"},"content":{"rendered":"\t\t<div data-elementor-type=\"wp-post\" data-elementor-id=\"63207\" class=\"elementor elementor-63207 elementor-bc-flex-widget\">\n\t\t\t\t\t\t<section class=\"elementor-section elementor-top-section elementor-element elementor-element-1cuv9jr elementor-section-boxed elementor-section-height-default elementor-section-height-default\" data-id=\"1cuv9jr\" data-element_type=\"section\">\n\t\t\t\t\t\t<div class=\"elementor-container elementor-column-gap-default\">\n\t\t\t\t\t<div class=\"elementor-column elementor-col-66 elementor-top-column elementor-element elementor-element-q5zak7b\" data-id=\"q5zak7b\" data-element_type=\"column\">\n\t\t\t<div class=\"elementor-widget-wrap elementor-element-populated\">\n\t\t\t\t\t\t<div class=\"elementor-element elementor-element-763ecdd elementor-widget elementor-widget-text-editor\" data-id=\"763ecdd\" data-element_type=\"widget\" data-widget_type=\"text-editor.default\">\n\t\t\t\t<div class=\"elementor-widget-container\">\n\t\t\t\t\t\t\t<h3 class=\"story-headline\"><strong>27 Verwarnungen, zwei Bu\u00dfgeldverfahren<\/strong><\/h3><p><span style=\"font-size: 12pt;\">Heideck &#8211; Am Dienstagnachmittag, den 30.10.2018,\u00a0 f\u00fchrte die Polizei\u00a0in der Bahnhofstra\u00dfe in Heideck eine Geschwindigkeitsmessung durch, in deren Verlauf nur wenige Verkehrsteilnehmer beanstandet werden mu\u00dften. Von den knapp 1.600 gemessenen Fahrzeugen waren lediglich 29 zu schnell unterwegs, von denen 27 mit einer Verwarnung davonkamen, und nur gegen zwei Fahrer ein Bu\u00dfgeldverfahren eingeleitet werden mu\u00dfte. Den Spitzenreiter, der ortseinw\u00e4rts mit 85 km\/h unterwegs war, erwartet zus\u00e4tzlich neben dem Bu\u00dfgeld noch ein einmonatiges Fahrverbot.<\/span><\/p>\t\t\t\t\t\t<\/div>\n\t\t\t\t<\/div>\n\t\t\t\t<div class=\"elementor-element elementor-element-ace1283 elementor-widget-divider--view-line elementor-widget elementor-widget-divider\" data-id=\"ace1283\" data-element_type=\"widget\" data-widget_type=\"divider.default\">\n\t\t\t\t<div class=\"elementor-widget-container\">\n\t\t\t\t\t<div class=\"elementor-divider\">\n\t\t\t<span class=\"elementor-divider-separator\">\n\t\t\t\t\t\t<\/span>\n\t\t<\/div>\n\t\t\t\t<\/div>\n\t\t\t\t<\/div>\n\t\t\t\t<div class=\"elementor-element elementor-element-1l7zbzo elementor-widget elementor-widget-google_maps\" data-id=\"1l7zbzo\" data-element_type=\"widget\" data-widget_type=\"google_maps.default\">\n\t\t\t\t<div class=\"elementor-widget-container\">\n\t\t\t\t\t<div class=\"elementor-custom-embed\">\n\t\t\t<iframe loading=\"lazy\"\n\t\t\t\t\tsrc=\"https:\/\/maps.google.com\/maps?q=Bahnhofstra%C3%9Fe%2C%20Heideck%2C%20Deutschland&#038;t=m&#038;z=16&#038;output=embed&#038;iwloc=near\"\n\t\t\t\t\ttitle=\"Bahnhofstra\u00dfe, Heideck, Deutschland\"\n\t\t\t\t\taria-label=\"Bahnhofstra\u00dfe, Heideck, Deutschland\"\n\t\t\t><\/iframe>\n\t\t<\/div>\n\t\t\t\t<\/div>\n\t\t\t\t<\/div>\n\t\t\t\t\t<\/div>\n\t\t<\/div>\n\t\t\t\t<div class=\"elementor-column elementor-col-33 elementor-top-column elementor-element elementor-element-0w0urt1\" data-id=\"0w0urt1\" data-element_type=\"column\">\n\t\t\t<div class=\"elementor-widget-wrap\">\n\t\t\t\t\t\t\t<\/div>\n\t\t<\/div>\n\t\t\t\t\t<\/div>\n\t\t<\/section>\n\t\t\t\t<\/div>\n\t\t","protected":false},"excerpt":{"rendered":"<div class=\"mh-excerpt\"><p>27 Verwarnungen, zwei Bu\u00dfgeldverfahren Heideck &#8211; Am Dienstagnachmittag, den 30.10.2018,\u00a0 f\u00fchrte die Polizei\u00a0in der Bahnhofstra\u00dfe in Heideck eine Geschwindigkeitsmessung durch, in deren Verlauf nur wenige Verkehrsteilnehmer beanstandet werden mu\u00dften. Von den knapp 1.600 gemessenen Fahrzeugen <a class=\"mh-excerpt-more\" href=\"https:\/\/www.region-schwabach.de\/wordpress\/fahrverbot-nach-geschwindigkeitsmessung-in-heideck\/\" title=\"Fahrverbot nach Geschwindigkeitsmessung in Heideck\">[&#8230;]<\/a><\/p>\n<\/div>","protected":false},"author":1,"featured_media":63208,"comment_status":"open","ping_status":"open","sticky":false,"template":"","format":"standard","meta":{"_cbd_carousel_blocks":"[]","footnotes":""},"categories":[15],"tags":[6151,398,1111,1018,635,596,297,981,4049],"class_list":{"0":"post-63207","1":"post","2":"type-post","3":"status-publish","4":"format-standard","5":"has-post-thumbnail","7":"category-polizeimeldungen","8":"tag-30-10-2018","9":"tag-bahnhofstrasse","10":"tag-bussgeld","11":"tag-fahrverbot","12":"tag-geschwindigkeitskontrolle","13":"tag-heideck","14":"tag-hilpoltstein","15":"tag-polizei","16":"tag-verwarnungen"},"_links":{"self":[{"href":"https:\/\/www.region-schwabach.de\/wordpress\/wp-json\/wp\/v2\/posts\/63207","targetHints":{"allow":["GET"]}}],"collection":[{"href":"https:\/\/www.region-schwabach.de\/wordpress\/wp-json\/wp\/v2\/posts"}],"about":[{"href":"https:\/\/www.region-schwabach.de\/wordpress\/wp-json\/wp\/v2\/types\/post"}],"author":[{"embeddable":true,"href":"https:\/\/www.region-schwabach.de\/wordpress\/wp-json\/wp\/v2\/users\/1"}],"replies":[{"embeddable":true,"href":"https:\/\/www.region-schwabach.de\/wordpress\/wp-json\/wp\/v2\/comments?post=63207"}],"version-history":[{"count":0,"href":"https:\/\/www.region-schwabach.de\/wordpress\/wp-json\/wp\/v2\/posts\/63207\/revisions"}],"wp:featuredmedia":[{"embeddable":true,"href":"https:\/\/www.region-schwabach.de\/wordpress\/wp-json\/wp\/v2\/media\/63208"}],"wp:attachment":[{"href":"https:\/\/www.region-schwabach.de\/wordpress\/wp-json\/wp\/v2\/media?parent=63207"}],"wp:term":[{"taxonomy":"category","embeddable":true,"href":"https:\/\/www.region-schwabach.de\/wordpress\/wp-json\/wp\/v2\/categories?post=63207"},{"taxonomy":"post_tag","embeddable":true,"href":"https:\/\/www.region-schwabach.de\/wordpress\/wp-json\/wp\/v2\/tags?post=63207"}],"curies":[{"name":"wp","href":"https:\/\/api.w.org\/{rel}","templated":true}]}}