{"id":63251,"date":"2018-10-31T14:48:42","date_gmt":"2018-10-31T13:48:42","guid":{"rendered":"http:\/\/www.region-schwabach.de\/wordpress\/?p=63251"},"modified":"2018-10-31T15:18:12","modified_gmt":"2018-10-31T14:18:12","slug":"pkw-fuehrer-ohne-fahrerlaubnis-in-weissenburg-unterwegs","status":"publish","type":"post","link":"https:\/\/www.region-schwabach.de\/wordpress\/pkw-fuehrer-ohne-fahrerlaubnis-in-weissenburg-unterwegs\/","title":{"rendered":"PKW-F\u00fchrer ohne Fahrerlaubnis in Wei\u00dfenburg unterwegs"},"content":{"rendered":"\t\t<div data-elementor-type=\"wp-post\" data-elementor-id=\"63251\" class=\"elementor elementor-63251 elementor-bc-flex-widget\">\n\t\t\t\t\t\t<section class=\"elementor-section elementor-top-section elementor-element elementor-element-1cuv9jr elementor-section-boxed elementor-section-height-default elementor-section-height-default\" data-id=\"1cuv9jr\" data-element_type=\"section\">\n\t\t\t\t\t\t<div class=\"elementor-container elementor-column-gap-default\">\n\t\t\t\t\t<div class=\"elementor-column elementor-col-66 elementor-top-column elementor-element elementor-element-q5zak7b\" data-id=\"q5zak7b\" data-element_type=\"column\">\n\t\t\t<div class=\"elementor-widget-wrap elementor-element-populated\">\n\t\t\t\t\t\t<div class=\"elementor-element elementor-element-763ecdd elementor-widget elementor-widget-text-editor\" data-id=\"763ecdd\" data-element_type=\"widget\" data-widget_type=\"text-editor.default\">\n\t\t\t\t<div class=\"elementor-widget-container\">\n\t\t\t\t\t\t\t<h3 class=\"story-headline\"><strong>Fahren ohne Fahrerlaubnis<\/strong><\/h3><p><span style=\"font-size: 12pt;\">Wei\u00dfenburg &#8211; Am Dienstagabend, den 30.10.2018,\u00a0wurde auf der B 2 in der N\u00e4he der \u201eH\u00f6rnleinkreuzung\u201c kurz vor 20 Uhr ein PKW einer Verkehrskontrolle unterzogen, in deren Verlauf sich herausstellte, da\u00df der 25-j\u00e4hrige Fahrer keinen F\u00fchrerschein vorzeigen konnte, da ihm dieser bereits im Februar 2018 durch das Landratsamt rechtskr\u00e4ftig entzogen worden war. Deshalb wurde ihm im Anschluss auch die Weiterfahrt untersagt, und ihn erwartet nun ein Strafverfahren.<\/span><\/p>\t\t\t\t\t\t<\/div>\n\t\t\t\t<\/div>\n\t\t\t\t<div class=\"elementor-element elementor-element-ace1283 elementor-widget-divider--view-line elementor-widget elementor-widget-divider\" data-id=\"ace1283\" data-element_type=\"widget\" data-widget_type=\"divider.default\">\n\t\t\t\t<div class=\"elementor-widget-container\">\n\t\t\t\t\t<div class=\"elementor-divider\">\n\t\t\t<span class=\"elementor-divider-separator\">\n\t\t\t\t\t\t<\/span>\n\t\t<\/div>\n\t\t\t\t<\/div>\n\t\t\t\t<\/div>\n\t\t\t\t<div class=\"elementor-element elementor-element-1l7zbzo elementor-widget elementor-widget-google_maps\" data-id=\"1l7zbzo\" data-element_type=\"widget\" data-widget_type=\"google_maps.default\">\n\t\t\t\t<div class=\"elementor-widget-container\">\n\t\t\t\t\t<div class=\"elementor-custom-embed\">\n\t\t\t<iframe loading=\"lazy\"\n\t\t\t\t\tsrc=\"https:\/\/maps.google.com\/maps?q=49.026214%2C%2010.984908&#038;t=m&#038;z=16&#038;output=embed&#038;iwloc=near\"\n\t\t\t\t\ttitle=\"49.026214, 10.984908\"\n\t\t\t\t\taria-label=\"49.026214, 10.984908\"\n\t\t\t><\/iframe>\n\t\t<\/div>\n\t\t\t\t<\/div>\n\t\t\t\t<\/div>\n\t\t\t\t\t<\/div>\n\t\t<\/div>\n\t\t\t\t<div class=\"elementor-column elementor-col-33 elementor-top-column elementor-element elementor-element-0w0urt1\" data-id=\"0w0urt1\" data-element_type=\"column\">\n\t\t\t<div class=\"elementor-widget-wrap\">\n\t\t\t\t\t\t\t<\/div>\n\t\t<\/div>\n\t\t\t\t\t<\/div>\n\t\t<\/section>\n\t\t\t\t<\/div>\n\t\t","protected":false},"excerpt":{"rendered":"<div class=\"mh-excerpt\"><p>Fahren ohne Fahrerlaubnis Wei\u00dfenburg &#8211; Am Dienstagabend, den 30.10.2018,\u00a0wurde auf der B 2 in der N\u00e4he der \u201eH\u00f6rnleinkreuzung\u201c kurz vor 20 Uhr ein PKW einer Verkehrskontrolle unterzogen, in deren Verlauf sich herausstellte, da\u00df der 25-j\u00e4hrige <a class=\"mh-excerpt-more\" href=\"https:\/\/www.region-schwabach.de\/wordpress\/pkw-fuehrer-ohne-fahrerlaubnis-in-weissenburg-unterwegs\/\" title=\"PKW-F\u00fchrer ohne Fahrerlaubnis in Wei\u00dfenburg unterwegs\">[&#8230;]<\/a><\/p>\n<\/div>","protected":false},"author":1,"featured_media":63252,"comment_status":"open","ping_status":"open","sticky":false,"template":"","format":"standard","meta":{"_cbd_carousel_blocks":"[]","footnotes":""},"categories":[15],"tags":[6151,429,5048,895,5670,981,1078,39,249,3278],"class_list":{"0":"post-63251","1":"post","2":"type-post","3":"status-publish","4":"format-standard","5":"has-post-thumbnail","7":"category-polizeimeldungen","8":"tag-30-10-2018","9":"tag-b2","10":"tag-hoernlein-kreuzung","11":"tag-landratsamt","12":"tag-ohne-fuehrerschein","13":"tag-polizei","14":"tag-strafverfahren","15":"tag-verkehrskontrolle","16":"tag-weissenburg","17":"tag-weiterfahrt-unterbunden"},"_links":{"self":[{"href":"https:\/\/www.region-schwabach.de\/wordpress\/wp-json\/wp\/v2\/posts\/63251","targetHints":{"allow":["GET"]}}],"collection":[{"href":"https:\/\/www.region-schwabach.de\/wordpress\/wp-json\/wp\/v2\/posts"}],"about":[{"href":"https:\/\/www.region-schwabach.de\/wordpress\/wp-json\/wp\/v2\/types\/post"}],"author":[{"embeddable":true,"href":"https:\/\/www.region-schwabach.de\/wordpress\/wp-json\/wp\/v2\/users\/1"}],"replies":[{"embeddable":true,"href":"https:\/\/www.region-schwabach.de\/wordpress\/wp-json\/wp\/v2\/comments?post=63251"}],"version-history":[{"count":0,"href":"https:\/\/www.region-schwabach.de\/wordpress\/wp-json\/wp\/v2\/posts\/63251\/revisions"}],"wp:featuredmedia":[{"embeddable":true,"href":"https:\/\/www.region-schwabach.de\/wordpress\/wp-json\/wp\/v2\/media\/63252"}],"wp:attachment":[{"href":"https:\/\/www.region-schwabach.de\/wordpress\/wp-json\/wp\/v2\/media?parent=63251"}],"wp:term":[{"taxonomy":"category","embeddable":true,"href":"https:\/\/www.region-schwabach.de\/wordpress\/wp-json\/wp\/v2\/categories?post=63251"},{"taxonomy":"post_tag","embeddable":true,"href":"https:\/\/www.region-schwabach.de\/wordpress\/wp-json\/wp\/v2\/tags?post=63251"}],"curies":[{"name":"wp","href":"https:\/\/api.w.org\/{rel}","templated":true}]}}