{"id":63256,"date":"2018-10-31T15:07:44","date_gmt":"2018-10-31T14:07:44","guid":{"rendered":"http:\/\/www.region-schwabach.de\/wordpress\/?p=63256"},"modified":"2018-10-31T15:17:49","modified_gmt":"2018-10-31T14:17:49","slug":"kollision-mit-sattelzug-in-roettenbach","status":"publish","type":"post","link":"https:\/\/www.region-schwabach.de\/wordpress\/kollision-mit-sattelzug-in-roettenbach\/","title":{"rendered":"Kollision mit Sattelzug in R\u00f6ttenbach"},"content":{"rendered":"\t\t<div data-elementor-type=\"wp-post\" data-elementor-id=\"63256\" class=\"elementor elementor-63256 elementor-bc-flex-widget\">\n\t\t\t\t\t\t<section class=\"elementor-section elementor-top-section elementor-element elementor-element-1cuv9jr elementor-section-boxed elementor-section-height-default elementor-section-height-default\" data-id=\"1cuv9jr\" data-element_type=\"section\">\n\t\t\t\t\t\t<div class=\"elementor-container elementor-column-gap-default\">\n\t\t\t\t\t<div class=\"elementor-column elementor-col-66 elementor-top-column elementor-element elementor-element-q5zak7b\" data-id=\"q5zak7b\" data-element_type=\"column\">\n\t\t\t<div class=\"elementor-widget-wrap elementor-element-populated\">\n\t\t\t\t\t\t<div class=\"elementor-element elementor-element-763ecdd elementor-widget elementor-widget-text-editor\" data-id=\"763ecdd\" data-element_type=\"widget\" data-widget_type=\"text-editor.default\">\n\t\t\t\t<div class=\"elementor-widget-container\">\n\t\t\t\t\t\t\t<h3 class=\"story-headline\"><strong>Gegen Sattelzug gesto\u00dfen<\/strong><\/h3><p><span style=\"font-size: 12pt;\">R\u00f6ttenbach &#8211; Am Montagabend, den 29.10.2018, war ein Ford-Fahrer gegen 17.40 Uhr auf der Bundesstra\u00dfe 2 in Richtung Wei\u00dfenburg unterwegs, als er kurz nach der Br\u00fccke \u00fcber die Deutschherrnstra\u00dfe ins Schleudern kam, auf die Gegenfahrspur gelangte, und mit dem Anh\u00e4nger eines entgegenkommenden Sattelzuges zusammenstie\u00df.<\/span><\/p><h3>Nach Kollision mehrfach \u00fcberschlagen<\/h3><p><span style=\"font-size: 12pt;\">Im Anschluss kam der PKW dann nach links von der Fahrbahn ab, und \u00fcberschlug sich mehrmals, wobei sich der Fahrer leicht verletzte. An den beiden Fahrzeugen und einem weiteren PKW, der durch herumliegende Fahrzeugteile besch\u00e4digt wurde, entstand ein Sachschaden in H\u00f6he von insgesamt ca. 10.000 Euro.<\/span><\/p>\t\t\t\t\t\t<\/div>\n\t\t\t\t<\/div>\n\t\t\t\t<div class=\"elementor-element elementor-element-ace1283 elementor-widget-divider--view-line elementor-widget elementor-widget-divider\" data-id=\"ace1283\" data-element_type=\"widget\" data-widget_type=\"divider.default\">\n\t\t\t\t<div class=\"elementor-widget-container\">\n\t\t\t\t\t<div class=\"elementor-divider\">\n\t\t\t<span class=\"elementor-divider-separator\">\n\t\t\t\t\t\t<\/span>\n\t\t<\/div>\n\t\t\t\t<\/div>\n\t\t\t\t<\/div>\n\t\t\t\t<div class=\"elementor-element elementor-element-1l7zbzo elementor-widget elementor-widget-google_maps\" data-id=\"1l7zbzo\" data-element_type=\"widget\" data-widget_type=\"google_maps.default\">\n\t\t\t\t<div class=\"elementor-widget-container\">\n\t\t\t\t\t<div class=\"elementor-custom-embed\">\n\t\t\t<iframe loading=\"lazy\"\n\t\t\t\t\tsrc=\"https:\/\/maps.google.com\/maps?q=49.150699%2C%2011.044793&#038;t=m&#038;z=16&#038;output=embed&#038;iwloc=near\"\n\t\t\t\t\ttitle=\"49.150699, 11.044793\"\n\t\t\t\t\taria-label=\"49.150699, 11.044793\"\n\t\t\t><\/iframe>\n\t\t<\/div>\n\t\t\t\t<\/div>\n\t\t\t\t<\/div>\n\t\t\t\t\t<\/div>\n\t\t<\/div>\n\t\t\t\t<div class=\"elementor-column elementor-col-33 elementor-top-column elementor-element elementor-element-0w0urt1\" data-id=\"0w0urt1\" data-element_type=\"column\">\n\t\t\t<div class=\"elementor-widget-wrap\">\n\t\t\t\t\t\t\t<\/div>\n\t\t<\/div>\n\t\t\t\t\t<\/div>\n\t\t<\/section>\n\t\t\t\t<\/div>\n\t\t","protected":false},"excerpt":{"rendered":"<div class=\"mh-excerpt\"><p>Gegen Sattelzug gesto\u00dfen R\u00f6ttenbach &#8211; Am Montagabend, den 29.10.2018, war ein Ford-Fahrer gegen 17.40 Uhr auf der Bundesstra\u00dfe 2 in Richtung Wei\u00dfenburg unterwegs, als er kurz nach der Br\u00fccke \u00fcber die Deutschherrnstra\u00dfe ins Schleudern kam, <a class=\"mh-excerpt-more\" href=\"https:\/\/www.region-schwabach.de\/wordpress\/kollision-mit-sattelzug-in-roettenbach\/\" title=\"Kollision mit Sattelzug in R\u00f6ttenbach\">[&#8230;]<\/a><\/p>\n<\/div>","protected":false},"author":1,"featured_media":63257,"comment_status":"open","ping_status":"open","sticky":false,"template":"","format":"standard","meta":{"_cbd_carousel_blocks":"[]","footnotes":""},"categories":[15],"tags":[6150,6151,429,4788,816,1246,1441,6691,1375,463,981,32,815,401,1103,713,2656,334],"class_list":{"0":"post-63256","1":"post","2":"type-post","3":"status-publish","4":"format-standard","5":"has-post-thumbnail","7":"category-polizeimeldungen","8":"tag-29-10-2018","9":"tag-30-10-2018","10":"tag-b2","11":"tag-bruecke","12":"tag-deutschherrnstrasse","13":"tag-ford","14":"tag-gegenfahrbahn","15":"tag-ins-schleudern-geraten","16":"tag-leicht-verletzt","17":"tag-pkw","18":"tag-polizei","19":"tag-roth","20":"tag-roettenbach","21":"tag-sachschaden","22":"tag-sattelzug","23":"tag-schaden","24":"tag-ueberschlag","25":"tag-unfall"},"_links":{"self":[{"href":"https:\/\/www.region-schwabach.de\/wordpress\/wp-json\/wp\/v2\/posts\/63256","targetHints":{"allow":["GET"]}}],"collection":[{"href":"https:\/\/www.region-schwabach.de\/wordpress\/wp-json\/wp\/v2\/posts"}],"about":[{"href":"https:\/\/www.region-schwabach.de\/wordpress\/wp-json\/wp\/v2\/types\/post"}],"author":[{"embeddable":true,"href":"https:\/\/www.region-schwabach.de\/wordpress\/wp-json\/wp\/v2\/users\/1"}],"replies":[{"embeddable":true,"href":"https:\/\/www.region-schwabach.de\/wordpress\/wp-json\/wp\/v2\/comments?post=63256"}],"version-history":[{"count":0,"href":"https:\/\/www.region-schwabach.de\/wordpress\/wp-json\/wp\/v2\/posts\/63256\/revisions"}],"wp:featuredmedia":[{"embeddable":true,"href":"https:\/\/www.region-schwabach.de\/wordpress\/wp-json\/wp\/v2\/media\/63257"}],"wp:attachment":[{"href":"https:\/\/www.region-schwabach.de\/wordpress\/wp-json\/wp\/v2\/media?parent=63256"}],"wp:term":[{"taxonomy":"category","embeddable":true,"href":"https:\/\/www.region-schwabach.de\/wordpress\/wp-json\/wp\/v2\/categories?post=63256"},{"taxonomy":"post_tag","embeddable":true,"href":"https:\/\/www.region-schwabach.de\/wordpress\/wp-json\/wp\/v2\/tags?post=63256"}],"curies":[{"name":"wp","href":"https:\/\/api.w.org\/{rel}","templated":true}]}}