{"id":63278,"date":"2018-11-11T00:05:22","date_gmt":"2018-11-10T23:05:22","guid":{"rendered":"http:\/\/www.region-schwabach.de\/wordpress\/?p=63278"},"modified":"2018-12-07T16:20:31","modified_gmt":"2018-12-07T15:20:31","slug":"lesart-am-11-november-2018-catalina-ferrera","status":"publish","type":"post","link":"https:\/\/www.region-schwabach.de\/wordpress\/lesart-am-11-november-2018-catalina-ferrera\/","title":{"rendered":"LesArt am 11. November 2018 \u2013 Catalina Ferrera"},"content":{"rendered":"\t\t<div data-elementor-type=\"wp-post\" data-elementor-id=\"63278\" class=\"elementor elementor-63278 elementor-bc-flex-widget\">\n\t\t\t\t\t\t<section class=\"elementor-section elementor-top-section elementor-element elementor-element-678181b elementor-section-boxed elementor-section-height-default elementor-section-height-default\" data-id=\"678181b\" data-element_type=\"section\">\n\t\t\t\t\t\t<div class=\"elementor-container elementor-column-gap-default\">\n\t\t\t\t\t<div class=\"elementor-column elementor-col-66 elementor-top-column elementor-element elementor-element-6b34026\" data-id=\"6b34026\" data-element_type=\"column\">\n\t\t\t<div class=\"elementor-widget-wrap elementor-element-populated\">\n\t\t\t\t\t\t<div class=\"elementor-element elementor-element-443ab98 elementor-widget elementor-widget-text-editor\" data-id=\"443ab98\" data-element_type=\"widget\" data-widget_type=\"text-editor.default\">\n\t\t\t\t<div class=\"elementor-widget-container\">\n\t\t\t\t\t\t\t<h3 class=\"entry-title\">LesArt am 11. November 2018 \u2013 Catalina Ferrera<\/h3><p>Schwabach \u2013 Am Sonntag, den 11. November 2018, l\u00e4dt Catalina Ferrera um 18.00 Uhr im Gasthof &#8222;Goldener Stern&#8220;\u00a0mit ihrem ersten Barcelona-Krimi \u201cSpanische\u00a0Delikatessen\u201d zur kulinarischen Lesung ein.<\/p><table style=\"border-collapse: collapse; width: 100%;\" border=\"1\"><tbody><tr><td style=\"width: 25%;\"><a href=\"http:\/\/www.region-schwabach.de\/wordpress\/wp-content\/uploads\/2018\/10\/Ferrera-cMarkus-R\u00f6leke-e1538388217544.jpg\"><img fetchpriority=\"high\" decoding=\"async\" class=\"size-medium wp-image-58637\" src=\"http:\/\/www.region-schwabach.de\/wordpress\/wp-content\/uploads\/2018\/10\/Ferrera-cMarkus-R\u00f6leke-200x300.jpg\" alt=\"\" width=\"200\" height=\"300\" \/><\/a> Ferrera (c)Markus R\u00f6leke<\/td><td style=\"width: 50%; text-align: left; vertical-align: middle;\"><p>Die in Barcelona lebende\u00a0Autorin Catalina Ferrera l\u00e4dt mit ihrem ersten Barcelona-Krimi \u201cSpanische\u00a0Delikatessen\u201d zur kulinarischen Lesung ein und f\u00fchrt durch die faszinierende\u00a0Hauptstadt Kataloniens. In den Erz\u00e4hlpausen verw\u00f6hnt der Schwabacher\u00a0K\u00fcchenchef Dieter Trutschel mit einem \u00dcberraschungsmen\u00fc (11.11., 18 Uhr).<\/p><\/td><\/tr><\/tbody><\/table><h3>Informationen:<\/h3><p>Weitere Informationen gibt es bei der LesArt-Projektleiterin Hanne Hofherr unter Telefon\u00a009122 860-426, LesArt-Programme und Karten im Vorverkauf ab 5. Oktober im\u00a0B\u00fcrgerb\u00fcro im Rathaus, Telefon 09122 8600, bei allen\u00a0 angeschlossenen\u00a0Reservix-Vorverkaufsstellen sowie unter <a href=\"http:\/\/www.schwabach.de\" target=\"_blank\" rel=\"noopener\">www.schwabach.de<\/a> und\u00a0<a href=\"http:\/\/www.reservix.de\" target=\"_blank\" rel=\"noopener\">www.reservix.de<\/a>.<\/p><h3>Eintrittspreise:<\/h3><p>Eintrittspreise: 3,50 bis 10,50 \u20ac, Sch\u00fcler\/ Studenten\u00a0erm\u00e4\u00dfigt; kulinarische Lesung: 38,- \u20ac. Karten beim Goldenen Stern, Telefon\u00a009122 2335; F\u00fcnfer-Ticket: 10 Prozent Rabatt bei Kauf von 5 Karten\u00a0verschiedener Autoren, 20 Prozent Rabatt bei Vorlage der ZAC-Abo-Card (nur\u00a0im VVK, kein Umtausch m\u00f6glich).<\/p><h3>Weiterf\u00fchrende Links:<\/h3><p><a href=\"https:\/\/www.schwabach.de\/images\/referate\/Kulturamt\/Kulturamt\/Festivals\/LesArt\/Downloads\/LA-Broschure-Schwabach18_web3.pdf\" target=\"_blank\" rel=\"noopener\">Hier k\u00f6nnen Sie sich die LesART-Brosch\u00fcre 2018 downloaden &#8230;<\/a><\/p>\t\t\t\t\t\t<\/div>\n\t\t\t\t<\/div>\n\t\t\t\t<section class=\"elementor-section elementor-inner-section elementor-element elementor-element-63c14b6 elementor-section-boxed elementor-section-height-default elementor-section-height-default\" data-id=\"63c14b6\" data-element_type=\"section\">\n\t\t\t\t\t\t<div class=\"elementor-container elementor-column-gap-default\">\n\t\t\t\t\t<div class=\"elementor-column elementor-col-100 elementor-inner-column elementor-element elementor-element-8f212a9\" data-id=\"8f212a9\" data-element_type=\"column\">\n\t\t\t<div class=\"elementor-widget-wrap elementor-element-populated\">\n\t\t\t\t\t\t<div class=\"elementor-element elementor-element-6862511 elementor-widget elementor-widget-html\" data-id=\"6862511\" data-element_type=\"widget\" data-widget_type=\"html.default\">\n\t\t\t\t<div class=\"elementor-widget-container\">\n\t\t\t<iframe style=\"width:120px;height:240px;\" marginwidth=\"0\" marginheight=\"0\" scrolling=\"no\" frameborder=\"0\" src=\"\/\/ws-eu.amazon-adsystem.com\/widgets\/q?ServiceVersion=20070822&OneJS=1&Operation=GetAdHtml&MarketPlace=DE&source=ac&ref=qf_sp_asin_til&ad_type=product_link&tracking_id=hlde-21&marketplace=amazon&region=DE&placement=3426306174&asins=3426306174&linkId=e8165b549a8ecec876b77c5a5b574566&show_border=true&link_opens_in_new_window=true&price_color=333333&title_color=0066c0&bg_color=ffffff\"><\/iframe>\t\t<\/div>\n\t\t\t\t<\/div>\n\t\t\t\t\t<\/div>\n\t\t<\/div>\n\t\t\t\t\t<\/div>\n\t\t<\/section>\n\t\t\t\t\t<\/div>\n\t\t<\/div>\n\t\t\t\t<div class=\"elementor-column elementor-col-33 elementor-top-column elementor-element elementor-element-f645137\" data-id=\"f645137\" data-element_type=\"column\">\n\t\t\t<div class=\"elementor-widget-wrap\">\n\t\t\t\t\t\t\t<\/div>\n\t\t<\/div>\n\t\t\t\t\t<\/div>\n\t\t<\/section>\n\t\t\t\t<\/div>\n\t\t","protected":false},"excerpt":{"rendered":"<div class=\"mh-excerpt\"><p>LesArt am 11. November 2018 \u2013 Catalina Ferrera Schwabach \u2013 Am Sonntag, den 11. November 2018, l\u00e4dt Catalina Ferrera um 18.00 Uhr im Gasthof &#8222;Goldener Stern&#8220;\u00a0mit ihrem ersten Barcelona-Krimi \u201cSpanische\u00a0Delikatessen\u201d zur kulinarischen Lesung ein. Ferrera <a class=\"mh-excerpt-more\" href=\"https:\/\/www.region-schwabach.de\/wordpress\/lesart-am-11-november-2018-catalina-ferrera\/\" title=\"LesArt am 11. November 2018 \u2013 Catalina Ferrera\">[&#8230;]<\/a><\/p>\n<\/div>","protected":false},"author":1,"featured_media":58316,"comment_status":"open","ping_status":"open","sticky":false,"template":"","format":"standard","meta":{"_cbd_carousel_blocks":"[]","footnotes":""},"categories":[16,287,61,231],"tags":[6588,6176,6178,6696,6182,311,6179,3953,1480,19],"class_list":{"0":"post-63278","1":"post","2":"type-post","3":"status-publish","4":"format-standard","5":"has-post-thumbnail","7":"category-aktuell","8":"category-jugend-und-familie","9":"category-rathaus","10":"category-veranstaltungsnews","11":"tag-11-11-2018","12":"tag-3-november-bis-12-november-2018","13":"tag-autoren","14":"tag-catalina-ferrera","15":"tag-gasthof-goldener-stern","16":"tag-lesart","17":"tag-musikalische-buehnenshow","18":"tag-november-2018","19":"tag-rathaus","20":"tag-schwabach"},"_links":{"self":[{"href":"https:\/\/www.region-schwabach.de\/wordpress\/wp-json\/wp\/v2\/posts\/63278","targetHints":{"allow":["GET"]}}],"collection":[{"href":"https:\/\/www.region-schwabach.de\/wordpress\/wp-json\/wp\/v2\/posts"}],"about":[{"href":"https:\/\/www.region-schwabach.de\/wordpress\/wp-json\/wp\/v2\/types\/post"}],"author":[{"embeddable":true,"href":"https:\/\/www.region-schwabach.de\/wordpress\/wp-json\/wp\/v2\/users\/1"}],"replies":[{"embeddable":true,"href":"https:\/\/www.region-schwabach.de\/wordpress\/wp-json\/wp\/v2\/comments?post=63278"}],"version-history":[{"count":0,"href":"https:\/\/www.region-schwabach.de\/wordpress\/wp-json\/wp\/v2\/posts\/63278\/revisions"}],"wp:featuredmedia":[{"embeddable":true,"href":"https:\/\/www.region-schwabach.de\/wordpress\/wp-json\/wp\/v2\/media\/58316"}],"wp:attachment":[{"href":"https:\/\/www.region-schwabach.de\/wordpress\/wp-json\/wp\/v2\/media?parent=63278"}],"wp:term":[{"taxonomy":"category","embeddable":true,"href":"https:\/\/www.region-schwabach.de\/wordpress\/wp-json\/wp\/v2\/categories?post=63278"},{"taxonomy":"post_tag","embeddable":true,"href":"https:\/\/www.region-schwabach.de\/wordpress\/wp-json\/wp\/v2\/tags?post=63278"}],"curies":[{"name":"wp","href":"https:\/\/api.w.org\/{rel}","templated":true}]}}