{"id":63282,"date":"2018-11-12T00:05:35","date_gmt":"2018-11-11T23:05:35","guid":{"rendered":"http:\/\/www.region-schwabach.de\/wordpress\/?p=63282"},"modified":"2018-12-07T16:18:11","modified_gmt":"2018-12-07T15:18:11","slug":"lesart-am-12-november-2018-ingo-cesaro-mit-dem-alfred-hertrich-trio","status":"publish","type":"post","link":"https:\/\/www.region-schwabach.de\/wordpress\/lesart-am-12-november-2018-ingo-cesaro-mit-dem-alfred-hertrich-trio\/","title":{"rendered":"LesArt am 12. November 2018 \u2013 Ingo Cesaro mit dem Alfred-Hertrich-Trio"},"content":{"rendered":"\t\t<div data-elementor-type=\"wp-post\" data-elementor-id=\"63282\" class=\"elementor elementor-63282 elementor-bc-flex-widget\">\n\t\t\t\t\t\t<section class=\"elementor-section elementor-top-section elementor-element elementor-element-678181b elementor-section-boxed elementor-section-height-default elementor-section-height-default\" data-id=\"678181b\" data-element_type=\"section\">\n\t\t\t\t\t\t<div class=\"elementor-container elementor-column-gap-default\">\n\t\t\t\t\t<div class=\"elementor-column elementor-col-66 elementor-top-column elementor-element elementor-element-6b34026\" data-id=\"6b34026\" data-element_type=\"column\">\n\t\t\t<div class=\"elementor-widget-wrap elementor-element-populated\">\n\t\t\t\t\t\t<div class=\"elementor-element elementor-element-443ab98 elementor-widget elementor-widget-text-editor\" data-id=\"443ab98\" data-element_type=\"widget\" data-widget_type=\"text-editor.default\">\n\t\t\t\t<div class=\"elementor-widget-container\">\n\t\t\t\t\t\t\t<h3 class=\"entry-title\">LesArt am 12. November 2018 \u2013 Ingo Cesaro mit dem Alfred-Hertrich-Trio<\/h3><p>Schwabach \u2013 Am Montag, den 12. November 2018, stellt Ingo\u00a0Cesaro um 20.00 Uhr im Stadtmuseum Schwabach die Kriminal-Haikus \u201eEine sch\u00f6ne Leich\u201c vor.<\/p><table style=\"border-collapse: collapse; width: 99.8744%;\" border=\"1\"><tbody><tr><td style=\"width: 25%;\"><a href=\"http:\/\/www.region-schwabach.de\/wordpress\/wp-content\/uploads\/2018\/10\/Ingo-Cesaro-Begleitung-Alfred-Hertrich-TriocHelmut-Kempe-e1538402930879.jpg\"><img decoding=\"async\" class=\"size-medium wp-image-58657 aligncenter\" src=\"http:\/\/www.region-schwabach.de\/wordpress\/wp-content\/uploads\/2018\/10\/Ingo-Cesaro-Begleitung-Alfred-Hertrich-TriocHelmut-Kempe-300x119.jpg\" alt=\"\" width=\"300\" height=\"119\" \/><\/a> Ingo Cesaro Begleitung Alfred-Hertrich-Trio(c)Helmut Kempe<\/td><td style=\"width: 74.8744%; vertical-align: middle;\">Unter dem Titel \u201eLyrik und Jazz\u201c stellt der bekannte Haiku-Publizist Ingo\u00a0Cesaro die Kriminal-Haikus \u201eEine sch\u00f6ne Leich\u201c vor, also Verbrechen zwischen\u00a0f\u00fcnf und sieben Silben, begleitet vom Alfred-Hertrich-Trio. In seiner 50-j\u00e4hrigen\u00a0musikalischen Laufbahn hat der Gitarrist Alfred Hertrich traditionelle und freie\u00a0Improvisationskunst perfektioniert. Mit dabei: der Prager Kontrabass-Star\u00a0Franti\u0161ek Uhli\u0159 und der Klangzauberer Hans-G\u00fcnter Brodmann, Schlagzeug,\u00a0Percussions und Gongs. (12.11., 20 Uhr).<\/td><\/tr><\/tbody><\/table><h3>Informationen:<\/h3><p>Weitere Informationen gibt es bei der LesArt-Projektleiterin Hanne Hofherr unter Telefon\u00a009122 860-426, LesArt-Programme und Karten im Vorverkauf ab 5. Oktober im\u00a0B\u00fcrgerb\u00fcro im Rathaus, Telefon 09122 8600, bei allen\u00a0 angeschlossenen\u00a0Reservix-Vorverkaufsstellen sowie unter <a href=\"http:\/\/www.schwabach.de\" target=\"_blank\" rel=\"noopener\">www.schwabach.de<\/a> und\u00a0<a href=\"http:\/\/www.reservix.de\" target=\"_blank\" rel=\"noopener\">www.reservix.de<\/a>.<\/p><h3>Eintrittspreise:<\/h3><p>Eintrittspreise: 3,50 bis 10,50 \u20ac, Sch\u00fcler\/ Studenten\u00a0erm\u00e4\u00dfigt; kulinarische Lesung: 38,- \u20ac. Karten beim Goldenen Stern, Telefon\u00a009122 2335; F\u00fcnfer-Ticket: 10 Prozent Rabatt bei Kauf von 5 Karten\u00a0verschiedener Autoren, 20 Prozent Rabatt bei Vorlage der ZAC-Abo-Card (nur\u00a0im VVK, kein Umtausch m\u00f6glich).<\/p><h3>Weiterf\u00fchrende Links:<\/h3><p><a href=\"https:\/\/www.schwabach.de\/images\/referate\/Kulturamt\/Kulturamt\/Festivals\/LesArt\/Downloads\/LA-Broschure-Schwabach18_web3.pdf\" target=\"_blank\" rel=\"noopener\">Hier k\u00f6nnen Sie sich die LesART-Brosch\u00fcre 2018 downloaden &#8230;<\/a><\/p>\t\t\t\t\t\t<\/div>\n\t\t\t\t<\/div>\n\t\t\t\t<section class=\"elementor-section elementor-inner-section elementor-element elementor-element-688bab4 elementor-section-boxed elementor-section-height-default elementor-section-height-default\" data-id=\"688bab4\" data-element_type=\"section\">\n\t\t\t\t\t\t<div class=\"elementor-container elementor-column-gap-default\">\n\t\t\t\t\t<div class=\"elementor-column elementor-col-100 elementor-inner-column elementor-element elementor-element-54707c9\" data-id=\"54707c9\" data-element_type=\"column\">\n\t\t\t<div class=\"elementor-widget-wrap elementor-element-populated\">\n\t\t\t\t\t\t<div class=\"elementor-element elementor-element-d335035 elementor-widget elementor-widget-html\" data-id=\"d335035\" data-element_type=\"widget\" data-widget_type=\"html.default\">\n\t\t\t\t<div class=\"elementor-widget-container\">\n\t\t\t<iframe style=\"width:120px;height:240px;\" marginwidth=\"0\" marginheight=\"0\" scrolling=\"no\" frameborder=\"0\" src=\"\/\/ws-eu.amazon-adsystem.com\/widgets\/q?ServiceVersion=20070822&OneJS=1&Operation=GetAdHtml&MarketPlace=DE&source=ac&ref=qf_sp_asin_til&ad_type=product_link&tracking_id=hlde-21&marketplace=amazon&region=DE&placement=3880815658&asins=3880815658&linkId=27b4e9140c3ba4cbb479b28b7a51cd88&show_border=true&link_opens_in_new_window=true&price_color=333333&title_color=0066c0&bg_color=ffffff\"><\/iframe>\t\t<\/div>\n\t\t\t\t<\/div>\n\t\t\t\t\t<\/div>\n\t\t<\/div>\n\t\t\t\t\t<\/div>\n\t\t<\/section>\n\t\t\t\t\t<\/div>\n\t\t<\/div>\n\t\t\t\t<div class=\"elementor-column elementor-col-33 elementor-top-column elementor-element elementor-element-f645137\" data-id=\"f645137\" data-element_type=\"column\">\n\t\t\t<div class=\"elementor-widget-wrap\">\n\t\t\t\t\t\t\t<\/div>\n\t\t<\/div>\n\t\t\t\t\t<\/div>\n\t\t<\/section>\n\t\t\t\t<\/div>\n\t\t","protected":false},"excerpt":{"rendered":"<div class=\"mh-excerpt\"><p>LesArt am 12. November 2018 \u2013 Ingo Cesaro mit dem Alfred-Hertrich-Trio Schwabach \u2013 Am Montag, den 12. November 2018, stellt Ingo\u00a0Cesaro um 20.00 Uhr im Stadtmuseum Schwabach die Kriminal-Haikus \u201eEine sch\u00f6ne Leich\u201c vor. Ingo Cesaro <a class=\"mh-excerpt-more\" href=\"https:\/\/www.region-schwabach.de\/wordpress\/lesart-am-12-november-2018-ingo-cesaro-mit-dem-alfred-hertrich-trio\/\" title=\"LesArt am 12. November 2018 \u2013 Ingo Cesaro mit dem Alfred-Hertrich-Trio\">[&#8230;]<\/a><\/p>\n<\/div>","protected":false},"author":1,"featured_media":58316,"comment_status":"open","ping_status":"open","sticky":false,"template":"","format":"standard","meta":{"_cbd_carousel_blocks":"[]","footnotes":""},"categories":[16,287,61,231],"tags":[6589,6176,6698,6178,6697,311,6179,3953,1480,19,3739],"class_list":{"0":"post-63282","1":"post","2":"type-post","3":"status-publish","4":"format-standard","5":"has-post-thumbnail","7":"category-aktuell","8":"category-jugend-und-familie","9":"category-rathaus","10":"category-veranstaltungsnews","11":"tag-12-11-2018","12":"tag-3-november-bis-12-november-2018","13":"tag-alfred-hertrich-trio","14":"tag-autoren","15":"tag-ingo-cesaro","16":"tag-lesart","17":"tag-musikalische-buehnenshow","18":"tag-november-2018","19":"tag-rathaus","20":"tag-schwabach","21":"tag-stadtmuseum"},"_links":{"self":[{"href":"https:\/\/www.region-schwabach.de\/wordpress\/wp-json\/wp\/v2\/posts\/63282","targetHints":{"allow":["GET"]}}],"collection":[{"href":"https:\/\/www.region-schwabach.de\/wordpress\/wp-json\/wp\/v2\/posts"}],"about":[{"href":"https:\/\/www.region-schwabach.de\/wordpress\/wp-json\/wp\/v2\/types\/post"}],"author":[{"embeddable":true,"href":"https:\/\/www.region-schwabach.de\/wordpress\/wp-json\/wp\/v2\/users\/1"}],"replies":[{"embeddable":true,"href":"https:\/\/www.region-schwabach.de\/wordpress\/wp-json\/wp\/v2\/comments?post=63282"}],"version-history":[{"count":0,"href":"https:\/\/www.region-schwabach.de\/wordpress\/wp-json\/wp\/v2\/posts\/63282\/revisions"}],"wp:featuredmedia":[{"embeddable":true,"href":"https:\/\/www.region-schwabach.de\/wordpress\/wp-json\/wp\/v2\/media\/58316"}],"wp:attachment":[{"href":"https:\/\/www.region-schwabach.de\/wordpress\/wp-json\/wp\/v2\/media?parent=63282"}],"wp:term":[{"taxonomy":"category","embeddable":true,"href":"https:\/\/www.region-schwabach.de\/wordpress\/wp-json\/wp\/v2\/categories?post=63282"},{"taxonomy":"post_tag","embeddable":true,"href":"https:\/\/www.region-schwabach.de\/wordpress\/wp-json\/wp\/v2\/tags?post=63282"}],"curies":[{"name":"wp","href":"https:\/\/api.w.org\/{rel}","templated":true}]}}