{"id":63293,"date":"2018-11-01T11:35:21","date_gmt":"2018-11-01T10:35:21","guid":{"rendered":"http:\/\/www.region-schwabach.de\/wordpress\/?p=63293"},"modified":"2018-11-01T11:47:39","modified_gmt":"2018-11-01T10:47:39","slug":"pkw-auf-der-st-2237-bei-allersberg-uebersehen","status":"publish","type":"post","link":"https:\/\/www.region-schwabach.de\/wordpress\/pkw-auf-der-st-2237-bei-allersberg-uebersehen\/","title":{"rendered":"PKW auf der St 2237 bei Allersberg \u00fcbersehen"},"content":{"rendered":"\t\t<div data-elementor-type=\"wp-post\" data-elementor-id=\"63293\" class=\"elementor elementor-63293 elementor-bc-flex-widget\">\n\t\t\t\t\t\t<section class=\"elementor-section elementor-top-section elementor-element elementor-element-1cuv9jr elementor-section-boxed elementor-section-height-default elementor-section-height-default\" data-id=\"1cuv9jr\" data-element_type=\"section\">\n\t\t\t\t\t\t<div class=\"elementor-container elementor-column-gap-default\">\n\t\t\t\t\t<div class=\"elementor-column elementor-col-66 elementor-top-column elementor-element elementor-element-q5zak7b\" data-id=\"q5zak7b\" data-element_type=\"column\">\n\t\t\t<div class=\"elementor-widget-wrap elementor-element-populated\">\n\t\t\t\t\t\t<div class=\"elementor-element elementor-element-763ecdd elementor-widget elementor-widget-text-editor\" data-id=\"763ecdd\" data-element_type=\"widget\" data-widget_type=\"text-editor.default\">\n\t\t\t\t<div class=\"elementor-widget-container\">\n\t\t\t\t\t\t\t<h3 class=\"story-headline\"><strong>PKW \u00fcbersehen<\/strong><\/h3><p><span style=\"font-size: 12pt;\">Allersberg &#8211; Am Mittwochmittag, den 31.10.2018, ereignete sich\u00a0auf der Staatsstra\u00dfe 2237 auf H\u00f6he der Abzweigung nach Allersberg ein Unfall, als ein 82j\u00e4hriger PKW-Fahrer von der Staatsstra\u00dfe nach links in Richtung Allersberg abbiegen wollte, und dabei einen entgegenkommenden PKW eines 65 J\u00e4hrigen \u00fcbersah, der in Richtung Roth unterwegs war.<\/span><\/p><h3>Nur Sachschaden entstanden<\/h3><p><span style=\"font-size: 12pt;\">Verletzt wurde bei der folgenden Kollision gl\u00fccklicherweise niemand, es entstand lediglich an den beteiligten Fahrzeugen ein Schaden in H\u00f6he von ca. 1.500 Euro.<\/span><\/p>\t\t\t\t\t\t<\/div>\n\t\t\t\t<\/div>\n\t\t\t\t<div class=\"elementor-element elementor-element-ace1283 elementor-widget-divider--view-line elementor-widget elementor-widget-divider\" data-id=\"ace1283\" data-element_type=\"widget\" data-widget_type=\"divider.default\">\n\t\t\t\t<div class=\"elementor-widget-container\">\n\t\t\t\t\t<div class=\"elementor-divider\">\n\t\t\t<span class=\"elementor-divider-separator\">\n\t\t\t\t\t\t<\/span>\n\t\t<\/div>\n\t\t\t\t<\/div>\n\t\t\t\t<\/div>\n\t\t\t\t<div class=\"elementor-element elementor-element-1l7zbzo elementor-widget elementor-widget-google_maps\" data-id=\"1l7zbzo\" data-element_type=\"widget\" data-widget_type=\"google_maps.default\">\n\t\t\t\t<div class=\"elementor-widget-container\">\n\t\t\t\t\t<div class=\"elementor-custom-embed\">\n\t\t\t<iframe loading=\"lazy\"\n\t\t\t\t\tsrc=\"https:\/\/maps.google.com\/maps?q=49.248627%2C%2011.222449&#038;t=m&#038;z=16&#038;output=embed&#038;iwloc=near\"\n\t\t\t\t\ttitle=\"49.248627, 11.222449\"\n\t\t\t\t\taria-label=\"49.248627, 11.222449\"\n\t\t\t><\/iframe>\n\t\t<\/div>\n\t\t\t\t<\/div>\n\t\t\t\t<\/div>\n\t\t\t\t\t<\/div>\n\t\t<\/div>\n\t\t\t\t<div class=\"elementor-column elementor-col-33 elementor-top-column elementor-element elementor-element-0w0urt1\" data-id=\"0w0urt1\" data-element_type=\"column\">\n\t\t\t<div class=\"elementor-widget-wrap\">\n\t\t\t\t\t\t\t<\/div>\n\t\t<\/div>\n\t\t\t\t\t<\/div>\n\t\t<\/section>\n\t\t\t\t<\/div>\n\t\t","protected":false},"excerpt":{"rendered":"<div class=\"mh-excerpt\"><p>PKW \u00fcbersehen Allersberg &#8211; Am Mittwochmittag, den 31.10.2018, ereignete sich\u00a0auf der Staatsstra\u00dfe 2237 auf H\u00f6he der Abzweigung nach Allersberg ein Unfall, als ein 82j\u00e4hriger PKW-Fahrer von der Staatsstra\u00dfe nach links in Richtung Allersberg abbiegen wollte, <a class=\"mh-excerpt-more\" href=\"https:\/\/www.region-schwabach.de\/wordpress\/pkw-auf-der-st-2237-bei-allersberg-uebersehen\/\" title=\"PKW auf der St 2237 bei Allersberg \u00fcbersehen\">[&#8230;]<\/a><\/p>\n<\/div>","protected":false},"author":1,"featured_media":63294,"comment_status":"open","ping_status":"open","sticky":false,"template":"","format":"standard","meta":{"_cbd_carousel_blocks":"[]","footnotes":""},"categories":[15],"tags":[6152,556,297,463,981,32,401,713,729,334,584],"class_list":{"0":"post-63293","1":"post","2":"type-post","3":"status-publish","4":"format-standard","5":"has-post-thumbnail","7":"category-polizeimeldungen","8":"tag-31-10-2018","9":"tag-allersberg","10":"tag-hilpoltstein","11":"tag-pkw","12":"tag-polizei","13":"tag-roth","14":"tag-sachschaden","15":"tag-schaden","16":"tag-staatsstrasse-2237","17":"tag-unfall","18":"tag-zusammenstoss"},"_links":{"self":[{"href":"https:\/\/www.region-schwabach.de\/wordpress\/wp-json\/wp\/v2\/posts\/63293","targetHints":{"allow":["GET"]}}],"collection":[{"href":"https:\/\/www.region-schwabach.de\/wordpress\/wp-json\/wp\/v2\/posts"}],"about":[{"href":"https:\/\/www.region-schwabach.de\/wordpress\/wp-json\/wp\/v2\/types\/post"}],"author":[{"embeddable":true,"href":"https:\/\/www.region-schwabach.de\/wordpress\/wp-json\/wp\/v2\/users\/1"}],"replies":[{"embeddable":true,"href":"https:\/\/www.region-schwabach.de\/wordpress\/wp-json\/wp\/v2\/comments?post=63293"}],"version-history":[{"count":0,"href":"https:\/\/www.region-schwabach.de\/wordpress\/wp-json\/wp\/v2\/posts\/63293\/revisions"}],"wp:featuredmedia":[{"embeddable":true,"href":"https:\/\/www.region-schwabach.de\/wordpress\/wp-json\/wp\/v2\/media\/63294"}],"wp:attachment":[{"href":"https:\/\/www.region-schwabach.de\/wordpress\/wp-json\/wp\/v2\/media?parent=63293"}],"wp:term":[{"taxonomy":"category","embeddable":true,"href":"https:\/\/www.region-schwabach.de\/wordpress\/wp-json\/wp\/v2\/categories?post=63293"},{"taxonomy":"post_tag","embeddable":true,"href":"https:\/\/www.region-schwabach.de\/wordpress\/wp-json\/wp\/v2\/tags?post=63293"}],"curies":[{"name":"wp","href":"https:\/\/api.w.org\/{rel}","templated":true}]}}