{"id":63306,"date":"2018-11-01T12:34:08","date_gmt":"2018-11-01T11:34:08","guid":{"rendered":"http:\/\/www.region-schwabach.de\/wordpress\/?p=63306"},"modified":"2018-11-01T12:44:07","modified_gmt":"2018-11-01T11:44:07","slug":"zwei-verkehrsunfaelle-im-allersberger-kreisel","status":"publish","type":"post","link":"https:\/\/www.region-schwabach.de\/wordpress\/zwei-verkehrsunfaelle-im-allersberger-kreisel\/","title":{"rendered":"Zwei Verkehrsunf\u00e4lle im \u201eAllersberger Kreisel\u201c"},"content":{"rendered":"\t\t<div data-elementor-type=\"wp-post\" data-elementor-id=\"63306\" class=\"elementor elementor-63306 elementor-bc-flex-widget\">\n\t\t\t\t\t\t<section class=\"elementor-section elementor-top-section elementor-element elementor-element-1cuv9jr elementor-section-boxed elementor-section-height-default elementor-section-height-default\" data-id=\"1cuv9jr\" data-element_type=\"section\">\n\t\t\t\t\t\t<div class=\"elementor-container elementor-column-gap-default\">\n\t\t\t\t\t<div class=\"elementor-column elementor-col-66 elementor-top-column elementor-element elementor-element-q5zak7b\" data-id=\"q5zak7b\" data-element_type=\"column\">\n\t\t\t<div class=\"elementor-widget-wrap elementor-element-populated\">\n\t\t\t\t\t\t<div class=\"elementor-element elementor-element-763ecdd elementor-widget elementor-widget-text-editor\" data-id=\"763ecdd\" data-element_type=\"widget\" data-widget_type=\"text-editor.default\">\n\t\t\t\t<div class=\"elementor-widget-container\">\n\t\t\t\t\t\t\t<h3 class=\"story-headline\"><strong>Gleich zwei Verkehrsunf\u00e4lle im \u201eKreisel Allersberg\u201c<\/strong><\/h3><p><span style=\"font-size: 12pt;\">Allersberg &#8211;\u00a0Gl\u00fcck im Ungl\u00fcck hatte ein 65-j\u00e4hriger PKW-Fahrer am Mittwochnachmittag, den 31.10.2018, als er mit seinem Familienvan von Roth kommend in den Kreisverkehr in Allersberg eingefahren war. Kurz vor der Ausfahrt nach Hilpoltstein war ihm ein 40-Tonner aus Unachtsamkeit aufgefahren, und hatte dabei die Kofferraumklappe und die Heckscheibe besch\u00e4digt. Der Verursacher des Auffahrunfalls &#8211; ein 49-j\u00e4hriger polnischer LKW-Fahrer &#8211; erhielt ein Verwarnungsgeld.<\/span><\/p>\t\t\t\t\t\t<\/div>\n\t\t\t\t<\/div>\n\t\t\t\t<div class=\"elementor-element elementor-element-ace1283 elementor-widget-divider--view-line elementor-widget elementor-widget-divider\" data-id=\"ace1283\" data-element_type=\"widget\" data-widget_type=\"divider.default\">\n\t\t\t\t<div class=\"elementor-widget-container\">\n\t\t\t\t\t<div class=\"elementor-divider\">\n\t\t\t<span class=\"elementor-divider-separator\">\n\t\t\t\t\t\t<\/span>\n\t\t<\/div>\n\t\t\t\t<\/div>\n\t\t\t\t<\/div>\n\t\t\t\t<div class=\"elementor-element elementor-element-1l7zbzo elementor-widget elementor-widget-google_maps\" data-id=\"1l7zbzo\" data-element_type=\"widget\" data-widget_type=\"google_maps.default\">\n\t\t\t\t<div class=\"elementor-widget-container\">\n\t\t\t\t\t<div class=\"elementor-custom-embed\">\n\t\t\t<iframe loading=\"lazy\"\n\t\t\t\t\tsrc=\"https:\/\/maps.google.com\/maps?q=49.247635%2C%2011.212357&#038;t=m&#038;z=15&#038;output=embed&#038;iwloc=near\"\n\t\t\t\t\ttitle=\"49.247635, 11.212357\"\n\t\t\t\t\taria-label=\"49.247635, 11.212357\"\n\t\t\t><\/iframe>\n\t\t<\/div>\n\t\t\t\t<\/div>\n\t\t\t\t<\/div>\n\t\t\t\t\t<\/div>\n\t\t<\/div>\n\t\t\t\t<div class=\"elementor-column elementor-col-33 elementor-top-column elementor-element elementor-element-0w0urt1\" data-id=\"0w0urt1\" data-element_type=\"column\">\n\t\t\t<div class=\"elementor-widget-wrap\">\n\t\t\t\t\t\t\t<\/div>\n\t\t<\/div>\n\t\t\t\t\t<\/div>\n\t\t<\/section>\n\t\t\t\t<\/div>\n\t\t","protected":false},"excerpt":{"rendered":"<div class=\"mh-excerpt\"><p>Gleich zwei Verkehrsunf\u00e4lle im \u201eKreisel Allersberg\u201c Allersberg &#8211;\u00a0Gl\u00fcck im Ungl\u00fcck hatte ein 65-j\u00e4hriger PKW-Fahrer am Mittwochnachmittag, den 31.10.2018, als er mit seinem Familienvan von Roth kommend in den Kreisverkehr in Allersberg eingefahren war. Kurz vor <a class=\"mh-excerpt-more\" href=\"https:\/\/www.region-schwabach.de\/wordpress\/zwei-verkehrsunfaelle-im-allersberger-kreisel\/\" title=\"Zwei Verkehrsunf\u00e4lle im \u201eAllersberger Kreisel\u201c\">[&#8230;]<\/a><\/p>\n<\/div>","protected":false},"author":1,"featured_media":63307,"comment_status":"open","ping_status":"open","sticky":false,"template":"","format":"standard","meta":{"_cbd_carousel_blocks":"[]","footnotes":""},"categories":[15],"tags":[6152,556,1120,297,6704,397,261,463,981,401,713,1789,334,4710,584],"class_list":{"0":"post-63306","1":"post","2":"type-post","3":"status-publish","4":"format-standard","5":"has-post-thumbnail","7":"category-polizeimeldungen","8":"tag-31-10-2018","9":"tag-allersberg","10":"tag-heckscheibe","11":"tag-hilpoltstein","12":"tag-kofferraumklappe","13":"tag-kreisverkehr","14":"tag-lkw","15":"tag-pkw","16":"tag-polizei","17":"tag-sachschaden","18":"tag-schaden","19":"tag-suv","20":"tag-unfall","21":"tag-van","22":"tag-zusammenstoss"},"_links":{"self":[{"href":"https:\/\/www.region-schwabach.de\/wordpress\/wp-json\/wp\/v2\/posts\/63306","targetHints":{"allow":["GET"]}}],"collection":[{"href":"https:\/\/www.region-schwabach.de\/wordpress\/wp-json\/wp\/v2\/posts"}],"about":[{"href":"https:\/\/www.region-schwabach.de\/wordpress\/wp-json\/wp\/v2\/types\/post"}],"author":[{"embeddable":true,"href":"https:\/\/www.region-schwabach.de\/wordpress\/wp-json\/wp\/v2\/users\/1"}],"replies":[{"embeddable":true,"href":"https:\/\/www.region-schwabach.de\/wordpress\/wp-json\/wp\/v2\/comments?post=63306"}],"version-history":[{"count":0,"href":"https:\/\/www.region-schwabach.de\/wordpress\/wp-json\/wp\/v2\/posts\/63306\/revisions"}],"wp:featuredmedia":[{"embeddable":true,"href":"https:\/\/www.region-schwabach.de\/wordpress\/wp-json\/wp\/v2\/media\/63307"}],"wp:attachment":[{"href":"https:\/\/www.region-schwabach.de\/wordpress\/wp-json\/wp\/v2\/media?parent=63306"}],"wp:term":[{"taxonomy":"category","embeddable":true,"href":"https:\/\/www.region-schwabach.de\/wordpress\/wp-json\/wp\/v2\/categories?post=63306"},{"taxonomy":"post_tag","embeddable":true,"href":"https:\/\/www.region-schwabach.de\/wordpress\/wp-json\/wp\/v2\/tags?post=63306"}],"curies":[{"name":"wp","href":"https:\/\/api.w.org\/{rel}","templated":true}]}}