{"id":63311,"date":"2018-11-01T12:54:26","date_gmt":"2018-11-01T11:54:26","guid":{"rendered":"http:\/\/www.region-schwabach.de\/wordpress\/?p=63311"},"modified":"2018-11-01T13:00:21","modified_gmt":"2018-11-01T12:00:21","slug":"ueberschaubare-einsaetze-bei-der-pi-hilpoltstein-an-helloween","status":"publish","type":"post","link":"https:\/\/www.region-schwabach.de\/wordpress\/ueberschaubare-einsaetze-bei-der-pi-hilpoltstein-an-helloween\/","title":{"rendered":"\u00dcberschaubare Eins\u00e4tze bei der PI Hilpoltstein an \u201eHelloween\u201c"},"content":{"rendered":"\t\t<div data-elementor-type=\"wp-post\" data-elementor-id=\"63311\" class=\"elementor elementor-63311 elementor-bc-flex-widget\">\n\t\t\t\t\t\t<section class=\"elementor-section elementor-top-section elementor-element elementor-element-1cuv9jr elementor-section-boxed elementor-section-height-default elementor-section-height-default\" data-id=\"1cuv9jr\" data-element_type=\"section\">\n\t\t\t\t\t\t<div class=\"elementor-container elementor-column-gap-default\">\n\t\t\t\t\t<div class=\"elementor-column elementor-col-66 elementor-top-column elementor-element elementor-element-q5zak7b\" data-id=\"q5zak7b\" data-element_type=\"column\">\n\t\t\t<div class=\"elementor-widget-wrap elementor-element-populated\">\n\t\t\t\t\t\t<div class=\"elementor-element elementor-element-763ecdd elementor-widget elementor-widget-text-editor\" data-id=\"763ecdd\" data-element_type=\"widget\" data-widget_type=\"text-editor.default\">\n\t\t\t\t<div class=\"elementor-widget-container\">\n\t\t\t\t\t\t\t<h3 class=\"story-headline\"><strong>\u00dcberschaubare Eins\u00e4tze wegen \u201eHelloween\u201c<\/strong><\/h3><p><span style=\"font-size: 12pt;\">Hilpoltstein &#8211;\u00a0Die Eins\u00e4tze wegen &#8222;Helloween&#8220; hielten sich aus Sicht der Polizeiinspektion Hilpoltstein in diesem Jahr in Grenzen, Streifen mu\u00dften nur je zweimal nach Allersberg und Heideck ausr\u00fccken, um Jugendliche bei ihrem Treiben zu stoppen. Neben gez\u00fcndeten Feuerwerksk\u00f6rpern, Luftschlangen auf geparkten PKWs und geworfenen Eiern an Hausw\u00e4nden, kam es zu keinen strafrechtlich relevanten Zwischenf\u00e4llen. Dennoch weist die Polizei nochmals daraufhin, da\u00df Eierw\u00fcrfe an Hausw\u00e4nde in keinster Weise tolerierbar sind, und es hierbei durchaus zu Schadenersatz-Anspr\u00fcchen der Hauseigent\u00fcmer kommen kann.<\/span><\/p>\t\t\t\t\t\t<\/div>\n\t\t\t\t<\/div>\n\t\t\t\t<div class=\"elementor-element elementor-element-ace1283 elementor-widget-divider--view-line elementor-widget elementor-widget-divider\" data-id=\"ace1283\" data-element_type=\"widget\" data-widget_type=\"divider.default\">\n\t\t\t\t<div class=\"elementor-widget-container\">\n\t\t\t\t\t<div class=\"elementor-divider\">\n\t\t\t<span class=\"elementor-divider-separator\">\n\t\t\t\t\t\t<\/span>\n\t\t<\/div>\n\t\t\t\t<\/div>\n\t\t\t\t<\/div>\n\t\t\t\t<div class=\"elementor-element elementor-element-1l7zbzo elementor-widget elementor-widget-google_maps\" data-id=\"1l7zbzo\" data-element_type=\"widget\" data-widget_type=\"google_maps.default\">\n\t\t\t\t<div class=\"elementor-widget-container\">\n\t\t\t\t\t<div class=\"elementor-custom-embed\">\n\t\t\t<iframe loading=\"lazy\"\n\t\t\t\t\tsrc=\"https:\/\/maps.google.com\/maps?q=Hilpoltstein%2C%20Deutschland&#038;t=m&#038;z=15&#038;output=embed&#038;iwloc=near\"\n\t\t\t\t\ttitle=\"Hilpoltstein, Deutschland\"\n\t\t\t\t\taria-label=\"Hilpoltstein, Deutschland\"\n\t\t\t><\/iframe>\n\t\t<\/div>\n\t\t\t\t<\/div>\n\t\t\t\t<\/div>\n\t\t\t\t\t<\/div>\n\t\t<\/div>\n\t\t\t\t<div class=\"elementor-column elementor-col-33 elementor-top-column elementor-element elementor-element-0w0urt1\" data-id=\"0w0urt1\" data-element_type=\"column\">\n\t\t\t<div class=\"elementor-widget-wrap\">\n\t\t\t\t\t\t\t<\/div>\n\t\t<\/div>\n\t\t\t\t\t<\/div>\n\t\t<\/section>\n\t\t\t\t<\/div>\n\t\t","protected":false},"excerpt":{"rendered":"<div class=\"mh-excerpt\"><p>\u00dcberschaubare Eins\u00e4tze wegen \u201eHelloween\u201c Hilpoltstein &#8211;\u00a0Die Eins\u00e4tze wegen &#8222;Helloween&#8220; hielten sich aus Sicht der Polizeiinspektion Hilpoltstein in diesem Jahr in Grenzen, Streifen mu\u00dften nur je zweimal nach Allersberg und Heideck ausr\u00fccken, um Jugendliche bei ihrem <a class=\"mh-excerpt-more\" href=\"https:\/\/www.region-schwabach.de\/wordpress\/ueberschaubare-einsaetze-bei-der-pi-hilpoltstein-an-helloween\/\" title=\"\u00dcberschaubare Eins\u00e4tze bei der PI Hilpoltstein an \u201eHelloween\u201c\">[&#8230;]<\/a><\/p>\n<\/div>","protected":false},"author":1,"featured_media":63312,"comment_status":"open","ping_status":"open","sticky":false,"template":"","format":"standard","meta":{"_cbd_carousel_blocks":"[]","footnotes":""},"categories":[15],"tags":[6152,556,6708,6706,1504,596,6705,297,488,6707,463,981,401,713],"class_list":{"0":"post-63311","1":"post","2":"type-post","3":"status-publish","4":"format-standard","5":"has-post-thumbnail","7":"category-polizeimeldungen","8":"tag-31-10-2018","9":"tag-allersberg","10":"tag-eier","11":"tag-feuerwerkskoerpern","12":"tag-hauswand","13":"tag-heideck","14":"tag-helloween","15":"tag-hilpoltstein","16":"tag-jugendliche","17":"tag-luftschlangen","18":"tag-pkw","19":"tag-polizei","20":"tag-sachschaden","21":"tag-schaden"},"_links":{"self":[{"href":"https:\/\/www.region-schwabach.de\/wordpress\/wp-json\/wp\/v2\/posts\/63311","targetHints":{"allow":["GET"]}}],"collection":[{"href":"https:\/\/www.region-schwabach.de\/wordpress\/wp-json\/wp\/v2\/posts"}],"about":[{"href":"https:\/\/www.region-schwabach.de\/wordpress\/wp-json\/wp\/v2\/types\/post"}],"author":[{"embeddable":true,"href":"https:\/\/www.region-schwabach.de\/wordpress\/wp-json\/wp\/v2\/users\/1"}],"replies":[{"embeddable":true,"href":"https:\/\/www.region-schwabach.de\/wordpress\/wp-json\/wp\/v2\/comments?post=63311"}],"version-history":[{"count":0,"href":"https:\/\/www.region-schwabach.de\/wordpress\/wp-json\/wp\/v2\/posts\/63311\/revisions"}],"wp:featuredmedia":[{"embeddable":true,"href":"https:\/\/www.region-schwabach.de\/wordpress\/wp-json\/wp\/v2\/media\/63312"}],"wp:attachment":[{"href":"https:\/\/www.region-schwabach.de\/wordpress\/wp-json\/wp\/v2\/media?parent=63311"}],"wp:term":[{"taxonomy":"category","embeddable":true,"href":"https:\/\/www.region-schwabach.de\/wordpress\/wp-json\/wp\/v2\/categories?post=63311"},{"taxonomy":"post_tag","embeddable":true,"href":"https:\/\/www.region-schwabach.de\/wordpress\/wp-json\/wp\/v2\/tags?post=63311"}],"curies":[{"name":"wp","href":"https:\/\/api.w.org\/{rel}","templated":true}]}}