{"id":63319,"date":"2018-11-01T13:15:36","date_gmt":"2018-11-01T12:15:36","guid":{"rendered":"http:\/\/www.region-schwabach.de\/wordpress\/?p=63319"},"modified":"2018-11-01T16:03:20","modified_gmt":"2018-11-01T15:03:20","slug":"verletzter-leichtkraftradfahrer-in-weissenburg","status":"publish","type":"post","link":"https:\/\/www.region-schwabach.de\/wordpress\/verletzter-leichtkraftradfahrer-in-weissenburg\/","title":{"rendered":"Verletzter Leichtkraftradfahrer in Wei\u00dfenburg"},"content":{"rendered":"\t\t<div data-elementor-type=\"wp-post\" data-elementor-id=\"63319\" class=\"elementor elementor-63319 elementor-bc-flex-widget\">\n\t\t\t\t\t\t<section class=\"elementor-section elementor-top-section elementor-element elementor-element-1cuv9jr elementor-section-boxed elementor-section-height-default elementor-section-height-default\" data-id=\"1cuv9jr\" data-element_type=\"section\">\n\t\t\t\t\t\t<div class=\"elementor-container elementor-column-gap-default\">\n\t\t\t\t\t<div class=\"elementor-column elementor-col-66 elementor-top-column elementor-element elementor-element-q5zak7b\" data-id=\"q5zak7b\" data-element_type=\"column\">\n\t\t\t<div class=\"elementor-widget-wrap elementor-element-populated\">\n\t\t\t\t\t\t<div class=\"elementor-element elementor-element-763ecdd elementor-widget elementor-widget-text-editor\" data-id=\"763ecdd\" data-element_type=\"widget\" data-widget_type=\"text-editor.default\">\n\t\t\t\t<div class=\"elementor-widget-container\">\n\t\t\t\t\t\t\t<h3 class=\"story-headline\"><strong>Verkehrsunfall mit verletztem Kradfahrer<\/strong><\/h3><p><span style=\"font-size: 12pt;\">Wei\u00dfenburg &#8211; Am Mittwochnachmittag, den 31.10.2018, war\u00a0ein 16-j\u00e4hriger Zweiradfahrer mit seinem Leichtkraftrad auf der Auffahrt vom R\u00f6merbrunnenweg auf die B2 in Richtung N\u00fcrnberg unterwegs, als er in der Rechtskurve auf kleinen Schottersteinen die Kontrolle \u00fcber sein Fahrzeug verlor, und st\u00fcrzte. <\/span><\/p><h3>Gl\u00fccklicherweise nur leicht verletzt<\/h3><p><span style=\"font-size: 12pt;\">Das Leichtkraftrad schleuderte auf die Hauptfahrbahn, wo es von einem Pkw erfasst wurde, der 16 J\u00e4hrige blieb gl\u00fccklicherweise auf der Nebenfahrbahn liegen, und kam mit ein paar Sch\u00fcrfwunden und Prellungen davon.\u00a0Der entstandene Sachschaden betr\u00e4gt ca. 4.000 Euro.<\/span><\/p>\t\t\t\t\t\t<\/div>\n\t\t\t\t<\/div>\n\t\t\t\t<div class=\"elementor-element elementor-element-ace1283 elementor-widget-divider--view-line elementor-widget elementor-widget-divider\" data-id=\"ace1283\" data-element_type=\"widget\" data-widget_type=\"divider.default\">\n\t\t\t\t<div class=\"elementor-widget-container\">\n\t\t\t\t\t<div class=\"elementor-divider\">\n\t\t\t<span class=\"elementor-divider-separator\">\n\t\t\t\t\t\t<\/span>\n\t\t<\/div>\n\t\t\t\t<\/div>\n\t\t\t\t<\/div>\n\t\t\t\t<div class=\"elementor-element elementor-element-1l7zbzo elementor-widget elementor-widget-google_maps\" data-id=\"1l7zbzo\" data-element_type=\"widget\" data-widget_type=\"google_maps.default\">\n\t\t\t\t<div class=\"elementor-widget-container\">\n\t\t\t\t\t<div class=\"elementor-custom-embed\">\n\t\t\t<iframe loading=\"lazy\"\n\t\t\t\t\tsrc=\"https:\/\/maps.google.com\/maps?q=R%C3%B6merbrunnenweg%2C%20Wei%C3%9Fenburg%2C%20Deutschland&#038;t=m&#038;z=17&#038;output=embed&#038;iwloc=near\"\n\t\t\t\t\ttitle=\"R\u00f6merbrunnenweg, Wei\u00dfenburg, Deutschland\"\n\t\t\t\t\taria-label=\"R\u00f6merbrunnenweg, Wei\u00dfenburg, Deutschland\"\n\t\t\t><\/iframe>\n\t\t<\/div>\n\t\t\t\t<\/div>\n\t\t\t\t<\/div>\n\t\t\t\t\t<\/div>\n\t\t<\/div>\n\t\t\t\t<div class=\"elementor-column elementor-col-33 elementor-top-column elementor-element elementor-element-0w0urt1\" data-id=\"0w0urt1\" data-element_type=\"column\">\n\t\t\t<div class=\"elementor-widget-wrap\">\n\t\t\t\t\t\t\t<\/div>\n\t\t<\/div>\n\t\t\t\t\t<\/div>\n\t\t<\/section>\n\t\t\t\t<\/div>\n\t\t","protected":false},"excerpt":{"rendered":"<div class=\"mh-excerpt\"><p>Verkehrsunfall mit verletztem Kradfahrer Wei\u00dfenburg &#8211; Am Mittwochnachmittag, den 31.10.2018, war\u00a0ein 16-j\u00e4hriger Zweiradfahrer mit seinem Leichtkraftrad auf der Auffahrt vom R\u00f6merbrunnenweg auf die B2 in Richtung N\u00fcrnberg unterwegs, als er in der Rechtskurve auf kleinen <a class=\"mh-excerpt-more\" href=\"https:\/\/www.region-schwabach.de\/wordpress\/verletzter-leichtkraftradfahrer-in-weissenburg\/\" title=\"Verletzter Leichtkraftradfahrer in Wei\u00dfenburg\">[&#8230;]<\/a><\/p>\n<\/div>","protected":false},"author":1,"featured_media":63320,"comment_status":"open","ping_status":"open","sticky":false,"template":"","format":"standard","meta":{"_cbd_carousel_blocks":"[]","footnotes":""},"categories":[15],"tags":[6152,429,973,1375,708,463,981,747,401,713,6709,875,249],"class_list":{"0":"post-63319","1":"post","2":"type-post","3":"status-publish","4":"format-standard","5":"has-post-thumbnail","7":"category-polizeimeldungen","8":"tag-31-10-2018","9":"tag-b2","10":"tag-kurve","11":"tag-leicht-verletzt","12":"tag-leichtkraftrad","13":"tag-pkw","14":"tag-polizei","15":"tag-roemerbrunnenweg","16":"tag-sachschaden","17":"tag-schaden","18":"tag-schottersteine","19":"tag-sturz","20":"tag-weissenburg"},"_links":{"self":[{"href":"https:\/\/www.region-schwabach.de\/wordpress\/wp-json\/wp\/v2\/posts\/63319","targetHints":{"allow":["GET"]}}],"collection":[{"href":"https:\/\/www.region-schwabach.de\/wordpress\/wp-json\/wp\/v2\/posts"}],"about":[{"href":"https:\/\/www.region-schwabach.de\/wordpress\/wp-json\/wp\/v2\/types\/post"}],"author":[{"embeddable":true,"href":"https:\/\/www.region-schwabach.de\/wordpress\/wp-json\/wp\/v2\/users\/1"}],"replies":[{"embeddable":true,"href":"https:\/\/www.region-schwabach.de\/wordpress\/wp-json\/wp\/v2\/comments?post=63319"}],"version-history":[{"count":0,"href":"https:\/\/www.region-schwabach.de\/wordpress\/wp-json\/wp\/v2\/posts\/63319\/revisions"}],"wp:featuredmedia":[{"embeddable":true,"href":"https:\/\/www.region-schwabach.de\/wordpress\/wp-json\/wp\/v2\/media\/63320"}],"wp:attachment":[{"href":"https:\/\/www.region-schwabach.de\/wordpress\/wp-json\/wp\/v2\/media?parent=63319"}],"wp:term":[{"taxonomy":"category","embeddable":true,"href":"https:\/\/www.region-schwabach.de\/wordpress\/wp-json\/wp\/v2\/categories?post=63319"},{"taxonomy":"post_tag","embeddable":true,"href":"https:\/\/www.region-schwabach.de\/wordpress\/wp-json\/wp\/v2\/tags?post=63319"}],"curies":[{"name":"wp","href":"https:\/\/api.w.org\/{rel}","templated":true}]}}