{"id":63440,"date":"2018-11-04T00:02:10","date_gmt":"2018-11-03T23:02:10","guid":{"rendered":"http:\/\/www.region-schwabach.de\/wordpress\/?p=63440"},"modified":"2018-12-07T17:10:08","modified_gmt":"2018-12-07T16:10:08","slug":"artenreiche-vogelschau-am-3-4-november-2018","status":"publish","type":"post","link":"https:\/\/www.region-schwabach.de\/wordpress\/artenreiche-vogelschau-am-3-4-november-2018\/","title":{"rendered":"Artenreiche Vogelschau am 3.\/4. November 2018"},"content":{"rendered":"\t\t<div data-elementor-type=\"wp-post\" data-elementor-id=\"63440\" class=\"elementor elementor-63440 elementor-bc-flex-widget\">\n\t\t\t\t\t\t<section class=\"elementor-section elementor-top-section elementor-element elementor-element-678181b elementor-section-boxed elementor-section-height-default elementor-section-height-default\" data-id=\"678181b\" data-element_type=\"section\">\n\t\t\t\t\t\t<div class=\"elementor-container elementor-column-gap-default\">\n\t\t\t\t\t<div class=\"elementor-column elementor-col-66 elementor-top-column elementor-element elementor-element-6b34026\" data-id=\"6b34026\" data-element_type=\"column\">\n\t\t\t<div class=\"elementor-widget-wrap elementor-element-populated\">\n\t\t\t\t\t\t<div class=\"elementor-element elementor-element-443ab98 elementor-widget elementor-widget-text-editor\" data-id=\"443ab98\" data-element_type=\"widget\" data-widget_type=\"text-editor.default\">\n\t\t\t\t<div class=\"elementor-widget-container\">\n\t\t\t\t\t\t\t<h3 class=\"entry-title\">Gro\u00dfe artenreiche Vogelschau<\/h3><p><span style=\"font-size: 12pt;\">Schwabach &#8211; Am Samstag, den 03.11.2018 (von 09.00 Uhr bis 18.00 Uhr), und am Sonntag, den 04.11.2018 (von 09.00 Uhr bis 17.00 Uhr) veranstaltet der Verein der Vogelliebhaber in Schwabach e.V. eine gro\u00dfe und artenreiche &#8211; mit V\u00f6geln aus f\u00fcnf Kontinenten &#8211; Vogelschau.<\/span><\/p><h3>Infos:<\/h3><p><span style=\"font-size: 12pt;\">Die Vogelschau findet in der Johannes-Kern-Mittelschule in der Paul-Goppelt-Stra\u00dfe 4 in Schwabach statt.<\/span><\/p><p><span style=\"font-size: 12pt;\">Der Eintritt kostet 3,- Euro, bzw. 1,- Euro (erm\u00e4ssigt).<\/span><\/p><h3>Weiterf\u00fchrende Links:<\/h3><p><a href=\"http:\/\/www.vogelverein-schwabach.de\/index.htm\" target=\"_blank\" rel=\"noopener\">Zur Homepage der Vogelliebhaber in Schwabach geht&#8217;s hier &#8230;<\/a><\/p>\t\t\t\t\t\t<\/div>\n\t\t\t\t<\/div>\n\t\t\t\t<section class=\"elementor-section elementor-inner-section elementor-element elementor-element-df65870 elementor-section-boxed elementor-section-height-default elementor-section-height-default\" data-id=\"df65870\" data-element_type=\"section\">\n\t\t\t\t\t\t<div class=\"elementor-container elementor-column-gap-default\">\n\t\t\t\t\t<div class=\"elementor-column elementor-col-100 elementor-inner-column elementor-element elementor-element-9cd48b2\" data-id=\"9cd48b2\" data-element_type=\"column\">\n\t\t\t<div class=\"elementor-widget-wrap elementor-element-populated\">\n\t\t\t\t\t\t<div class=\"elementor-element elementor-element-27fd991 elementor-widget elementor-widget-html\" data-id=\"27fd991\" data-element_type=\"widget\" data-widget_type=\"html.default\">\n\t\t\t\t<div class=\"elementor-widget-container\">\n\t\t\t<iframe style=\"width:120px;height:240px;\" marginwidth=\"0\" marginheight=\"0\" scrolling=\"no\" frameborder=\"0\" src=\"\/\/ws-eu.amazon-adsystem.com\/widgets\/q?ServiceVersion=20070822&OneJS=1&Operation=GetAdHtml&MarketPlace=DE&source=ac&ref=qf_sp_asin_til&ad_type=product_link&tracking_id=hlde-21&marketplace=amazon&region=DE&placement=3836956373&asins=3836956373&linkId=7968cc6f8faa002524df33f19738dd29&show_border=true&link_opens_in_new_window=true&price_color=333333&title_color=0066c0&bg_color=ffffff\"><\/iframe>\t\t<\/div>\n\t\t\t\t<\/div>\n\t\t\t\t\t<\/div>\n\t\t<\/div>\n\t\t\t\t\t<\/div>\n\t\t<\/section>\n\t\t\t\t<div class=\"elementor-element elementor-element-0c834d7 elementor-widget-divider--view-line elementor-widget elementor-widget-divider\" data-id=\"0c834d7\" data-element_type=\"widget\" data-widget_type=\"divider.default\">\n\t\t\t\t<div class=\"elementor-widget-container\">\n\t\t\t\t\t<div class=\"elementor-divider\">\n\t\t\t<span class=\"elementor-divider-separator\">\n\t\t\t\t\t\t<\/span>\n\t\t<\/div>\n\t\t\t\t<\/div>\n\t\t\t\t<\/div>\n\t\t\t\t<div class=\"elementor-element elementor-element-325f51f elementor-widget elementor-widget-google_maps\" data-id=\"325f51f\" data-element_type=\"widget\" data-widget_type=\"google_maps.default\">\n\t\t\t\t<div class=\"elementor-widget-container\">\n\t\t\t\t\t<div class=\"elementor-custom-embed\">\n\t\t\t<iframe loading=\"lazy\"\n\t\t\t\t\tsrc=\"https:\/\/maps.google.com\/maps?q=Paul-Goppelt-Stra%C3%9Fe%204%2C%20Schwabach%2C%20Deutschland&#038;t=m&#038;z=17&#038;output=embed&#038;iwloc=near\"\n\t\t\t\t\ttitle=\"Paul-Goppelt-Stra\u00dfe 4, Schwabach, Deutschland\"\n\t\t\t\t\taria-label=\"Paul-Goppelt-Stra\u00dfe 4, Schwabach, Deutschland\"\n\t\t\t><\/iframe>\n\t\t<\/div>\n\t\t\t\t<\/div>\n\t\t\t\t<\/div>\n\t\t\t\t\t<\/div>\n\t\t<\/div>\n\t\t\t\t<div class=\"elementor-column elementor-col-33 elementor-top-column elementor-element elementor-element-f645137\" data-id=\"f645137\" data-element_type=\"column\">\n\t\t\t<div class=\"elementor-widget-wrap\">\n\t\t\t\t\t\t\t<\/div>\n\t\t<\/div>\n\t\t\t\t\t<\/div>\n\t\t<\/section>\n\t\t\t\t<\/div>\n\t\t","protected":false},"excerpt":{"rendered":"<div class=\"mh-excerpt\"><p>Gro\u00dfe artenreiche Vogelschau Schwabach &#8211; Am Samstag, den 03.11.2018 (von 09.00 Uhr bis 18.00 Uhr), und am Sonntag, den 04.11.2018 (von 09.00 Uhr bis 17.00 Uhr) veranstaltet der Verein der Vogelliebhaber in Schwabach e.V. eine <a class=\"mh-excerpt-more\" href=\"https:\/\/www.region-schwabach.de\/wordpress\/artenreiche-vogelschau-am-3-4-november-2018\/\" title=\"Artenreiche Vogelschau am 3.\/4. November 2018\">[&#8230;]<\/a><\/p>\n<\/div>","protected":false},"author":1,"featured_media":63441,"comment_status":"open","ping_status":"open","sticky":false,"template":"","format":"standard","meta":{"_cbd_carousel_blocks":"[]","footnotes":""},"categories":[16,287,231,140],"tags":[6494,6495,6739,6740,6737,19,6738],"class_list":{"0":"post-63440","1":"post","2":"type-post","3":"status-publish","4":"format-standard","5":"has-post-thumbnail","7":"category-aktuell","8":"category-jugend-und-familie","9":"category-veranstaltungsnews","10":"category-vereine","11":"tag-03-11-2018","12":"tag-04-11-2018","13":"tag-artenreich","14":"tag-johannes-kern-mittelschule","15":"tag-paul-goppelt-strasse","16":"tag-schwabach","17":"tag-vogelschau"},"_links":{"self":[{"href":"https:\/\/www.region-schwabach.de\/wordpress\/wp-json\/wp\/v2\/posts\/63440","targetHints":{"allow":["GET"]}}],"collection":[{"href":"https:\/\/www.region-schwabach.de\/wordpress\/wp-json\/wp\/v2\/posts"}],"about":[{"href":"https:\/\/www.region-schwabach.de\/wordpress\/wp-json\/wp\/v2\/types\/post"}],"author":[{"embeddable":true,"href":"https:\/\/www.region-schwabach.de\/wordpress\/wp-json\/wp\/v2\/users\/1"}],"replies":[{"embeddable":true,"href":"https:\/\/www.region-schwabach.de\/wordpress\/wp-json\/wp\/v2\/comments?post=63440"}],"version-history":[{"count":0,"href":"https:\/\/www.region-schwabach.de\/wordpress\/wp-json\/wp\/v2\/posts\/63440\/revisions"}],"wp:featuredmedia":[{"embeddable":true,"href":"https:\/\/www.region-schwabach.de\/wordpress\/wp-json\/wp\/v2\/media\/63441"}],"wp:attachment":[{"href":"https:\/\/www.region-schwabach.de\/wordpress\/wp-json\/wp\/v2\/media?parent=63440"}],"wp:term":[{"taxonomy":"category","embeddable":true,"href":"https:\/\/www.region-schwabach.de\/wordpress\/wp-json\/wp\/v2\/categories?post=63440"},{"taxonomy":"post_tag","embeddable":true,"href":"https:\/\/www.region-schwabach.de\/wordpress\/wp-json\/wp\/v2\/tags?post=63440"}],"curies":[{"name":"wp","href":"https:\/\/api.w.org\/{rel}","templated":true}]}}