{"id":63457,"date":"2018-11-03T00:04:52","date_gmt":"2018-11-02T23:04:52","guid":{"rendered":"http:\/\/www.region-schwabach.de\/wordpress\/?p=63457"},"modified":"2018-12-07T17:20:49","modified_gmt":"2018-12-07T16:20:49","slug":"goldschlaegervorfuehrungen-am-samstag-den-3-november-2018","status":"publish","type":"post","link":"https:\/\/www.region-schwabach.de\/wordpress\/goldschlaegervorfuehrungen-am-samstag-den-3-november-2018\/","title":{"rendered":"Goldschl\u00e4gervorf\u00fchrungen am Samstag, den 3. November 2018"},"content":{"rendered":"\t\t<div data-elementor-type=\"wp-post\" data-elementor-id=\"63457\" class=\"elementor elementor-63457 elementor-bc-flex-widget\">\n\t\t\t\t\t\t<section class=\"elementor-section elementor-top-section elementor-element elementor-element-678181b elementor-section-boxed elementor-section-height-default elementor-section-height-default\" data-id=\"678181b\" data-element_type=\"section\">\n\t\t\t\t\t\t<div class=\"elementor-container elementor-column-gap-default\">\n\t\t\t\t\t<div class=\"elementor-column elementor-col-66 elementor-top-column elementor-element elementor-element-6b34026\" data-id=\"6b34026\" data-element_type=\"column\">\n\t\t\t<div class=\"elementor-widget-wrap elementor-element-populated\">\n\t\t\t\t\t\t<div class=\"elementor-element elementor-element-443ab98 elementor-widget elementor-widget-text-editor\" data-id=\"443ab98\" data-element_type=\"widget\" data-widget_type=\"text-editor.default\">\n\t\t\t\t<div class=\"elementor-widget-container\">\n\t\t\t\t\t\t\t<h3>Goldschl\u00e4gervorf\u00fchrungen in der Goldbox<\/h3><p>Am Samstag, den 3. November 2018, finden wieder Goldschl\u00e4gervorf\u00fchrungen in der\u00a0historischen Werkstatt des Stadtmuseums in Schwabach statt.<\/p><h3>Teilnehmerzahl begrenzt<\/h3><p>Eine Anmeldung zu den 90-min\u00fctigen Demonstrationen um 14.00 Uhr und 16.00 Uhr ist nicht erforderlich, die\u00a0Personenzahl ist jedoch begrenzt.<\/p><p>Die Geb\u00fchr betr\u00e4gt 8 Euro f\u00fcr Erwachsene\u00a0und 5 Euro f\u00fcr Kinder.<\/p><h3>Treffpunkt:<\/h3><p>Treffpunkt ist die Kasse im Eingangsbereich des\u00a0Stadtmuseums in der Dr.-Haas-Stra\u00dfe.<\/p><h3>Weiterf\u00fchrende Links:<\/h3><p><a href=\"https:\/\/www.schwabach.de\/de\/schwabach-erleben\/tourismus\/en\/5726-angebote-fuer-einzelreisende-2.html\" target=\"_blank\" rel=\"noopener\">Zu den F\u00fchrungen f\u00fcr Einzelpersonen geht es hier \u2026<\/a><\/p><p><a href=\"https:\/\/www.schwabach.de\/de\/schwabach-erleben\/tourismus\/en\/6077-angebote-fuer-gruppen-2.html\" target=\"_blank\" rel=\"noopener\">Infos zu F\u00fchrungen f\u00fcr Gruppen gibt\u2019s hier \u2026<\/a><\/p><p><strong>Foto (privat):<\/strong> Goldschl\u00e4germeister Dieter Drotleff bei einer Vorf\u00fchrung<\/p>\t\t\t\t\t\t<\/div>\n\t\t\t\t<\/div>\n\t\t\t\t<section class=\"elementor-section elementor-inner-section elementor-element elementor-element-c9f3f2c elementor-section-boxed elementor-section-height-default elementor-section-height-default\" data-id=\"c9f3f2c\" data-element_type=\"section\">\n\t\t\t\t\t\t<div class=\"elementor-container elementor-column-gap-default\">\n\t\t\t\t\t<div class=\"elementor-column elementor-col-100 elementor-inner-column elementor-element elementor-element-84108af\" data-id=\"84108af\" data-element_type=\"column\">\n\t\t\t<div class=\"elementor-widget-wrap elementor-element-populated\">\n\t\t\t\t\t\t<div class=\"elementor-element elementor-element-5eb7000 elementor-widget elementor-widget-html\" data-id=\"5eb7000\" data-element_type=\"widget\" data-widget_type=\"html.default\">\n\t\t\t\t<div class=\"elementor-widget-container\">\n\t\t\t<iframe style=\"width:120px;height:240px;\" marginwidth=\"0\" marginheight=\"0\" scrolling=\"no\" frameborder=\"0\" src=\"\/\/ws-eu.amazon-adsystem.com\/widgets\/q?ServiceVersion=20070822&OneJS=1&Operation=GetAdHtml&MarketPlace=DE&source=ac&ref=qf_sp_asin_til&ad_type=product_link&tracking_id=hlde-21&marketplace=amazon&region=DE&placement=B017A2D0A2&asins=B017A2D0A2&linkId=3da10c88373a6449383f8ecfe55bbef6&show_border=true&link_opens_in_new_window=true&price_color=333333&title_color=0066c0&bg_color=ffffff\"><\/iframe>\t\t<\/div>\n\t\t\t\t<\/div>\n\t\t\t\t\t<\/div>\n\t\t<\/div>\n\t\t\t\t\t<\/div>\n\t\t<\/section>\n\t\t\t\t<div class=\"elementor-element elementor-element-a29781d elementor-widget-divider--view-line elementor-widget elementor-widget-divider\" data-id=\"a29781d\" data-element_type=\"widget\" data-widget_type=\"divider.default\">\n\t\t\t\t<div class=\"elementor-widget-container\">\n\t\t\t\t\t<div class=\"elementor-divider\">\n\t\t\t<span class=\"elementor-divider-separator\">\n\t\t\t\t\t\t<\/span>\n\t\t<\/div>\n\t\t\t\t<\/div>\n\t\t\t\t<\/div>\n\t\t\t\t<div class=\"elementor-element elementor-element-2a05a02 elementor-widget elementor-widget-google_maps\" data-id=\"2a05a02\" data-element_type=\"widget\" data-widget_type=\"google_maps.default\">\n\t\t\t\t<div class=\"elementor-widget-container\">\n\t\t\t\t\t<div class=\"elementor-custom-embed\">\n\t\t\t<iframe loading=\"lazy\"\n\t\t\t\t\tsrc=\"https:\/\/maps.google.com\/maps?q=Stadtmuseum%2C%20Schwabach%2C%20Deutschland&#038;t=m&#038;z=17&#038;output=embed&#038;iwloc=near\"\n\t\t\t\t\ttitle=\"Stadtmuseum, Schwabach, Deutschland\"\n\t\t\t\t\taria-label=\"Stadtmuseum, Schwabach, Deutschland\"\n\t\t\t><\/iframe>\n\t\t<\/div>\n\t\t\t\t<\/div>\n\t\t\t\t<\/div>\n\t\t\t\t\t<\/div>\n\t\t<\/div>\n\t\t\t\t<div class=\"elementor-column elementor-col-33 elementor-top-column elementor-element elementor-element-f645137\" data-id=\"f645137\" data-element_type=\"column\">\n\t\t\t<div class=\"elementor-widget-wrap\">\n\t\t\t\t\t\t\t<\/div>\n\t\t<\/div>\n\t\t\t\t\t<\/div>\n\t\t<\/section>\n\t\t\t\t<\/div>\n\t\t","protected":false},"excerpt":{"rendered":"<div class=\"mh-excerpt\"><p>Goldschl\u00e4gervorf\u00fchrungen in der Goldbox Am Samstag, den 3. November 2018, finden wieder Goldschl\u00e4gervorf\u00fchrungen in der\u00a0historischen Werkstatt des Stadtmuseums in Schwabach statt. Teilnehmerzahl begrenzt Eine Anmeldung zu den 90-min\u00fctigen Demonstrationen um 14.00 Uhr und 16.00 Uhr <a class=\"mh-excerpt-more\" href=\"https:\/\/www.region-schwabach.de\/wordpress\/goldschlaegervorfuehrungen-am-samstag-den-3-november-2018\/\" title=\"Goldschl\u00e4gervorf\u00fchrungen am Samstag, den 3. November 2018\">[&#8230;]<\/a><\/p>\n<\/div>","protected":false},"author":1,"featured_media":58687,"comment_status":"open","ping_status":"open","sticky":false,"template":"","format":"standard","meta":{"_cbd_carousel_blocks":"[]","footnotes":""},"categories":[16,287,61,231],"tags":[6494,196,4100,420,1480,19,3739,4099],"class_list":{"0":"post-63457","1":"post","2":"type-post","3":"status-publish","4":"format-standard","5":"has-post-thumbnail","7":"category-aktuell","8":"category-jugend-und-familie","9":"category-rathaus","10":"category-veranstaltungsnews","11":"tag-03-11-2018","12":"tag-goldschlaeger","13":"tag-historische-werkstatt","14":"tag-museumsstrasse","15":"tag-rathaus","16":"tag-schwabach","17":"tag-stadtmuseum","18":"tag-vorfuehrungen"},"_links":{"self":[{"href":"https:\/\/www.region-schwabach.de\/wordpress\/wp-json\/wp\/v2\/posts\/63457","targetHints":{"allow":["GET"]}}],"collection":[{"href":"https:\/\/www.region-schwabach.de\/wordpress\/wp-json\/wp\/v2\/posts"}],"about":[{"href":"https:\/\/www.region-schwabach.de\/wordpress\/wp-json\/wp\/v2\/types\/post"}],"author":[{"embeddable":true,"href":"https:\/\/www.region-schwabach.de\/wordpress\/wp-json\/wp\/v2\/users\/1"}],"replies":[{"embeddable":true,"href":"https:\/\/www.region-schwabach.de\/wordpress\/wp-json\/wp\/v2\/comments?post=63457"}],"version-history":[{"count":0,"href":"https:\/\/www.region-schwabach.de\/wordpress\/wp-json\/wp\/v2\/posts\/63457\/revisions"}],"wp:featuredmedia":[{"embeddable":true,"href":"https:\/\/www.region-schwabach.de\/wordpress\/wp-json\/wp\/v2\/media\/58687"}],"wp:attachment":[{"href":"https:\/\/www.region-schwabach.de\/wordpress\/wp-json\/wp\/v2\/media?parent=63457"}],"wp:term":[{"taxonomy":"category","embeddable":true,"href":"https:\/\/www.region-schwabach.de\/wordpress\/wp-json\/wp\/v2\/categories?post=63457"},{"taxonomy":"post_tag","embeddable":true,"href":"https:\/\/www.region-schwabach.de\/wordpress\/wp-json\/wp\/v2\/tags?post=63457"}],"curies":[{"name":"wp","href":"https:\/\/api.w.org\/{rel}","templated":true}]}}