{"id":63686,"date":"2018-11-04T10:45:40","date_gmt":"2018-11-04T09:45:40","guid":{"rendered":"http:\/\/www.region-schwabach.de\/wordpress\/?p=63686"},"modified":"2018-11-07T18:03:09","modified_gmt":"2018-11-07T17:03:09","slug":"ohne-fuehrerschein-und-unter-drogeneinfluss-unterwegs","status":"publish","type":"post","link":"https:\/\/www.region-schwabach.de\/wordpress\/ohne-fuehrerschein-und-unter-drogeneinfluss-unterwegs\/","title":{"rendered":"Ohne F\u00fchrerschein und unter Drogeneinfluss unterwegs"},"content":{"rendered":"\t\t<div data-elementor-type=\"wp-post\" data-elementor-id=\"63686\" class=\"elementor elementor-63686 elementor-bc-flex-widget\">\n\t\t\t\t\t\t<section class=\"elementor-section elementor-top-section elementor-element elementor-element-1cuv9jr elementor-section-boxed elementor-section-height-default elementor-section-height-default\" data-id=\"1cuv9jr\" data-element_type=\"section\">\n\t\t\t\t\t\t<div class=\"elementor-container elementor-column-gap-default\">\n\t\t\t\t\t<div class=\"elementor-column elementor-col-66 elementor-top-column elementor-element elementor-element-q5zak7b\" data-id=\"q5zak7b\" data-element_type=\"column\">\n\t\t\t<div class=\"elementor-widget-wrap elementor-element-populated\">\n\t\t\t\t\t\t<div class=\"elementor-element elementor-element-763ecdd elementor-widget elementor-widget-text-editor\" data-id=\"763ecdd\" data-element_type=\"widget\" data-widget_type=\"text-editor.default\">\n\t\t\t\t<div class=\"elementor-widget-container\">\n\t\t\t\t\t\t\t<h3 class=\"story-headline\"><strong>Ohne F\u00fchrerschein und unter Drogeneinfluss unterwegs<\/strong><\/h3><p><span style=\"font-size: 12pt;\">Allersberg &#8211; Am Samstagabend, den 03.11.2018, wollte die Polizei\u00a0in Allersberg einen mit zwei Jugendlichen besetzten Motorroller einer Verkehrskontrolle unterziehen, welche sich dieser jedoch durch eine Flucht zu Fu\u00df entziehen wollten, aber bereits kurze Zeit sp\u00e4ter gestellt werden konnten.<\/span><\/p><h3>Strafverfahren gegen beide Jugendliche eingeleitet<\/h3><p><span style=\"font-size: 12pt;\">Der 17-j\u00e4hrige Fahrer r\u00e4umte anschlie\u00dfend ein, da\u00df er nicht im Besitz der erforderlichen Fahrerlaubnis sei, und au\u00dferdem vor der Fahrt einen Joint geraucht habe, weshalb auch gleich eine Blutentnahme durchgef\u00fchrt, und ein Strafverfahren wegen mehrerer Verst\u00f6\u00dfe eingeleitet wurde. Auch den 16-j\u00e4hrigen Besitzer des Rollers, erwartet ein Strafverfahren, da er dem 17 J\u00e4hrigen den Roller f\u00fcr die Fahrt \u00fcberlassen hatte.<\/span><\/p>\t\t\t\t\t\t<\/div>\n\t\t\t\t<\/div>\n\t\t\t\t<div class=\"elementor-element elementor-element-ace1283 elementor-widget-divider--view-line elementor-widget elementor-widget-divider\" data-id=\"ace1283\" data-element_type=\"widget\" data-widget_type=\"divider.default\">\n\t\t\t\t<div class=\"elementor-widget-container\">\n\t\t\t\t\t<div class=\"elementor-divider\">\n\t\t\t<span class=\"elementor-divider-separator\">\n\t\t\t\t\t\t<\/span>\n\t\t<\/div>\n\t\t\t\t<\/div>\n\t\t\t\t<\/div>\n\t\t\t\t<div class=\"elementor-element elementor-element-1l7zbzo elementor-widget elementor-widget-google_maps\" data-id=\"1l7zbzo\" data-element_type=\"widget\" data-widget_type=\"google_maps.default\">\n\t\t\t\t<div class=\"elementor-widget-container\">\n\t\t\t\t\t<div class=\"elementor-custom-embed\">\n\t\t\t<iframe loading=\"lazy\"\n\t\t\t\t\tsrc=\"https:\/\/maps.google.com\/maps?q=Allersberg%2C%20Deutschland&#038;t=m&#038;z=15&#038;output=embed&#038;iwloc=near\"\n\t\t\t\t\ttitle=\"Allersberg, Deutschland\"\n\t\t\t\t\taria-label=\"Allersberg, Deutschland\"\n\t\t\t><\/iframe>\n\t\t<\/div>\n\t\t\t\t<\/div>\n\t\t\t\t<\/div>\n\t\t\t\t\t<\/div>\n\t\t<\/div>\n\t\t\t\t<div class=\"elementor-column elementor-col-33 elementor-top-column elementor-element elementor-element-0w0urt1\" data-id=\"0w0urt1\" data-element_type=\"column\">\n\t\t\t<div class=\"elementor-widget-wrap\">\n\t\t\t\t\t\t\t<\/div>\n\t\t<\/div>\n\t\t\t\t\t<\/div>\n\t\t<\/section>\n\t\t\t\t<\/div>\n\t\t","protected":false},"excerpt":{"rendered":"<div class=\"mh-excerpt\"><p>Ohne F\u00fchrerschein und unter Drogeneinfluss unterwegs Allersberg &#8211; Am Samstagabend, den 03.11.2018, wollte die Polizei\u00a0in Allersberg einen mit zwei Jugendlichen besetzten Motorroller einer Verkehrskontrolle unterziehen, welche sich dieser jedoch durch eine Flucht zu Fu\u00df entziehen <a class=\"mh-excerpt-more\" href=\"https:\/\/www.region-schwabach.de\/wordpress\/ohne-fuehrerschein-und-unter-drogeneinfluss-unterwegs\/\" title=\"Ohne F\u00fchrerschein und unter Drogeneinfluss unterwegs\">[&#8230;]<\/a><\/p>\n<\/div>","protected":false},"author":1,"featured_media":63687,"comment_status":"open","ping_status":"open","sticky":false,"template":"","format":"standard","meta":{"_cbd_carousel_blocks":"[]","footnotes":""},"categories":[15],"tags":[6494,556,701,764,297,937,5670,981,1078,39],"class_list":{"0":"post-63686","1":"post","2":"type-post","3":"status-publish","4":"format-standard","5":"has-post-thumbnail","7":"category-polizeimeldungen","8":"tag-03-11-2018","9":"tag-allersberg","10":"tag-drogen","11":"tag-flucht","12":"tag-hilpoltstein","13":"tag-motorroller","14":"tag-ohne-fuehrerschein","15":"tag-polizei","16":"tag-strafverfahren","17":"tag-verkehrskontrolle"},"_links":{"self":[{"href":"https:\/\/www.region-schwabach.de\/wordpress\/wp-json\/wp\/v2\/posts\/63686","targetHints":{"allow":["GET"]}}],"collection":[{"href":"https:\/\/www.region-schwabach.de\/wordpress\/wp-json\/wp\/v2\/posts"}],"about":[{"href":"https:\/\/www.region-schwabach.de\/wordpress\/wp-json\/wp\/v2\/types\/post"}],"author":[{"embeddable":true,"href":"https:\/\/www.region-schwabach.de\/wordpress\/wp-json\/wp\/v2\/users\/1"}],"replies":[{"embeddable":true,"href":"https:\/\/www.region-schwabach.de\/wordpress\/wp-json\/wp\/v2\/comments?post=63686"}],"version-history":[{"count":0,"href":"https:\/\/www.region-schwabach.de\/wordpress\/wp-json\/wp\/v2\/posts\/63686\/revisions"}],"wp:featuredmedia":[{"embeddable":true,"href":"https:\/\/www.region-schwabach.de\/wordpress\/wp-json\/wp\/v2\/media\/63687"}],"wp:attachment":[{"href":"https:\/\/www.region-schwabach.de\/wordpress\/wp-json\/wp\/v2\/media?parent=63686"}],"wp:term":[{"taxonomy":"category","embeddable":true,"href":"https:\/\/www.region-schwabach.de\/wordpress\/wp-json\/wp\/v2\/categories?post=63686"},{"taxonomy":"post_tag","embeddable":true,"href":"https:\/\/www.region-schwabach.de\/wordpress\/wp-json\/wp\/v2\/tags?post=63686"}],"curies":[{"name":"wp","href":"https:\/\/api.w.org\/{rel}","templated":true}]}}