{"id":63691,"date":"2018-11-04T11:12:48","date_gmt":"2018-11-04T10:12:48","guid":{"rendered":"http:\/\/www.region-schwabach.de\/wordpress\/?p=63691"},"modified":"2018-11-07T18:01:21","modified_gmt":"2018-11-07T17:01:21","slug":"verstoss-nach-dem-kraftfahrzeugsteuergesetz-2","status":"publish","type":"post","link":"https:\/\/www.region-schwabach.de\/wordpress\/verstoss-nach-dem-kraftfahrzeugsteuergesetz-2\/","title":{"rendered":"Versto\u00df nach dem Kraftfahrzeugsteuergesetz"},"content":{"rendered":"\t\t<div data-elementor-type=\"wp-post\" data-elementor-id=\"63691\" class=\"elementor elementor-63691 elementor-bc-flex-widget\">\n\t\t\t\t\t\t<section class=\"elementor-section elementor-top-section elementor-element elementor-element-1cuv9jr elementor-section-boxed elementor-section-height-default elementor-section-height-default\" data-id=\"1cuv9jr\" data-element_type=\"section\">\n\t\t\t\t\t\t<div class=\"elementor-container elementor-column-gap-default\">\n\t\t\t\t\t<div class=\"elementor-column elementor-col-66 elementor-top-column elementor-element elementor-element-q5zak7b\" data-id=\"q5zak7b\" data-element_type=\"column\">\n\t\t\t<div class=\"elementor-widget-wrap elementor-element-populated\">\n\t\t\t\t\t\t<div class=\"elementor-element elementor-element-86qws23 elementor-widget elementor-widget-text-editor\" data-id=\"86qws23\" data-element_type=\"widget\" data-widget_type=\"text-editor.default\">\n\t\t\t\t<div class=\"elementor-widget-container\">\n\t\t\t\t\t\t\t<h3>Bei Verkehrskontrolle ertappt<\/h3><p><span style=\"font-size: 12pt;\">Wei\u00dfenburg &#8211; Am Samstagabend, den 03.11.2018, kontrollierte eine Polizeistreife\u00a0\u00a0in der Augsburger Stra\u00dfe in Wei\u00dfenburg einen PKW mit polnischen KFZ-Kennzeichen.<\/span><u><\/u><\/p><h3>Versto\u00df gegen das\u00a0Kraftfahrzeugsteuergesetz<\/h3><p><span style=\"font-size: 12pt;\">Dabei stellte sich heraus, da\u00df der ebenfalls polnische Fahrer bereits seit mehreren Monaten mit ausl\u00e4ndischer Zulassung &#8211; obwohl er in Wei\u00dfenburg seinen Wohnsitz hat &#8211; in Deutschland unterwegs ist, und deshalb gegen das Kraftfahrzeugsteuergesetz verst\u00f6\u00dft, was zur Folge hat, da\u00df nun wegen eines Steuervergehens gegen ihn ermittelt wird.<\/span><\/p>\t\t\t\t\t\t<\/div>\n\t\t\t\t<\/div>\n\t\t\t\t<div class=\"elementor-element elementor-element-1l7zbzo elementor-widget elementor-widget-google_maps\" data-id=\"1l7zbzo\" data-element_type=\"widget\" data-widget_type=\"google_maps.default\">\n\t\t\t\t<div class=\"elementor-widget-container\">\n\t\t\t\t\t<div class=\"elementor-custom-embed\">\n\t\t\t<iframe loading=\"lazy\"\n\t\t\t\t\tsrc=\"https:\/\/maps.google.com\/maps?q=Augsburger%20Stra%C3%9Fe%2C%20Wei%C3%9Fenburg%2C%20Deutschland&#038;t=m&#038;z=17&#038;output=embed&#038;iwloc=near\"\n\t\t\t\t\ttitle=\"Augsburger Stra\u00dfe, Wei\u00dfenburg, Deutschland\"\n\t\t\t\t\taria-label=\"Augsburger Stra\u00dfe, Wei\u00dfenburg, Deutschland\"\n\t\t\t><\/iframe>\n\t\t<\/div>\n\t\t\t\t<\/div>\n\t\t\t\t<\/div>\n\t\t\t\t\t<\/div>\n\t\t<\/div>\n\t\t\t\t<div class=\"elementor-column elementor-col-33 elementor-top-column elementor-element elementor-element-0w0urt1\" data-id=\"0w0urt1\" data-element_type=\"column\">\n\t\t\t<div class=\"elementor-widget-wrap\">\n\t\t\t\t\t\t\t<\/div>\n\t\t<\/div>\n\t\t\t\t\t<\/div>\n\t\t<\/section>\n\t\t\t\t<\/div>\n\t\t","protected":false},"excerpt":{"rendered":"<div class=\"mh-excerpt\"><p>Bei Verkehrskontrolle ertappt Wei\u00dfenburg &#8211; Am Samstagabend, den 03.11.2018, kontrollierte eine Polizeistreife\u00a0\u00a0in der Augsburger Stra\u00dfe in Wei\u00dfenburg einen PKW mit polnischen KFZ-Kennzeichen. Versto\u00df gegen das\u00a0Kraftfahrzeugsteuergesetz Dabei stellte sich heraus, da\u00df der ebenfalls polnische Fahrer bereits <a class=\"mh-excerpt-more\" href=\"https:\/\/www.region-schwabach.de\/wordpress\/verstoss-nach-dem-kraftfahrzeugsteuergesetz-2\/\" title=\"Versto\u00df nach dem Kraftfahrzeugsteuergesetz\">[&#8230;]<\/a><\/p>\n<\/div>","protected":false},"author":1,"featured_media":42107,"comment_status":"open","ping_status":"open","sticky":false,"template":"","format":"standard","meta":{"_cbd_carousel_blocks":"[]","footnotes":""},"categories":[15],"tags":[6494,1025,463,6754,4362,249],"class_list":{"0":"post-63691","1":"post","2":"type-post","3":"status-publish","4":"format-standard","5":"has-post-thumbnail","7":"category-polizeimeldungen","8":"tag-03-11-2018","9":"tag-augsburger-strasse","10":"tag-pkw","11":"tag-polnisches-kennzeichen","12":"tag-verstoss-gegen-kraftfahrzeugsteuergesetz","13":"tag-weissenburg"},"_links":{"self":[{"href":"https:\/\/www.region-schwabach.de\/wordpress\/wp-json\/wp\/v2\/posts\/63691","targetHints":{"allow":["GET"]}}],"collection":[{"href":"https:\/\/www.region-schwabach.de\/wordpress\/wp-json\/wp\/v2\/posts"}],"about":[{"href":"https:\/\/www.region-schwabach.de\/wordpress\/wp-json\/wp\/v2\/types\/post"}],"author":[{"embeddable":true,"href":"https:\/\/www.region-schwabach.de\/wordpress\/wp-json\/wp\/v2\/users\/1"}],"replies":[{"embeddable":true,"href":"https:\/\/www.region-schwabach.de\/wordpress\/wp-json\/wp\/v2\/comments?post=63691"}],"version-history":[{"count":0,"href":"https:\/\/www.region-schwabach.de\/wordpress\/wp-json\/wp\/v2\/posts\/63691\/revisions"}],"wp:featuredmedia":[{"embeddable":true,"href":"https:\/\/www.region-schwabach.de\/wordpress\/wp-json\/wp\/v2\/media\/42107"}],"wp:attachment":[{"href":"https:\/\/www.region-schwabach.de\/wordpress\/wp-json\/wp\/v2\/media?parent=63691"}],"wp:term":[{"taxonomy":"category","embeddable":true,"href":"https:\/\/www.region-schwabach.de\/wordpress\/wp-json\/wp\/v2\/categories?post=63691"},{"taxonomy":"post_tag","embeddable":true,"href":"https:\/\/www.region-schwabach.de\/wordpress\/wp-json\/wp\/v2\/tags?post=63691"}],"curies":[{"name":"wp","href":"https:\/\/api.w.org\/{rel}","templated":true}]}}