{"id":63722,"date":"2018-11-04T13:11:02","date_gmt":"2018-11-04T12:11:02","guid":{"rendered":"http:\/\/www.region-schwabach.de\/wordpress\/?p=63722"},"modified":"2018-11-07T17:58:36","modified_gmt":"2018-11-07T16:58:36","slug":"hydrant-in-roethenbach-bei-sankt-wolfgang-umgefahren","status":"publish","type":"post","link":"https:\/\/www.region-schwabach.de\/wordpress\/hydrant-in-roethenbach-bei-sankt-wolfgang-umgefahren\/","title":{"rendered":"Hydrant in R\u00f6thenbach bei Sankt Wolfgang umgefahren"},"content":{"rendered":"\t\t<div data-elementor-type=\"wp-post\" data-elementor-id=\"63722\" class=\"elementor elementor-63722 elementor-bc-flex-widget\">\n\t\t\t\t\t\t<section class=\"elementor-section elementor-top-section elementor-element elementor-element-1cuv9jr elementor-section-boxed elementor-section-height-default elementor-section-height-default\" data-id=\"1cuv9jr\" data-element_type=\"section\">\n\t\t\t\t\t\t<div class=\"elementor-container elementor-column-gap-default\">\n\t\t\t\t\t<div class=\"elementor-column elementor-col-66 elementor-top-column elementor-element elementor-element-q5zak7b\" data-id=\"q5zak7b\" data-element_type=\"column\">\n\t\t\t<div class=\"elementor-widget-wrap elementor-element-populated\">\n\t\t\t\t\t\t<div class=\"elementor-element elementor-element-763ecdd elementor-widget elementor-widget-text-editor\" data-id=\"763ecdd\" data-element_type=\"widget\" data-widget_type=\"text-editor.default\">\n\t\t\t\t<div class=\"elementor-widget-container\">\n\t\t\t\t\t\t\t<h3><strong>Verkehrsunfallflucht in Wendelstein<\/strong><\/h3><p><span style=\"font-size: 12pt;\">Schwabach &#8211; In der Zeit zwischen Freitag, den 26.10.2018, und Freitag, den 02.11.2018, hat ein bisher Unbekannter<\/span><span style=\"font-family: Arial, sans-serif; font-size: 12pt;\">\u00a0im Wendehammer der F\u00f6hrenstra\u00dfe in R\u00f6thenbach bei Sankt Wolfgang einen Hydrant umgefahren, und dabei einen Sachschaden von \u00fcber 2.500 Euro hinterlassen, bevor er sich unerlaubt vom Unfallort entfernte.<\/span><\/p><h3>Polizei bittet um Mithilfe<\/h3><p><span style=\"font-size: 12pt;\">Personen, die verd\u00e4chtige Beobachtungen gemacht haben, werden gebeten, diese der Polizei in Schwabach unter der Rufnummer 09122-927-0 mitzuteilen.<\/span><\/p>\t\t\t\t\t\t<\/div>\n\t\t\t\t<\/div>\n\t\t\t\t<div class=\"elementor-element elementor-element-ace1283 elementor-widget-divider--view-line elementor-widget elementor-widget-divider\" data-id=\"ace1283\" data-element_type=\"widget\" data-widget_type=\"divider.default\">\n\t\t\t\t<div class=\"elementor-widget-container\">\n\t\t\t\t\t<div class=\"elementor-divider\">\n\t\t\t<span class=\"elementor-divider-separator\">\n\t\t\t\t\t\t<\/span>\n\t\t<\/div>\n\t\t\t\t<\/div>\n\t\t\t\t<\/div>\n\t\t\t\t<div class=\"elementor-element elementor-element-1l7zbzo elementor-widget elementor-widget-google_maps\" data-id=\"1l7zbzo\" data-element_type=\"widget\" data-widget_type=\"google_maps.default\">\n\t\t\t\t<div class=\"elementor-widget-container\">\n\t\t\t\t\t<div class=\"elementor-custom-embed\">\n\t\t\t<iframe loading=\"lazy\"\n\t\t\t\t\tsrc=\"https:\/\/maps.google.com\/maps?q=F%C3%B6hrenstra%C3%9Fe%20in%20R%C3%B6thenbach%20bei%20Sankt%20Wolfgang%2C%20Deutschland&#038;t=m&#038;z=16&#038;output=embed&#038;iwloc=near\"\n\t\t\t\t\ttitle=\"F\u00f6hrenstra\u00dfe in R\u00f6thenbach bei Sankt Wolfgang, Deutschland\"\n\t\t\t\t\taria-label=\"F\u00f6hrenstra\u00dfe in R\u00f6thenbach bei Sankt Wolfgang, Deutschland\"\n\t\t\t><\/iframe>\n\t\t<\/div>\n\t\t\t\t<\/div>\n\t\t\t\t<\/div>\n\t\t\t\t\t<\/div>\n\t\t<\/div>\n\t\t\t\t<div class=\"elementor-column elementor-col-33 elementor-top-column elementor-element elementor-element-0w0urt1\" data-id=\"0w0urt1\" data-element_type=\"column\">\n\t\t\t<div class=\"elementor-widget-wrap\">\n\t\t\t\t\t\t\t<\/div>\n\t\t<\/div>\n\t\t\t\t\t<\/div>\n\t\t<\/section>\n\t\t\t\t<\/div>\n\t\t","protected":false},"excerpt":{"rendered":"<div class=\"mh-excerpt\"><p>Verkehrsunfallflucht in Wendelstein Schwabach &#8211; In der Zeit zwischen Freitag, den 26.10.2018, und Freitag, den 02.11.2018, hat ein bisher Unbekannter\u00a0im Wendehammer der F\u00f6hrenstra\u00dfe in R\u00f6thenbach bei Sankt Wolfgang einen Hydrant umgefahren, und dabei einen Sachschaden <a class=\"mh-excerpt-more\" href=\"https:\/\/www.region-schwabach.de\/wordpress\/hydrant-in-roethenbach-bei-sankt-wolfgang-umgefahren\/\" title=\"Hydrant in R\u00f6thenbach bei Sankt Wolfgang umgefahren\">[&#8230;]<\/a><\/p>\n<\/div>","protected":false},"author":1,"featured_media":63723,"comment_status":"open","ping_status":"open","sticky":false,"template":"","format":"standard","meta":{"_cbd_carousel_blocks":"[]","footnotes":""},"categories":[15],"tags":[454,1144,912,463,981,6776,487,401,713,19,457,6775],"class_list":{"0":"post-63722","1":"post","2":"type-post","3":"status-publish","4":"format-standard","5":"has-post-thumbnail","7":"category-polizeimeldungen","8":"tag-fahrerflucht","9":"tag-foehrenstrasse","10":"tag-hydrant","11":"tag-pkw","12":"tag-polizei","13":"tag-roethenbach-bei-sankt-wolfgang","14":"tag-sachbeschaedigung","15":"tag-sachschaden","16":"tag-schaden","17":"tag-schwabach","18":"tag-unfallflucht","19":"tag-wendehammer"},"_links":{"self":[{"href":"https:\/\/www.region-schwabach.de\/wordpress\/wp-json\/wp\/v2\/posts\/63722","targetHints":{"allow":["GET"]}}],"collection":[{"href":"https:\/\/www.region-schwabach.de\/wordpress\/wp-json\/wp\/v2\/posts"}],"about":[{"href":"https:\/\/www.region-schwabach.de\/wordpress\/wp-json\/wp\/v2\/types\/post"}],"author":[{"embeddable":true,"href":"https:\/\/www.region-schwabach.de\/wordpress\/wp-json\/wp\/v2\/users\/1"}],"replies":[{"embeddable":true,"href":"https:\/\/www.region-schwabach.de\/wordpress\/wp-json\/wp\/v2\/comments?post=63722"}],"version-history":[{"count":0,"href":"https:\/\/www.region-schwabach.de\/wordpress\/wp-json\/wp\/v2\/posts\/63722\/revisions"}],"wp:featuredmedia":[{"embeddable":true,"href":"https:\/\/www.region-schwabach.de\/wordpress\/wp-json\/wp\/v2\/media\/63723"}],"wp:attachment":[{"href":"https:\/\/www.region-schwabach.de\/wordpress\/wp-json\/wp\/v2\/media?parent=63722"}],"wp:term":[{"taxonomy":"category","embeddable":true,"href":"https:\/\/www.region-schwabach.de\/wordpress\/wp-json\/wp\/v2\/categories?post=63722"},{"taxonomy":"post_tag","embeddable":true,"href":"https:\/\/www.region-schwabach.de\/wordpress\/wp-json\/wp\/v2\/tags?post=63722"}],"curies":[{"name":"wp","href":"https:\/\/api.w.org\/{rel}","templated":true}]}}