{"id":64239,"date":"2018-11-06T00:01:56","date_gmt":"2018-11-05T23:01:56","guid":{"rendered":"http:\/\/www.region-schwabach.de\/wordpress\/?p=64239"},"modified":"2018-12-07T17:02:22","modified_gmt":"2018-12-07T16:02:22","slug":"kommunalbit-fuer-sicherheit-und-datenschutz-zertifizeirt","status":"publish","type":"post","link":"https:\/\/www.region-schwabach.de\/wordpress\/kommunalbit-fuer-sicherheit-und-datenschutz-zertifizeirt\/","title":{"rendered":"KommunalBIT f\u00fcr Sicherheit und Datenschutz zertifizeirt"},"content":{"rendered":"\t\t<div data-elementor-type=\"wp-post\" data-elementor-id=\"64239\" class=\"elementor elementor-64239 elementor-bc-flex-widget\">\n\t\t\t\t\t\t<section class=\"elementor-section elementor-top-section elementor-element elementor-element-678181b elementor-section-boxed elementor-section-height-default elementor-section-height-default\" data-id=\"678181b\" data-element_type=\"section\">\n\t\t\t\t\t\t<div class=\"elementor-container elementor-column-gap-default\">\n\t\t\t\t\t<div class=\"elementor-column elementor-col-66 elementor-top-column elementor-element elementor-element-6b34026\" data-id=\"6b34026\" data-element_type=\"column\">\n\t\t\t<div class=\"elementor-widget-wrap elementor-element-populated\">\n\t\t\t\t\t\t<div class=\"elementor-element elementor-element-443ab98 elementor-widget elementor-widget-text-editor\" data-id=\"443ab98\" data-element_type=\"widget\" data-widget_type=\"text-editor.default\">\n\t\t\t\t<div class=\"elementor-widget-container\">\n\t\t\t\t\t\t\t<h3>F\u00fcr Datenschutz und Sicherheit<br \/>KommunalBIT zertifiziert<\/h3><p><span style=\"font-size: 12pt;\">Schwabach &#8211; Die KommunalBIT A\u00f6R, der auch f\u00fcr die Stadt Schwabach zust\u00e4ndige ITDienstleister,\u00a0ist f\u00fcr Sicherheit und Datenschutz zertifiziert worden: Vom\u00a0Bundesamt f\u00fcr Sicherheit in der Informationstechnik (BSI) hat das Rechenzentrum\u00a0in F\u00fcrth das sogenannte \u201eISO 27001-Zertifikat auf der Basis von ITGrundschutz\u201c\u00a0erhalten. \u201eDas ist das wichtigste Zertifikat unserer Branche f\u00fcr ITSicherheit\u201c,\u00a0erkl\u00e4rte Walter Brosig, Vorstand der KommunalBIT. \u201eDamit haben\u00a0wir es Schwarz auf Wei\u00df, dass die KommunalBIT die hohen Anforderungen an\u00a0Sicherheit und Datenschutz erf\u00fcllt. Das sind neben der Wirtschaftlichkeit der ITSysteme\u00a0unsere Hauptziele f\u00fcr unsere Kunden aus dem \u00f6ffentlichen Sektor\u201c, so\u00a0Brosig weiter. Die KommunalBIT ist erst der zweite Anbieter mit diesem\u00a0Zertifikat.<\/span><\/p><h3>\u00dcberpr\u00fcfung durch einen vom BSI zertifizierten Pr\u00fcfer<\/h3><p><span style=\"font-size: 12pt;\">Das ISO 27001-Zertifikat wird seit 2006 erteilt. Voraussetzung daf\u00fcr ist eine\u00a0\u00dcberpr\u00fcfung durch einen vom BSI zertifizierten Pr\u00fcfer. Dieser sichtet die von\u00a0der Institution erstellten Referenzdokumente, f\u00fchrt vor Ort eine Pr\u00fcfung durch\u00a0und erstellt anschlie\u00dfend einen Bericht, auf dessen Basis das Zertifikat erteilt<\/span><br \/><span style=\"font-size: 12pt;\">wird. Nach drei Jahren wird das Zertifikat erneut \u00fcberpr\u00fcft und erneuert.<\/span><\/p><h3>Zentraler Dienstleister f\u00fcr Erlangen, F\u00fcrth, Schwabach und Zweckverband Informationstechnik Franken<\/h3><p><span style=\"font-size: 12pt;\">Der Kommunale Betrieb f\u00fcr Informationstechnik (KommunalBIT) A\u00f6R mit Sitz in\u00a0F\u00fcrth ist der zentrale Dienstleister f\u00fcr Informationstechnik und\u00a0 Telekommunikation\u00a0f\u00fcr die St\u00e4dte Erlangen, F\u00fcrth, Schwabach sowie f\u00fcr die Mitglieder des\u00a0Zweckverbands Informationstechnik Franken (ZV IT Franken).<\/span><\/p><h3>Hardware, Software und Dienstleistungen f\u00fcr 4.000 PC-Arbeitspl\u00e4tze<\/h3><p><span style=\"font-size: 12pt;\">KommunalBIT A\u00f6R stellt f\u00fcr die etwa 4.000 Anwenderinnen und Anwender in\u00a0den Verwaltungen sowie f\u00fcr 4.000 PC-Arbeitspl\u00e4tze an 40 Schulen im Rahmen\u00a0der interkommunalen Zusammenarbeit Hardware, Software und andere Leistungen\u00a0der Informationstechnik zur Verf\u00fcgung.<\/span><\/p><h3>Weiterf\u00fchrende Links:<\/h3><p><a href=\"https:\/\/www.kommunalbit.de\/\" target=\"_blank\" rel=\"noopener\"><span style=\"font-size: 12pt;\">Hier geht&#8217;s zur Homepage der KomunalBIT A\u00f6R &#8230;<\/span><\/a><\/p><p><span style=\"font-size: 12pt;\"><strong>Foto:<\/strong> KommunalBIT-Vorstand Walter Brosig, Oberb\u00fcrgermeister Matthias<\/span><br \/><span style=\"font-size: 12pt;\">Th\u00fcrauf (Schwabach), Wolfgang Rast (Verbandsvorsitzender des ZVIT<\/span><br \/><span style=\"font-size: 12pt;\">Franken), Projektleiter Thomas Freym\u00fcller, B\u00fcrgermeister Markus Braun (F\u00fcrth)<\/span><br \/><span style=\"font-size: 12pt;\">und Oberb\u00fcrgermeister Florian Janik (Erlangen) mit dem Zertifikat.<\/span><\/p>\t\t\t\t\t\t<\/div>\n\t\t\t\t<\/div>\n\t\t\t\t<section class=\"elementor-section elementor-inner-section elementor-element elementor-element-7d7b4aa elementor-section-boxed elementor-section-height-default elementor-section-height-default\" data-id=\"7d7b4aa\" data-element_type=\"section\">\n\t\t\t\t\t\t<div class=\"elementor-container elementor-column-gap-default\">\n\t\t\t\t\t<div class=\"elementor-column elementor-col-100 elementor-inner-column elementor-element elementor-element-8bce272\" data-id=\"8bce272\" data-element_type=\"column\">\n\t\t\t<div class=\"elementor-widget-wrap elementor-element-populated\">\n\t\t\t\t\t\t<div class=\"elementor-element elementor-element-d1bef45 elementor-widget elementor-widget-html\" data-id=\"d1bef45\" data-element_type=\"widget\" data-widget_type=\"html.default\">\n\t\t\t\t<div class=\"elementor-widget-container\">\n\t\t\t<iframe style=\"width:120px;height:240px;\" marginwidth=\"0\" marginheight=\"0\" scrolling=\"no\" frameborder=\"0\" src=\"\/\/ws-eu.amazon-adsystem.com\/widgets\/q?ServiceVersion=20070822&OneJS=1&Operation=GetAdHtml&MarketPlace=DE&source=ac&ref=qf_sp_asin_til&ad_type=product_link&tracking_id=hlde-21&marketplace=amazon&region=DE&placement=B0725W1J6G&asins=B0725W1J6G&linkId=5c6a120cd82e1c4011c93afba54f5b1a&show_border=true&link_opens_in_new_window=true&price_color=333333&title_color=0066c0&bg_color=ffffff\"><\/iframe>\n<iframe style=\"width:120px;height:240px;\" marginwidth=\"0\" marginheight=\"0\" scrolling=\"no\" frameborder=\"0\" src=\"\/\/ws-eu.amazon-adsystem.com\/widgets\/q?ServiceVersion=20070822&OneJS=1&Operation=GetAdHtml&MarketPlace=DE&source=ac&ref=qf_sp_asin_til&ad_type=product_link&tracking_id=hlde-21&marketplace=amazon&region=DE&placement=3503177272&asins=3503177272&linkId=2f1b15883c09ac825108b419d8c0ef15&show_border=true&link_opens_in_new_window=true&price_color=333333&title_color=0066c0&bg_color=ffffff\"><\/iframe>\t\t<\/div>\n\t\t\t\t<\/div>\n\t\t\t\t\t<\/div>\n\t\t<\/div>\n\t\t\t\t\t<\/div>\n\t\t<\/section>\n\t\t\t\t<div class=\"elementor-element elementor-element-0c834d7 elementor-widget-divider--view-line elementor-widget elementor-widget-divider\" data-id=\"0c834d7\" data-element_type=\"widget\" data-widget_type=\"divider.default\">\n\t\t\t\t<div class=\"elementor-widget-container\">\n\t\t\t\t\t<div class=\"elementor-divider\">\n\t\t\t<span class=\"elementor-divider-separator\">\n\t\t\t\t\t\t<\/span>\n\t\t<\/div>\n\t\t\t\t<\/div>\n\t\t\t\t<\/div>\n\t\t\t\t<div class=\"elementor-element elementor-element-325f51f elementor-widget elementor-widget-google_maps\" data-id=\"325f51f\" data-element_type=\"widget\" data-widget_type=\"google_maps.default\">\n\t\t\t\t<div class=\"elementor-widget-container\">\n\t\t\t\t\t<div class=\"elementor-custom-embed\">\n\t\t\t<iframe loading=\"lazy\"\n\t\t\t\t\tsrc=\"https:\/\/maps.google.com\/maps?q=Schwabach%2C%20Deutschland&#038;t=m&#038;z=15&#038;output=embed&#038;iwloc=near\"\n\t\t\t\t\ttitle=\"Schwabach, Deutschland\"\n\t\t\t\t\taria-label=\"Schwabach, Deutschland\"\n\t\t\t><\/iframe>\n\t\t<\/div>\n\t\t\t\t<\/div>\n\t\t\t\t<\/div>\n\t\t\t\t\t<\/div>\n\t\t<\/div>\n\t\t\t\t<div class=\"elementor-column elementor-col-33 elementor-top-column elementor-element elementor-element-f645137\" data-id=\"f645137\" data-element_type=\"column\">\n\t\t\t<div class=\"elementor-widget-wrap\">\n\t\t\t\t\t\t\t<\/div>\n\t\t<\/div>\n\t\t\t\t\t<\/div>\n\t\t<\/section>\n\t\t\t\t<\/div>\n\t\t","protected":false},"excerpt":{"rendered":"<div class=\"mh-excerpt\"><p>F\u00fcr Datenschutz und SicherheitKommunalBIT zertifiziert Schwabach &#8211; Die KommunalBIT A\u00f6R, der auch f\u00fcr die Stadt Schwabach zust\u00e4ndige ITDienstleister,\u00a0ist f\u00fcr Sicherheit und Datenschutz zertifiziert worden: Vom\u00a0Bundesamt f\u00fcr Sicherheit in der Informationstechnik (BSI) hat das Rechenzentrum\u00a0in F\u00fcrth <a class=\"mh-excerpt-more\" href=\"https:\/\/www.region-schwabach.de\/wordpress\/kommunalbit-fuer-sicherheit-und-datenschutz-zertifizeirt\/\" title=\"KommunalBIT f\u00fcr Sicherheit und Datenschutz zertifizeirt\">[&#8230;]<\/a><\/p>\n<\/div>","protected":false},"author":1,"featured_media":64240,"comment_status":"open","ping_status":"open","sticky":false,"template":"","format":"standard","meta":{"_cbd_carousel_blocks":"[]","footnotes":""},"categories":[16,78,61,3967,231,46],"tags":[6797,6792,3953,6798,6794,1480,19,6796,6793,6795,6799],"class_list":{"0":"post-64239","1":"post","2":"type-post","3":"status-publish","4":"format-standard","5":"has-post-thumbnail","7":"category-aktuell","8":"category-handel-und-wirtschaft","9":"category-rathaus","10":"category-unternehmen","11":"category-veranstaltungsnews","12":"category-verbaende","13":"tag-buergermeister-markus-braun-fuerth","14":"tag-kommunalbit","15":"tag-november-2018","16":"tag-oberbuergermeister-florian-janik-erlangen","17":"tag-oberbuergermeister-matthias-thuerauf-schwabach","18":"tag-rathaus","19":"tag-schwabach","20":"tag-thomas-freymueller","21":"tag-walter-brosig","22":"tag-wolfgang-rast","23":"tag-zertifikat"},"_links":{"self":[{"href":"https:\/\/www.region-schwabach.de\/wordpress\/wp-json\/wp\/v2\/posts\/64239","targetHints":{"allow":["GET"]}}],"collection":[{"href":"https:\/\/www.region-schwabach.de\/wordpress\/wp-json\/wp\/v2\/posts"}],"about":[{"href":"https:\/\/www.region-schwabach.de\/wordpress\/wp-json\/wp\/v2\/types\/post"}],"author":[{"embeddable":true,"href":"https:\/\/www.region-schwabach.de\/wordpress\/wp-json\/wp\/v2\/users\/1"}],"replies":[{"embeddable":true,"href":"https:\/\/www.region-schwabach.de\/wordpress\/wp-json\/wp\/v2\/comments?post=64239"}],"version-history":[{"count":0,"href":"https:\/\/www.region-schwabach.de\/wordpress\/wp-json\/wp\/v2\/posts\/64239\/revisions"}],"wp:featuredmedia":[{"embeddable":true,"href":"https:\/\/www.region-schwabach.de\/wordpress\/wp-json\/wp\/v2\/media\/64240"}],"wp:attachment":[{"href":"https:\/\/www.region-schwabach.de\/wordpress\/wp-json\/wp\/v2\/media?parent=64239"}],"wp:term":[{"taxonomy":"category","embeddable":true,"href":"https:\/\/www.region-schwabach.de\/wordpress\/wp-json\/wp\/v2\/categories?post=64239"},{"taxonomy":"post_tag","embeddable":true,"href":"https:\/\/www.region-schwabach.de\/wordpress\/wp-json\/wp\/v2\/tags?post=64239"}],"curies":[{"name":"wp","href":"https:\/\/api.w.org\/{rel}","templated":true}]}}