{"id":64252,"date":"2018-11-07T00:01:46","date_gmt":"2018-11-06T23:01:46","guid":{"rendered":"http:\/\/www.region-schwabach.de\/wordpress\/?p=64252"},"modified":"2018-11-07T17:50:48","modified_gmt":"2018-11-07T16:50:48","slug":"teilschliessung-der-stadtbibliothek-am-06-07-november-2018","status":"publish","type":"post","link":"https:\/\/www.region-schwabach.de\/wordpress\/teilschliessung-der-stadtbibliothek-am-06-07-november-2018\/","title":{"rendered":"Teilschlie\u00dfung der Stadtbibliothek am 06.\/07. November 2018"},"content":{"rendered":"\t\t<div data-elementor-type=\"wp-post\" data-elementor-id=\"64252\" class=\"elementor elementor-64252 elementor-bc-flex-widget\">\n\t\t\t\t\t\t<section class=\"elementor-section elementor-top-section elementor-element elementor-element-1dzeyuh elementor-section-boxed elementor-section-height-default elementor-section-height-default\" data-id=\"1dzeyuh\" data-element_type=\"section\">\n\t\t\t\t\t\t<div class=\"elementor-container elementor-column-gap-default\">\n\t\t\t\t\t<div class=\"elementor-column elementor-col-66 elementor-top-column elementor-element elementor-element-aam59ft\" data-id=\"aam59ft\" data-element_type=\"column\">\n\t\t\t<div class=\"elementor-widget-wrap elementor-element-populated\">\n\t\t\t\t\t\t<div class=\"elementor-element elementor-element-k9p1oyc elementor-widget elementor-widget-text-editor\" data-id=\"k9p1oyc\" data-element_type=\"widget\" data-widget_type=\"text-editor.default\">\n\t\t\t\t<div class=\"elementor-widget-container\">\n\t\t\t\t\t\t\t<h3>Wegen LesArt-Veranstaltungen<\/h3><p><span style=\"font-size: 12pt;\">Schwabach &#8211; Am Dienstag, den 6. November 2018, ist der 2. Stock (Kinder- und Jugendbibliothek ) der Stadtbibliothek Schwabach von 10.00 Uhr bis 17.00 Uhr, und am Mittwoch, den 7. November 2018, von 10.00 Uhr bis 13.00 Uhr geschlossen. Grund f\u00fcr die teilweisen Schlie\u00dfungen sind die (nicht-\u00f6ffentlichen) LesArt-Schullesungen an den Vormittagen und die (bereits ausverkaufte) Lesung mit der Kinderbuchautorin Margit Auer.<\/span><\/p><p><span style=\"font-size: 12pt;\">Die Stadtverwaltung bittet um Ihr Verst\u00e4ndnis!<\/span><\/p><p><span style=\"font-size: 12pt;\"><strong>Stadtbibliothek Schwabach<\/strong><\/span><br \/><span style=\"font-size: 12pt;\">K\u00f6nigsplatz 29a<\/span><br \/><span style=\"font-size: 12pt;\">91126 Schwabach<\/span><\/p><p><span style=\"font-size: 12pt;\"><span class=\"title\">Telefon:<\/span> <span class=\"value\">09122-860289<br \/>eMail:\u00a0<a class=\"link\" href=\"mailto:stadtbibliothek@schwabach.de\">stadtbibliothek@schwabach.de<\/a><\/span><\/span><\/p><h3>Weiterf\u00fchrende Links:<\/h3><p><a href=\"https:\/\/www.schwabach.de\/de\/kultureinrichtung-stadtbibliothek\/stadtbibliothek.html\" target=\"_blank\" rel=\"noopener\"><span style=\"font-size: 12pt;\">Weitere Informationen gibt es auf der Homepage der Stadtbibliothek Schwabach &#8230;<\/span><\/a><\/p>\t\t\t\t\t\t<\/div>\n\t\t\t\t<\/div>\n\t\t\t\t<div class=\"elementor-element elementor-element-ndvi56a elementor-widget elementor-widget-google_maps\" data-id=\"ndvi56a\" data-element_type=\"widget\" data-widget_type=\"google_maps.default\">\n\t\t\t\t<div class=\"elementor-widget-container\">\n\t\t\t\t\t<div class=\"elementor-custom-embed\">\n\t\t\t<iframe loading=\"lazy\"\n\t\t\t\t\tsrc=\"https:\/\/maps.google.com\/maps?q=K%C3%B6nigsplatz%2029a%2C%20Schwabach%2C%20Deutschland&#038;t=m&#038;z=17&#038;output=embed&#038;iwloc=near\"\n\t\t\t\t\ttitle=\"K\u00f6nigsplatz 29a, Schwabach, Deutschland\"\n\t\t\t\t\taria-label=\"K\u00f6nigsplatz 29a, Schwabach, Deutschland\"\n\t\t\t><\/iframe>\n\t\t<\/div>\n\t\t\t\t<\/div>\n\t\t\t\t<\/div>\n\t\t\t\t\t<\/div>\n\t\t<\/div>\n\t\t\t\t<div class=\"elementor-column elementor-col-33 elementor-top-column elementor-element elementor-element-uferl75\" data-id=\"uferl75\" data-element_type=\"column\">\n\t\t\t<div class=\"elementor-widget-wrap\">\n\t\t\t\t\t\t\t<\/div>\n\t\t<\/div>\n\t\t\t\t\t<\/div>\n\t\t<\/section>\n\t\t\t\t<\/div>\n\t\t","protected":false},"excerpt":{"rendered":"<div class=\"mh-excerpt\"><p>Wegen LesArt-Veranstaltungen Schwabach &#8211; Am Dienstag, den 6. November 2018, ist der 2. Stock (Kinder- und Jugendbibliothek ) der Stadtbibliothek Schwabach von 10.00 Uhr bis 17.00 Uhr, und am Mittwoch, den 7. November 2018, von <a class=\"mh-excerpt-more\" href=\"https:\/\/www.region-schwabach.de\/wordpress\/teilschliessung-der-stadtbibliothek-am-06-07-november-2018\/\" title=\"Teilschlie\u00dfung der Stadtbibliothek am 06.\/07. November 2018\">[&#8230;]<\/a><\/p>\n<\/div>","protected":false},"author":1,"featured_media":64253,"comment_status":"open","ping_status":"open","sticky":false,"template":"template-full.php","format":"standard","meta":{"_cbd_carousel_blocks":"[]","footnotes":""},"categories":[16,287,61],"tags":[6392,6419,6806,522,311,6805,6687,2555,6804],"class_list":{"0":"post-64252","1":"post","2":"type-post","3":"status-publish","4":"format-standard","5":"has-post-thumbnail","7":"category-aktuell","8":"category-jugend-und-familie","9":"category-rathaus","10":"tag-06-11-2018","11":"tag-07-11-2018","12":"tag-kinderbuchautorin","13":"tag-koenigsplatz","14":"tag-lesart","15":"tag-lesart-schullesungen","16":"tag-margit-auer","17":"tag-stadtbibliothek","18":"tag-teilschliessung"},"_links":{"self":[{"href":"https:\/\/www.region-schwabach.de\/wordpress\/wp-json\/wp\/v2\/posts\/64252","targetHints":{"allow":["GET"]}}],"collection":[{"href":"https:\/\/www.region-schwabach.de\/wordpress\/wp-json\/wp\/v2\/posts"}],"about":[{"href":"https:\/\/www.region-schwabach.de\/wordpress\/wp-json\/wp\/v2\/types\/post"}],"author":[{"embeddable":true,"href":"https:\/\/www.region-schwabach.de\/wordpress\/wp-json\/wp\/v2\/users\/1"}],"replies":[{"embeddable":true,"href":"https:\/\/www.region-schwabach.de\/wordpress\/wp-json\/wp\/v2\/comments?post=64252"}],"version-history":[{"count":0,"href":"https:\/\/www.region-schwabach.de\/wordpress\/wp-json\/wp\/v2\/posts\/64252\/revisions"}],"wp:featuredmedia":[{"embeddable":true,"href":"https:\/\/www.region-schwabach.de\/wordpress\/wp-json\/wp\/v2\/media\/64253"}],"wp:attachment":[{"href":"https:\/\/www.region-schwabach.de\/wordpress\/wp-json\/wp\/v2\/media?parent=64252"}],"wp:term":[{"taxonomy":"category","embeddable":true,"href":"https:\/\/www.region-schwabach.de\/wordpress\/wp-json\/wp\/v2\/categories?post=64252"},{"taxonomy":"post_tag","embeddable":true,"href":"https:\/\/www.region-schwabach.de\/wordpress\/wp-json\/wp\/v2\/tags?post=64252"}],"curies":[{"name":"wp","href":"https:\/\/api.w.org\/{rel}","templated":true}]}}