{"id":64274,"date":"2018-11-06T12:17:08","date_gmt":"2018-11-06T11:17:08","guid":{"rendered":"http:\/\/www.region-schwabach.de\/wordpress\/?p=64274"},"modified":"2018-11-07T17:51:32","modified_gmt":"2018-11-07T16:51:32","slug":"wildunfall-bei-pleinfeld","status":"publish","type":"post","link":"https:\/\/www.region-schwabach.de\/wordpress\/wildunfall-bei-pleinfeld\/","title":{"rendered":"Wildunfall bei Pleinfeld"},"content":{"rendered":"\t\t<div data-elementor-type=\"wp-post\" data-elementor-id=\"64274\" class=\"elementor elementor-64274 elementor-bc-flex-widget\">\n\t\t\t\t\t\t<section class=\"elementor-section elementor-top-section elementor-element elementor-element-1cuv9jr elementor-section-boxed elementor-section-height-default elementor-section-height-default\" data-id=\"1cuv9jr\" data-element_type=\"section\">\n\t\t\t\t\t\t<div class=\"elementor-container elementor-column-gap-default\">\n\t\t\t\t\t<div class=\"elementor-column elementor-col-66 elementor-top-column elementor-element elementor-element-q5zak7b\" data-id=\"q5zak7b\" data-element_type=\"column\">\n\t\t\t<div class=\"elementor-widget-wrap elementor-element-populated\">\n\t\t\t\t\t\t<div class=\"elementor-element elementor-element-86qws23 elementor-widget elementor-widget-text-editor\" data-id=\"86qws23\" data-element_type=\"widget\" data-widget_type=\"text-editor.default\">\n\t\t\t\t<div class=\"elementor-widget-container\">\n\t\t\t\t\t\t\t<h3><strong>Wildschwein mehrfach \u00fcberfahren<\/strong><\/h3><p><span style=\"font-size: 12pt;\">Pleinfeld &#8211; Weil ein 55-j\u00e4hriger Fahrer eines Transporters am Montagmorgen, den 05.11.2018, ein \u00fcberfahrenes Wildschwein ohne Absicherung liegenlie\u00df, kollidierten kurz darauf zwei PKW-Fahrerinnen mit dem auf der Fahrbahn liegenden totenTier.<\/span><\/p><h3>Polizei zu sp\u00e4t informiert<\/h3><p><span style=\"font-size: 12pt;\">Der Verursacher war gegen 06.30 Uhr auf der Kreisstra\u00dfe 18 von Stirn in Richtung Gro\u00dfweingarten unterwegs, als er das Tier mit seinem Transporter \u00fcberfuhr, die Polizei jedoch erst von seiner Arbeitsstelle \u00fcber den Unfall informierte. <\/span><\/p><h3>5.000 Euro Sachschaden<\/h3><p><span style=\"font-size: 12pt;\">Bei den folfgenden Unf\u00e4llen wurden die Autos einer 51 J\u00e4hrigen und einer 23 J\u00e4hrigen so stark besch\u00e4digt, da\u00df sie nicht mehr fahrbereit waren, und von einem Abschleppdienst abtransportiert werden mu\u00dften. Insgesamt entstand ein Schaden in H\u00f6he von ca. 5.000 Euro, gegen\u00a0den Fahrer des Transporters wird nun wegen gef\u00e4hrlichen Eingriffs in den Stra\u00dfenverkehr ermittelt.<\/span><\/p>\t\t\t\t\t\t<\/div>\n\t\t\t\t<\/div>\n\t\t\t\t<div class=\"elementor-element elementor-element-ace1283 elementor-widget-divider--view-line elementor-widget elementor-widget-divider\" data-id=\"ace1283\" data-element_type=\"widget\" data-widget_type=\"divider.default\">\n\t\t\t\t<div class=\"elementor-widget-container\">\n\t\t\t\t\t<div class=\"elementor-divider\">\n\t\t\t<span class=\"elementor-divider-separator\">\n\t\t\t\t\t\t<\/span>\n\t\t<\/div>\n\t\t\t\t<\/div>\n\t\t\t\t<\/div>\n\t\t\t\t<div class=\"elementor-element elementor-element-1l7zbzo elementor-widget elementor-widget-google_maps\" data-id=\"1l7zbzo\" data-element_type=\"widget\" data-widget_type=\"google_maps.default\">\n\t\t\t\t<div class=\"elementor-widget-container\">\n\t\t\t\t\t<div class=\"elementor-custom-embed\">\n\t\t\t<iframe loading=\"lazy\"\n\t\t\t\t\tsrc=\"https:\/\/maps.google.com\/maps?q=49.146461%2C%2010.964213&#038;t=m&#038;z=14&#038;output=embed&#038;iwloc=near\"\n\t\t\t\t\ttitle=\"49.146461, 10.964213\"\n\t\t\t\t\taria-label=\"49.146461, 10.964213\"\n\t\t\t><\/iframe>\n\t\t<\/div>\n\t\t\t\t<\/div>\n\t\t\t\t<\/div>\n\t\t\t\t\t<\/div>\n\t\t<\/div>\n\t\t\t\t<div class=\"elementor-column elementor-col-33 elementor-top-column elementor-element elementor-element-0w0urt1\" data-id=\"0w0urt1\" data-element_type=\"column\">\n\t\t\t<div class=\"elementor-widget-wrap\">\n\t\t\t\t\t\t\t<\/div>\n\t\t<\/div>\n\t\t\t\t\t<\/div>\n\t\t<\/section>\n\t\t\t\t<\/div>\n\t\t","protected":false},"excerpt":{"rendered":"<div class=\"mh-excerpt\"><p>Wildschwein mehrfach \u00fcberfahren Pleinfeld &#8211; Weil ein 55-j\u00e4hriger Fahrer eines Transporters am Montagmorgen, den 05.11.2018, ein \u00fcberfahrenes Wildschwein ohne Absicherung liegenlie\u00df, kollidierten kurz darauf zwei PKW-Fahrerinnen mit dem auf der Fahrbahn liegenden totenTier. Polizei zu <a class=\"mh-excerpt-more\" href=\"https:\/\/www.region-schwabach.de\/wordpress\/wildunfall-bei-pleinfeld\/\" title=\"Wildunfall bei Pleinfeld\">[&#8230;]<\/a><\/p>\n<\/div>","protected":false},"author":1,"featured_media":64275,"comment_status":"open","ping_status":"open","sticky":false,"template":"","format":"standard","meta":{"_cbd_carousel_blocks":"[]","footnotes":""},"categories":[15],"tags":[6418,1300,1063,3077,3394,6815,463,820,981,401,713,936,609,334,249,1662,1661],"class_list":{"0":"post-64274","1":"post","2":"type-post","3":"status-publish","4":"format-standard","5":"has-post-thumbnail","7":"category-polizeimeldungen","8":"tag-05-11-2018","9":"tag-ermittlungen","10":"tag-gefaehrlicher-eingriff-in-den-strassenverkehr","11":"tag-grossweingarten","12":"tag-kreisstrasse-18","13":"tag-ohne-absicherung","14":"tag-pkw","15":"tag-pleinfeld","16":"tag-polizei","17":"tag-sachschaden","18":"tag-schaden","19":"tag-stirn","20":"tag-transporter","21":"tag-unfall","22":"tag-weissenburg","23":"tag-wildschwein","24":"tag-wildunfall"},"_links":{"self":[{"href":"https:\/\/www.region-schwabach.de\/wordpress\/wp-json\/wp\/v2\/posts\/64274","targetHints":{"allow":["GET"]}}],"collection":[{"href":"https:\/\/www.region-schwabach.de\/wordpress\/wp-json\/wp\/v2\/posts"}],"about":[{"href":"https:\/\/www.region-schwabach.de\/wordpress\/wp-json\/wp\/v2\/types\/post"}],"author":[{"embeddable":true,"href":"https:\/\/www.region-schwabach.de\/wordpress\/wp-json\/wp\/v2\/users\/1"}],"replies":[{"embeddable":true,"href":"https:\/\/www.region-schwabach.de\/wordpress\/wp-json\/wp\/v2\/comments?post=64274"}],"version-history":[{"count":0,"href":"https:\/\/www.region-schwabach.de\/wordpress\/wp-json\/wp\/v2\/posts\/64274\/revisions"}],"wp:featuredmedia":[{"embeddable":true,"href":"https:\/\/www.region-schwabach.de\/wordpress\/wp-json\/wp\/v2\/media\/64275"}],"wp:attachment":[{"href":"https:\/\/www.region-schwabach.de\/wordpress\/wp-json\/wp\/v2\/media?parent=64274"}],"wp:term":[{"taxonomy":"category","embeddable":true,"href":"https:\/\/www.region-schwabach.de\/wordpress\/wp-json\/wp\/v2\/categories?post=64274"},{"taxonomy":"post_tag","embeddable":true,"href":"https:\/\/www.region-schwabach.de\/wordpress\/wp-json\/wp\/v2\/tags?post=64274"}],"curies":[{"name":"wp","href":"https:\/\/api.w.org\/{rel}","templated":true}]}}