{"id":64303,"date":"2018-11-11T00:03:12","date_gmt":"2018-11-10T23:03:12","guid":{"rendered":"http:\/\/www.region-schwabach.de\/wordpress\/?p=64303"},"modified":"2018-12-07T16:24:24","modified_gmt":"2018-12-07T15:24:24","slug":"gedenken-an-pogromnacht-in-schwabach","status":"publish","type":"post","link":"https:\/\/www.region-schwabach.de\/wordpress\/gedenken-an-pogromnacht-in-schwabach\/","title":{"rendered":"Gedenken an Pogromnacht in Schwabach"},"content":{"rendered":"\t\t<div data-elementor-type=\"wp-post\" data-elementor-id=\"64303\" class=\"elementor elementor-64303 elementor-bc-flex-widget\">\n\t\t\t\t\t\t<section class=\"elementor-section elementor-top-section elementor-element elementor-element-e04de7f elementor-section-boxed elementor-section-height-default elementor-section-height-default\" data-id=\"e04de7f\" data-element_type=\"section\">\n\t\t\t\t\t\t<div class=\"elementor-container elementor-column-gap-default\">\n\t\t\t\t\t<div class=\"elementor-column elementor-col-66 elementor-top-column elementor-element elementor-element-0e30e33\" data-id=\"0e30e33\" data-element_type=\"column\">\n\t\t\t<div class=\"elementor-widget-wrap elementor-element-populated\">\n\t\t\t\t\t\t<div class=\"elementor-element elementor-element-1331cc3 elementor-widget elementor-widget-text-editor\" data-id=\"1331cc3\" data-element_type=\"widget\" data-widget_type=\"text-editor.default\">\n\t\t\t\t<div class=\"elementor-widget-container\">\n\t\t\t\t\t\t\t<h3 class=\"uk-article-title\">Am Freitag, 9. November 2018:<br \/>Gedenken an Pogromnacht in Schwabach<\/h3><p><span style=\"font-size: 12pt;\">Schwabach &#8211;\u00a0In der Reichspogromnacht zum 9. November 1938 wurden auch in Schwabach\u00a0bei Menschen j\u00fcdischen Glaubens die Fenster eingeschlagen, Wohnungen\u00a0verw\u00fcstet und zwei B\u00fcrger in \u201eSchutzhaft\u201c genommen.<\/span><\/p><h3>Feier an Rathaustafel<\/h3><p><span style=\"font-size: 12pt;\">Mit einer Feier an der\u00a0Rathaus-Tafel am Freitag, 9. November, rufen die Stadt, die Initiative f\u00fcr\u00a0Demokratie gegen Rechtsextremismus und die Karl-Dehm-Schule ab 17:30 Uhr\u00a0dazu auf, dieser Tage zu gedenken.<\/span><\/p><h3>Lesung in der Alten Synagoge<\/h3><p><span style=\"font-size: 12pt;\">Bereits am Abend vorher rezitiert Gerd Berghofer in der Alten Synagoge, Synagogengasse\u00a06, ab 19:30 Uhr \u201eVerbrannte Dichter\u201c, also aus Werken, die bei der\u00a0B\u00fccherverbrennung 1933 vernichtet wurden.<\/span><\/p><h3>F\u00fchrung vom Tourismusb\u00fcro<\/h3><p><span style=\"font-size: 12pt;\">Das Tourismusb\u00fcro und die Stadtheimatpflegerin Ursula Kaiser-Biburger\u00a0erinnern am Sonntag, 11. November 2018, mit einer F\u00fchrung durch die Altstadt an\u00a0die Pogromnacht. Dabei wird besonders zweier j\u00fcdischer Familien gedacht,<\/span><br \/><span style=\"font-size: 12pt;\">deren Schicksal durch die \u201eInitiative Stolpersteine f\u00fcr Schwabach\u201c unvergessen\u00a0bleibt. Der Weg des Gedenkens f\u00fchrt vom Rathaus und der angebrachten\u00a0Gedenktafel zur K\u00f6nigstra\u00dfe 12, in die Friedrichstra\u00dfe 2 und weiter in die\u00a0Synagogengasse. Den Abschluss bildet der Besuch der Ehemaligen Synagoge.\u00a0Treffpunkt der F\u00fchrung ist um 14 Uhr vor dem Rathaus-Eingang. Der Eintritt ist\u00a0frei.<\/span><\/p><p><span style=\"font-size: 12pt;\"><strong>Foto:<\/strong> Die Gedenktafel am Rathaus<\/span><\/p><h3>Weiterf\u00fchrende Links:<\/h3><p><a href=\"https:\/\/de.wikipedia.org\/wiki\/Novemberpogrome_1938\" target=\"_blank\" rel=\"noopener\"><span style=\"font-size: 12pt;\">Weitere Informationen zur Pogromnacht 1938 gibt es hier &#8230;<\/span><\/a><\/p>\t\t\t\t\t\t<\/div>\n\t\t\t\t<\/div>\n\t\t\t\t<section class=\"elementor-section elementor-inner-section elementor-element elementor-element-1dafff4 elementor-section-boxed elementor-section-height-default elementor-section-height-default\" data-id=\"1dafff4\" data-element_type=\"section\">\n\t\t\t\t\t\t<div class=\"elementor-container elementor-column-gap-default\">\n\t\t\t\t\t<div class=\"elementor-column elementor-col-100 elementor-inner-column elementor-element elementor-element-8a8a1c8\" data-id=\"8a8a1c8\" data-element_type=\"column\">\n\t\t\t<div class=\"elementor-widget-wrap elementor-element-populated\">\n\t\t\t\t\t\t<div class=\"elementor-element elementor-element-c9f5b9c elementor-widget elementor-widget-html\" data-id=\"c9f5b9c\" data-element_type=\"widget\" data-widget_type=\"html.default\">\n\t\t\t\t<div class=\"elementor-widget-container\">\n\t\t\t<iframe style=\"width:120px;height:240px;\" marginwidth=\"0\" marginheight=\"0\" scrolling=\"no\" frameborder=\"0\" src=\"\/\/ws-eu.amazon-adsystem.com\/widgets\/q?ServiceVersion=20070822&OneJS=1&Operation=GetAdHtml&MarketPlace=DE&source=ac&ref=qf_sp_asin_til&ad_type=product_link&tracking_id=hlde-21&marketplace=amazon&region=DE&placement=B076PS6HKC&asins=B076PS6HKC&linkId=f47029008b1418bd3ac6925335922e44&show_border=true&link_opens_in_new_window=true&price_color=333333&title_color=0066c0&bg_color=ffffff\"><\/iframe>\n<iframe style=\"width:120px;height:240px;\" marginwidth=\"0\" marginheight=\"0\" scrolling=\"no\" frameborder=\"0\" src=\"\/\/ws-eu.amazon-adsystem.com\/widgets\/q?ServiceVersion=20070822&OneJS=1&Operation=GetAdHtml&MarketPlace=DE&source=ac&ref=qf_sp_asin_til&ad_type=product_link&tracking_id=hlde-21&marketplace=amazon&region=DE&placement=3880215278&asins=3880215278&linkId=4636cccc4d319441f907b1e80bad83f7&show_border=true&link_opens_in_new_window=true&price_color=333333&title_color=0066c0&bg_color=ffffff\"><\/iframe>\n<iframe style=\"width:120px;height:240px;\" marginwidth=\"0\" marginheight=\"0\" scrolling=\"no\" frameborder=\"0\" src=\"\/\/ws-eu.amazon-adsystem.com\/widgets\/q?ServiceVersion=20070822&OneJS=1&Operation=GetAdHtml&MarketPlace=DE&source=ac&ref=qf_sp_asin_til&ad_type=product_link&tracking_id=hlde-21&marketplace=amazon&region=DE&placement=3837500853&asins=3837500853&linkId=6b21f59da7f8a39f194df04a3f50ffac&show_border=true&link_opens_in_new_window=true&price_color=333333&title_color=0066c0&bg_color=ffffff\"><\/iframe>\t\t<\/div>\n\t\t\t\t<\/div>\n\t\t\t\t\t<\/div>\n\t\t<\/div>\n\t\t\t\t\t<\/div>\n\t\t<\/section>\n\t\t\t\t<div class=\"elementor-element elementor-element-9c4562b elementor-widget-divider--view-line elementor-widget elementor-widget-divider\" data-id=\"9c4562b\" data-element_type=\"widget\" data-widget_type=\"divider.default\">\n\t\t\t\t<div class=\"elementor-widget-container\">\n\t\t\t\t\t<div class=\"elementor-divider\">\n\t\t\t<span class=\"elementor-divider-separator\">\n\t\t\t\t\t\t<\/span>\n\t\t<\/div>\n\t\t\t\t<\/div>\n\t\t\t\t<\/div>\n\t\t\t\t<div class=\"elementor-element elementor-element-86e1f80 elementor-widget elementor-widget-google_maps\" data-id=\"86e1f80\" data-element_type=\"widget\" data-widget_type=\"google_maps.default\">\n\t\t\t\t<div class=\"elementor-widget-container\">\n\t\t\t\t\t<div class=\"elementor-custom-embed\">\n\t\t\t<iframe loading=\"lazy\"\n\t\t\t\t\tsrc=\"https:\/\/maps.google.com\/maps?q=K%C3%B6nigsplatz%2C%20Schwabach%2C%20Deutschland&#038;t=m&#038;z=17&#038;output=embed&#038;iwloc=near\"\n\t\t\t\t\ttitle=\"K\u00f6nigsplatz, Schwabach, Deutschland\"\n\t\t\t\t\taria-label=\"K\u00f6nigsplatz, Schwabach, Deutschland\"\n\t\t\t><\/iframe>\n\t\t<\/div>\n\t\t\t\t<\/div>\n\t\t\t\t<\/div>\n\t\t\t\t\t<\/div>\n\t\t<\/div>\n\t\t\t\t<div class=\"elementor-column elementor-col-33 elementor-top-column elementor-element elementor-element-f02176f\" data-id=\"f02176f\" data-element_type=\"column\">\n\t\t\t<div class=\"elementor-widget-wrap\">\n\t\t\t\t\t\t\t<\/div>\n\t\t<\/div>\n\t\t\t\t\t<\/div>\n\t\t<\/section>\n\t\t\t\t<section class=\"elementor-section elementor-top-section elementor-element elementor-element-231bed1 elementor-section-boxed elementor-section-height-default elementor-section-height-default\" data-id=\"231bed1\" data-element_type=\"section\">\n\t\t\t\t\t\t<div class=\"elementor-container elementor-column-gap-default\">\n\t\t\t\t\t<div class=\"elementor-column elementor-col-100 elementor-top-column elementor-element elementor-element-adf6495\" data-id=\"adf6495\" data-element_type=\"column\">\n\t\t\t<div class=\"elementor-widget-wrap elementor-element-populated\">\n\t\t\t\t\t\t<div class=\"elementor-element elementor-element-193fdf4 elementor-widget elementor-widget-image\" data-id=\"193fdf4\" data-element_type=\"widget\" data-widget_type=\"image.default\">\n\t\t\t\t<div class=\"elementor-widget-container\">\n\t\t\t\t\t\t\t\t\t\t<figure class=\"wp-caption\">\n\t\t\t\t\t\t\t\t\t\t\t<a href=\"http:\/\/www.region-schwabach.de\/wordpress\/wp-content\/uploads\/2018\/11\/PM271_Stolpersteine-e1541537701870.jpg\" data-elementor-open-lightbox=\"yes\" data-elementor-lightbox-title=\"PM271_Stolpersteine\" data-e-action-hash=\"#elementor-action%3Aaction%3Dlightbox%26settings%3DeyJpZCI6NjQzMTAsInVybCI6Imh0dHBzOlwvXC93d3cucmVnaW9uLXNjaHdhYmFjaC5kZVwvd29yZHByZXNzXC93cC1jb250ZW50XC91cGxvYWRzXC8yMDE4XC8xMVwvUE0yNzFfU3RvbHBlcnN0ZWluZS1lMTU0MTUzNzcwMTg3MC5qcGcifQ%3D%3D\">\n\t\t\t\t\t\t\t<img fetchpriority=\"high\" decoding=\"async\" width=\"960\" height=\"640\" src=\"https:\/\/www.region-schwabach.de\/wordpress\/wp-content\/uploads\/2018\/11\/PM271_Stolpersteine-e1541537701870.jpg\" class=\"attachment-full size-full wp-image-64310\" alt=\"\" \/>\t\t\t\t\t\t\t\t<\/a>\n\t\t\t\t\t\t\t\t\t\t\t<figcaption class=\"widget-image-caption wp-caption-text\">Foto: Auch die Schwabacher Stolpersteine werden bei der F\u00fchrung am 11. November aufgesucht.<\/figcaption>\n\t\t\t\t\t\t\t\t\t\t<\/figure>\n\t\t\t\t\t\t\t<\/div>\n\t\t\t\t<\/div>\n\t\t\t\t\t<\/div>\n\t\t<\/div>\n\t\t\t\t\t<\/div>\n\t\t<\/section>\n\t\t\t\t<\/div>\n\t\t","protected":false},"excerpt":{"rendered":"<div class=\"mh-excerpt\"><p>Am Freitag, 9. November 2018:Gedenken an Pogromnacht in Schwabach Schwabach &#8211;\u00a0In der Reichspogromnacht zum 9. November 1938 wurden auch in Schwabach\u00a0bei Menschen j\u00fcdischen Glaubens die Fenster eingeschlagen, Wohnungen\u00a0verw\u00fcstet und zwei B\u00fcrger in \u201eSchutzhaft\u201c genommen. Feier <a class=\"mh-excerpt-more\" href=\"https:\/\/www.region-schwabach.de\/wordpress\/gedenken-an-pogromnacht-in-schwabach\/\" title=\"Gedenken an Pogromnacht in Schwabach\">[&#8230;]<\/a><\/p>\n<\/div>","protected":false},"author":1,"featured_media":64304,"comment_status":"open","ping_status":"open","sticky":false,"template":"","format":"standard","meta":{"_cbd_carousel_blocks":"[]","footnotes":""},"categories":[16,287,61,231],"tags":[6076,6420,6588,6096,1875,53,6822,4275,6820,1480,6821,19,56,6819],"class_list":{"0":"post-64303","1":"post","2":"type-post","3":"status-publish","4":"format-standard","5":"has-post-thumbnail","7":"category-aktuell","8":"category-jugend-und-familie","9":"category-rathaus","10":"category-veranstaltungsnews","11":"tag-08-11-2018","12":"tag-09-11-2018","13":"tag-11-11-2018","14":"tag-alte-synagoge","15":"tag-feier","16":"tag-fuehrung","17":"tag-gedenktafel","18":"tag-lesung","19":"tag-pogromnacht","20":"tag-rathaus","21":"tag-rathaus-tafel","22":"tag-schwabach","23":"tag-tourismusbuero","24":"tag-zum-gedenken"},"_links":{"self":[{"href":"https:\/\/www.region-schwabach.de\/wordpress\/wp-json\/wp\/v2\/posts\/64303","targetHints":{"allow":["GET"]}}],"collection":[{"href":"https:\/\/www.region-schwabach.de\/wordpress\/wp-json\/wp\/v2\/posts"}],"about":[{"href":"https:\/\/www.region-schwabach.de\/wordpress\/wp-json\/wp\/v2\/types\/post"}],"author":[{"embeddable":true,"href":"https:\/\/www.region-schwabach.de\/wordpress\/wp-json\/wp\/v2\/users\/1"}],"replies":[{"embeddable":true,"href":"https:\/\/www.region-schwabach.de\/wordpress\/wp-json\/wp\/v2\/comments?post=64303"}],"version-history":[{"count":0,"href":"https:\/\/www.region-schwabach.de\/wordpress\/wp-json\/wp\/v2\/posts\/64303\/revisions"}],"wp:featuredmedia":[{"embeddable":true,"href":"https:\/\/www.region-schwabach.de\/wordpress\/wp-json\/wp\/v2\/media\/64304"}],"wp:attachment":[{"href":"https:\/\/www.region-schwabach.de\/wordpress\/wp-json\/wp\/v2\/media?parent=64303"}],"wp:term":[{"taxonomy":"category","embeddable":true,"href":"https:\/\/www.region-schwabach.de\/wordpress\/wp-json\/wp\/v2\/categories?post=64303"},{"taxonomy":"post_tag","embeddable":true,"href":"https:\/\/www.region-schwabach.de\/wordpress\/wp-json\/wp\/v2\/tags?post=64303"}],"curies":[{"name":"wp","href":"https:\/\/api.w.org\/{rel}","templated":true}]}}