{"id":64322,"date":"2018-11-10T00:04:15","date_gmt":"2018-11-09T23:04:15","guid":{"rendered":"http:\/\/www.region-schwabach.de\/wordpress\/?p=64322"},"modified":"2018-11-09T23:48:02","modified_gmt":"2018-11-09T22:48:02","slug":"fuehrung-zu-kunstorten-am-samstag-10-november-2018","status":"publish","type":"post","link":"https:\/\/www.region-schwabach.de\/wordpress\/fuehrung-zu-kunstorten-am-samstag-10-november-2018\/","title":{"rendered":"F\u00fchrung zu KunstORTEN am Samstag, 10. November 2018"},"content":{"rendered":"\t\t<div data-elementor-type=\"wp-post\" data-elementor-id=\"64322\" class=\"elementor elementor-64322 elementor-bc-flex-widget\">\n\t\t\t\t\t\t<section class=\"elementor-section elementor-top-section elementor-element elementor-element-678181b elementor-section-boxed elementor-section-height-default elementor-section-height-default\" data-id=\"678181b\" data-element_type=\"section\">\n\t\t\t\t\t\t<div class=\"elementor-container elementor-column-gap-default\">\n\t\t\t\t\t<div class=\"elementor-column elementor-col-66 elementor-top-column elementor-element elementor-element-6b34026\" data-id=\"6b34026\" data-element_type=\"column\">\n\t\t\t<div class=\"elementor-widget-wrap elementor-element-populated\">\n\t\t\t\t\t\t<div class=\"elementor-element elementor-element-443ab98 elementor-widget elementor-widget-text-editor\" data-id=\"443ab98\" data-element_type=\"widget\" data-widget_type=\"text-editor.default\">\n\t\t\t\t<div class=\"elementor-widget-container\">\n\t\t\t\t\t\t\t<h3 class=\"entry-title\">F\u00fchrung am Samstag, 10. November 2018:<br \/>KunstORTE entdecken<\/h3><p><span style=\"font-size: 12pt;\">Schwabach \u2013 Erstmals ist bei einer neuen F\u00fchrung zu Schwabacher KunstORTEN wieder die\u00a0aufw\u00e4ndige Wandmalerei zug\u00e4nglich, mit der die ortung-Preistr\u00e4gerin Dana\u00a0Widawski 2011 einen Schuppen gestaltet hat. Der Spaziergang mit Kerstin\u00a0Bienert widmet sich am Samstag, den 10. November 2018, au\u00dferdem Fragen rund um\u00a0weitere ortung-Kunst: Warum tr\u00e4gt die \u201eMaria mit Kind\u201c an der Stadtkirche\u00a0Jeans? Welche k\u00fcnstlerische Idee verbirgt sich hinter den beiden Steinh\u00e4lften\u00a0im Apothekersgarten? Was hat es mit den goldenen Schl\u00e4gern auf sich, die im\u00a0Rathaus an einem Garderobenst\u00e4nder h\u00e4ngen?<\/span><\/p><h3>Viele Werke zu entdecken<\/h3><p><span style=\"font-size: 12pt;\">Aber nicht nur die insgesamt 18 ortung-Ank\u00e4ufe in der Schwabacher Altstadt\u00a0sind Teil des sehenswerten Kunstparcours, auch weitere Werke werden dabei\u00a0entdeckt. Die F\u00fchrung wurde in Zusammenarbeit mit dem Kulturamt, dem\u00a0Tourismusb\u00fcro und der B\u00fcrgerstiftung \u201eUnser Schwabach\u201c erdacht. <\/span><\/p><h3>Infos:<\/h3><p>T<span style=\"font-size: 12pt;\">reffpunkt\u00a0ist um 11 Uhr vor dem Rathaus, der Rundgang dauert etwa zwei Stunden und\u00a0f\u00fchrt ins Rathaus, in die Stadtkirche, \u00fcber die S\u00fcdliche Mauerstra\u00dfe zur\u00a0St\u00e4dtischen Galerie, ins B\u00fcrgerhaus sowie in den Apothekersgarten und endet\u00a0am Marktplatz.\u00a0Kosten: 5 Euro\/ Person, eine vorherige Anmeldung ist nicht<\/span><br \/><span style=\"font-size: 12pt;\">notwendig.<\/span><\/p><p><span style=\"font-size: 12pt;\"><strong>Foto:<\/strong> Dana Widawski gestaltete diese Wandmalerei in einem Schuppen zur\u00a0ortung 2011.<\/span><\/p><h3>Weiterf\u00fchrende Links:<\/h3><p><a href=\"https:\/\/www.schwabach.de\/images\/referate\/Kulturamt\/Kulturamt\/Festivals\/LesArt\/Downloads\/LA-Broschure-Schwabach18_web3.pdf\" target=\"_blank\" rel=\"noopener\">Hier geht&#8217;s zur Homepage von kunstORTE &#8230;<\/a><\/p><p>\u00a0<\/p>\t\t\t\t\t\t<\/div>\n\t\t\t\t<\/div>\n\t\t\t\t\t<\/div>\n\t\t<\/div>\n\t\t\t\t<div class=\"elementor-column elementor-col-33 elementor-top-column elementor-element elementor-element-f645137\" data-id=\"f645137\" data-element_type=\"column\">\n\t\t\t<div class=\"elementor-widget-wrap\">\n\t\t\t\t\t\t\t<\/div>\n\t\t<\/div>\n\t\t\t\t\t<\/div>\n\t\t<\/section>\n\t\t\t\t<\/div>\n\t\t","protected":false},"excerpt":{"rendered":"<div class=\"mh-excerpt\"><p>F\u00fchrung am Samstag, 10. November 2018:KunstORTE entdecken Schwabach \u2013 Erstmals ist bei einer neuen F\u00fchrung zu Schwabacher KunstORTEN wieder die\u00a0aufw\u00e4ndige Wandmalerei zug\u00e4nglich, mit der die ortung-Preistr\u00e4gerin Dana\u00a0Widawski 2011 einen Schuppen gestaltet hat. Der Spaziergang mit <a class=\"mh-excerpt-more\" href=\"https:\/\/www.region-schwabach.de\/wordpress\/fuehrung-zu-kunstorten-am-samstag-10-november-2018\/\" title=\"F\u00fchrung zu KunstORTEN am Samstag, 10. November 2018\">[&#8230;]<\/a><\/p>\n<\/div>","protected":false},"author":1,"featured_media":64323,"comment_status":"open","ping_status":"open","sticky":false,"template":"","format":"standard","meta":{"_cbd_carousel_blocks":"[]","footnotes":""},"categories":[16,287,61,231],"tags":[6529,4392,3604,53,522,6824,114,1480,19,4045,4883,441],"class_list":{"0":"post-64322","1":"post","2":"type-post","3":"status-publish","4":"format-standard","5":"has-post-thumbnail","7":"category-aktuell","8":"category-jugend-und-familie","9":"category-rathaus","10":"category-veranstaltungsnews","11":"tag-10-11-2018","12":"tag-apothekersgarten","13":"tag-buergerhaus","14":"tag-fuehrung","15":"tag-koenigsplatz","16":"tag-kunstorte","17":"tag-marktplatz","18":"tag-rathaus","19":"tag-schwabach","20":"tag-staedtische-galerie","21":"tag-stadtkirche","22":"tag-suedliche-mauerstrasse"},"_links":{"self":[{"href":"https:\/\/www.region-schwabach.de\/wordpress\/wp-json\/wp\/v2\/posts\/64322","targetHints":{"allow":["GET"]}}],"collection":[{"href":"https:\/\/www.region-schwabach.de\/wordpress\/wp-json\/wp\/v2\/posts"}],"about":[{"href":"https:\/\/www.region-schwabach.de\/wordpress\/wp-json\/wp\/v2\/types\/post"}],"author":[{"embeddable":true,"href":"https:\/\/www.region-schwabach.de\/wordpress\/wp-json\/wp\/v2\/users\/1"}],"replies":[{"embeddable":true,"href":"https:\/\/www.region-schwabach.de\/wordpress\/wp-json\/wp\/v2\/comments?post=64322"}],"version-history":[{"count":0,"href":"https:\/\/www.region-schwabach.de\/wordpress\/wp-json\/wp\/v2\/posts\/64322\/revisions"}],"wp:featuredmedia":[{"embeddable":true,"href":"https:\/\/www.region-schwabach.de\/wordpress\/wp-json\/wp\/v2\/media\/64323"}],"wp:attachment":[{"href":"https:\/\/www.region-schwabach.de\/wordpress\/wp-json\/wp\/v2\/media?parent=64322"}],"wp:term":[{"taxonomy":"category","embeddable":true,"href":"https:\/\/www.region-schwabach.de\/wordpress\/wp-json\/wp\/v2\/categories?post=64322"},{"taxonomy":"post_tag","embeddable":true,"href":"https:\/\/www.region-schwabach.de\/wordpress\/wp-json\/wp\/v2\/tags?post=64322"}],"curies":[{"name":"wp","href":"https:\/\/api.w.org\/{rel}","templated":true}]}}