{"id":64333,"date":"2018-11-07T10:22:10","date_gmt":"2018-11-07T09:22:10","guid":{"rendered":"http:\/\/www.region-schwabach.de\/wordpress\/?p=64333"},"modified":"2018-11-07T17:48:39","modified_gmt":"2018-11-07T16:48:39","slug":"unfall-auf-der-staatsstrasse-2391-bei-mindorf","status":"publish","type":"post","link":"https:\/\/www.region-schwabach.de\/wordpress\/unfall-auf-der-staatsstrasse-2391-bei-mindorf\/","title":{"rendered":"Unfall auf der Staatsstra\u00dfe 2391 bei Mindorf"},"content":{"rendered":"\t\t<div data-elementor-type=\"wp-post\" data-elementor-id=\"64333\" class=\"elementor elementor-64333 elementor-bc-flex-widget\">\n\t\t\t\t\t\t<section class=\"elementor-section elementor-top-section elementor-element elementor-element-1cuv9jr elementor-section-boxed elementor-section-height-default elementor-section-height-default\" data-id=\"1cuv9jr\" data-element_type=\"section\">\n\t\t\t\t\t\t<div class=\"elementor-container elementor-column-gap-default\">\n\t\t\t\t\t<div class=\"elementor-column elementor-col-66 elementor-top-column elementor-element elementor-element-q5zak7b\" data-id=\"q5zak7b\" data-element_type=\"column\">\n\t\t\t<div class=\"elementor-widget-wrap elementor-element-populated\">\n\t\t\t\t\t\t<div class=\"elementor-element elementor-element-86qws23 elementor-widget elementor-widget-text-editor\" data-id=\"86qws23\" data-element_type=\"widget\" data-widget_type=\"text-editor.default\">\n\t\t\t\t<div class=\"elementor-widget-container\">\n\t\t\t\t\t\t\t<h3><strong>Zusammensto\u00df nach Vorfahrtsmissachtung <\/strong><\/h3><p><span style=\"font-size: 12pt;\">Hilpoltstein &#8211; Am Dienstagabend, den 06.11.2018, war\u00a0ein 34-j\u00e4hriger Mercedes-Fahrer von Mindorf kommend auf der Staatsstra\u00dfe 2391 unterwegs, und wollte links nach Jahrsdorf abbiegen, wobei er jedoch einen vorfahrtsberechtigten Opel-Fahrer auf der Vorfahrtsstra\u00dfe \u00fcbersah. Bei dem folgenden Zusammensto\u00df wurden der Opel-Fahrer und und dessen Beifahrerin leicht verletzt, an den beiden Fahrzeugen entstand ein Sachschaden in H\u00f6he von ca. 20.000 Euro.<\/span><\/p>\t\t\t\t\t\t<\/div>\n\t\t\t\t<\/div>\n\t\t\t\t<div class=\"elementor-element elementor-element-ace1283 elementor-widget-divider--view-line elementor-widget elementor-widget-divider\" data-id=\"ace1283\" data-element_type=\"widget\" data-widget_type=\"divider.default\">\n\t\t\t\t<div class=\"elementor-widget-container\">\n\t\t\t\t\t<div class=\"elementor-divider\">\n\t\t\t<span class=\"elementor-divider-separator\">\n\t\t\t\t\t\t<\/span>\n\t\t<\/div>\n\t\t\t\t<\/div>\n\t\t\t\t<\/div>\n\t\t\t\t<div class=\"elementor-element elementor-element-1l7zbzo elementor-widget elementor-widget-google_maps\" data-id=\"1l7zbzo\" data-element_type=\"widget\" data-widget_type=\"google_maps.default\">\n\t\t\t\t<div class=\"elementor-widget-container\">\n\t\t\t\t\t<div class=\"elementor-custom-embed\">\n\t\t\t<iframe loading=\"lazy\"\n\t\t\t\t\tsrc=\"https:\/\/maps.google.com\/maps?q=49.153695%2C%2011.258696&#038;t=m&#038;z=14&#038;output=embed&#038;iwloc=near\"\n\t\t\t\t\ttitle=\"49.153695, 11.258696\"\n\t\t\t\t\taria-label=\"49.153695, 11.258696\"\n\t\t\t><\/iframe>\n\t\t<\/div>\n\t\t\t\t<\/div>\n\t\t\t\t<\/div>\n\t\t\t\t\t<\/div>\n\t\t<\/div>\n\t\t\t\t<div class=\"elementor-column elementor-col-33 elementor-top-column elementor-element elementor-element-0w0urt1\" data-id=\"0w0urt1\" data-element_type=\"column\">\n\t\t\t<div class=\"elementor-widget-wrap\">\n\t\t\t\t\t\t\t<\/div>\n\t\t<\/div>\n\t\t\t\t\t<\/div>\n\t\t<\/section>\n\t\t\t\t<\/div>\n\t\t","protected":false},"excerpt":{"rendered":"<div class=\"mh-excerpt\"><p>Zusammensto\u00df nach Vorfahrtsmissachtung Hilpoltstein &#8211; Am Dienstagabend, den 06.11.2018, war\u00a0ein 34-j\u00e4hriger Mercedes-Fahrer von Mindorf kommend auf der Staatsstra\u00dfe 2391 unterwegs, und wollte links nach Jahrsdorf abbiegen, wobei er jedoch einen vorfahrtsberechtigten Opel-Fahrer auf der Vorfahrtsstra\u00dfe <a class=\"mh-excerpt-more\" href=\"https:\/\/www.region-schwabach.de\/wordpress\/unfall-auf-der-staatsstrasse-2391-bei-mindorf\/\" title=\"Unfall auf der Staatsstra\u00dfe 2391 bei Mindorf\">[&#8230;]<\/a><\/p>\n<\/div>","protected":false},"author":1,"featured_media":64334,"comment_status":"open","ping_status":"open","sticky":false,"template":"","format":"standard","meta":{"_cbd_carousel_blocks":"[]","footnotes":""},"categories":[15],"tags":[6392,1674,297,1748,1375,250,5700,1540,463,981,401,713,535,334,1539,537,584],"class_list":{"0":"post-64333","1":"post","2":"type-post","3":"status-publish","4":"format-standard","5":"has-post-thumbnail","7":"category-polizeimeldungen","8":"tag-06-11-2018","9":"tag-einmuendung","10":"tag-hilpoltstein","11":"tag-jahrsdorf","12":"tag-leicht-verletzt","13":"tag-mercedes","14":"tag-mindorf","15":"tag-opel","16":"tag-pkw","17":"tag-polizei","18":"tag-sachschaden","19":"tag-schaden","20":"tag-staatsstrasse-2391","21":"tag-unfall","22":"tag-vorfahrt-missachtet","23":"tag-weinsfeld","24":"tag-zusammenstoss"},"_links":{"self":[{"href":"https:\/\/www.region-schwabach.de\/wordpress\/wp-json\/wp\/v2\/posts\/64333","targetHints":{"allow":["GET"]}}],"collection":[{"href":"https:\/\/www.region-schwabach.de\/wordpress\/wp-json\/wp\/v2\/posts"}],"about":[{"href":"https:\/\/www.region-schwabach.de\/wordpress\/wp-json\/wp\/v2\/types\/post"}],"author":[{"embeddable":true,"href":"https:\/\/www.region-schwabach.de\/wordpress\/wp-json\/wp\/v2\/users\/1"}],"replies":[{"embeddable":true,"href":"https:\/\/www.region-schwabach.de\/wordpress\/wp-json\/wp\/v2\/comments?post=64333"}],"version-history":[{"count":0,"href":"https:\/\/www.region-schwabach.de\/wordpress\/wp-json\/wp\/v2\/posts\/64333\/revisions"}],"wp:featuredmedia":[{"embeddable":true,"href":"https:\/\/www.region-schwabach.de\/wordpress\/wp-json\/wp\/v2\/media\/64334"}],"wp:attachment":[{"href":"https:\/\/www.region-schwabach.de\/wordpress\/wp-json\/wp\/v2\/media?parent=64333"}],"wp:term":[{"taxonomy":"category","embeddable":true,"href":"https:\/\/www.region-schwabach.de\/wordpress\/wp-json\/wp\/v2\/categories?post=64333"},{"taxonomy":"post_tag","embeddable":true,"href":"https:\/\/www.region-schwabach.de\/wordpress\/wp-json\/wp\/v2\/tags?post=64333"}],"curies":[{"name":"wp","href":"https:\/\/api.w.org\/{rel}","templated":true}]}}