{"id":64347,"date":"2018-11-07T15:20:47","date_gmt":"2018-11-07T14:20:47","guid":{"rendered":"http:\/\/www.region-schwabach.de\/wordpress\/?p=64347"},"modified":"2018-11-07T17:47:02","modified_gmt":"2018-11-07T16:47:02","slug":"uneinsichtiger-pkw-fuehrer-in-weissenburg","status":"publish","type":"post","link":"https:\/\/www.region-schwabach.de\/wordpress\/uneinsichtiger-pkw-fuehrer-in-weissenburg\/","title":{"rendered":"Uneinsichtiger Pkw-F\u00fchrer in Wei\u00dfenburg"},"content":{"rendered":"\t\t<div data-elementor-type=\"wp-post\" data-elementor-id=\"64347\" class=\"elementor elementor-64347 elementor-bc-flex-widget\">\n\t\t\t\t\t\t<section class=\"elementor-section elementor-top-section elementor-element elementor-element-1cuv9jr elementor-section-boxed elementor-section-height-default elementor-section-height-default\" data-id=\"1cuv9jr\" data-element_type=\"section\">\n\t\t\t\t\t\t<div class=\"elementor-container elementor-column-gap-default\">\n\t\t\t\t\t<div class=\"elementor-column elementor-col-66 elementor-top-column elementor-element elementor-element-q5zak7b\" data-id=\"q5zak7b\" data-element_type=\"column\">\n\t\t\t<div class=\"elementor-widget-wrap elementor-element-populated\">\n\t\t\t\t\t\t<div class=\"elementor-element elementor-element-86qws23 elementor-widget elementor-widget-text-editor\" data-id=\"86qws23\" data-element_type=\"widget\" data-widget_type=\"text-editor.default\">\n\t\t\t\t<div class=\"elementor-widget-container\">\n\t\t\t\t\t\t\t<h3><strong>Unbelehrbarer PKW-F\u00fchrer<\/strong><\/h3><p><span style=\"font-size: 12pt;\">Wei\u00dfenburg &#8211; Am Dienstagabend, den 06.11.2018, wurde\u00a0ein 25j\u00e4hriger PKW-F\u00fchrer aus N\u00fcrnberg einer Verkehrskontrolle unterzogen, bei der die kontrollierenden Beamten Anzeichen auf Bet\u00e4ubungsmittelkonsum bemerkten, was ein daraufhin durchgef\u00fchrter Drogenschnelltest auch best\u00e4tigte. Deshalb wurde anschlie\u00dfend eine Blutentnahme angeordnet und der Fahrzeugschl\u00fcssel sichergestellt.<\/span><\/p><h3>Vierstellige Geldstrafe, und mehrmonatiges Fahrverbot<\/h3><p><span style=\"font-size: 12pt;\">Nachdem der Fahrzeugschl\u00fcssel im Laufe des Abends wieder an einen Berechtigen ausgeh\u00e4ndigt worden war, wurde der 24 J\u00e4hrige jedoch kurze Zeit sp\u00e4ter erneut am Steuer seines PKW angetroffen. Wegen der weiterhin vorhandenen Anzeichen auf einen Bet\u00e4ubungsmittelkonsum wurde der N\u00fcrnberger erneut einer Blutentnahme unterzogen, und mu\u00df nun mit einem Bu\u00dfgeld im vierstelligen Bereich, und einem mehrmonatigem Fahrverbot rechnen.<\/span><\/p>\t\t\t\t\t\t<\/div>\n\t\t\t\t<\/div>\n\t\t\t\t<div class=\"elementor-element elementor-element-ace1283 elementor-widget-divider--view-line elementor-widget elementor-widget-divider\" data-id=\"ace1283\" data-element_type=\"widget\" data-widget_type=\"divider.default\">\n\t\t\t\t<div class=\"elementor-widget-container\">\n\t\t\t\t\t<div class=\"elementor-divider\">\n\t\t\t<span class=\"elementor-divider-separator\">\n\t\t\t\t\t\t<\/span>\n\t\t<\/div>\n\t\t\t\t<\/div>\n\t\t\t\t<\/div>\n\t\t\t\t<div class=\"elementor-element elementor-element-1l7zbzo elementor-widget elementor-widget-google_maps\" data-id=\"1l7zbzo\" data-element_type=\"widget\" data-widget_type=\"google_maps.default\">\n\t\t\t\t<div class=\"elementor-widget-container\">\n\t\t\t\t\t<div class=\"elementor-custom-embed\">\n\t\t\t<iframe loading=\"lazy\"\n\t\t\t\t\tsrc=\"https:\/\/maps.google.com\/maps?q=Wei%C3%9Fenburg%2C%20Deutschland&#038;t=m&#038;z=14&#038;output=embed&#038;iwloc=near\"\n\t\t\t\t\ttitle=\"Wei\u00dfenburg, Deutschland\"\n\t\t\t\t\taria-label=\"Wei\u00dfenburg, Deutschland\"\n\t\t\t><\/iframe>\n\t\t<\/div>\n\t\t\t\t<\/div>\n\t\t\t\t<\/div>\n\t\t\t\t\t<\/div>\n\t\t<\/div>\n\t\t\t\t<div class=\"elementor-column elementor-col-33 elementor-top-column elementor-element elementor-element-0w0urt1\" data-id=\"0w0urt1\" data-element_type=\"column\">\n\t\t\t<div class=\"elementor-widget-wrap\">\n\t\t\t\t\t\t\t<\/div>\n\t\t<\/div>\n\t\t\t\t\t<\/div>\n\t\t<\/section>\n\t\t\t\t<\/div>\n\t\t","protected":false},"excerpt":{"rendered":"<div class=\"mh-excerpt\"><p>Unbelehrbarer PKW-F\u00fchrer Wei\u00dfenburg &#8211; Am Dienstagabend, den 06.11.2018, wurde\u00a0ein 25j\u00e4hriger PKW-F\u00fchrer aus N\u00fcrnberg einer Verkehrskontrolle unterzogen, bei der die kontrollierenden Beamten Anzeichen auf Bet\u00e4ubungsmittelkonsum bemerkten, was ein daraufhin durchgef\u00fchrter Drogenschnelltest auch best\u00e4tigte. Deshalb wurde anschlie\u00dfend <a class=\"mh-excerpt-more\" href=\"https:\/\/www.region-schwabach.de\/wordpress\/uneinsichtiger-pkw-fuehrer-in-weissenburg\/\" title=\"Uneinsichtiger Pkw-F\u00fchrer in Wei\u00dfenburg\">[&#8230;]<\/a><\/p>\n<\/div>","protected":false},"author":1,"featured_media":64348,"comment_status":"open","ping_status":"open","sticky":false,"template":"","format":"standard","meta":{"_cbd_carousel_blocks":"[]","footnotes":""},"categories":[15],"tags":[6392,1636,1111,701,1563,1018,6828,463,981,39,249],"class_list":{"0":"post-64347","1":"post","2":"type-post","3":"status-publish","4":"format-standard","5":"has-post-thumbnail","7":"category-polizeimeldungen","8":"tag-06-11-2018","9":"tag-blutentnahme","10":"tag-bussgeld","11":"tag-drogen","12":"tag-drogentest","13":"tag-fahrverbot","14":"tag-fahrzeugschluessel-sichergestellt","15":"tag-pkw","16":"tag-polizei","17":"tag-verkehrskontrolle","18":"tag-weissenburg"},"_links":{"self":[{"href":"https:\/\/www.region-schwabach.de\/wordpress\/wp-json\/wp\/v2\/posts\/64347","targetHints":{"allow":["GET"]}}],"collection":[{"href":"https:\/\/www.region-schwabach.de\/wordpress\/wp-json\/wp\/v2\/posts"}],"about":[{"href":"https:\/\/www.region-schwabach.de\/wordpress\/wp-json\/wp\/v2\/types\/post"}],"author":[{"embeddable":true,"href":"https:\/\/www.region-schwabach.de\/wordpress\/wp-json\/wp\/v2\/users\/1"}],"replies":[{"embeddable":true,"href":"https:\/\/www.region-schwabach.de\/wordpress\/wp-json\/wp\/v2\/comments?post=64347"}],"version-history":[{"count":0,"href":"https:\/\/www.region-schwabach.de\/wordpress\/wp-json\/wp\/v2\/posts\/64347\/revisions"}],"wp:featuredmedia":[{"embeddable":true,"href":"https:\/\/www.region-schwabach.de\/wordpress\/wp-json\/wp\/v2\/media\/64348"}],"wp:attachment":[{"href":"https:\/\/www.region-schwabach.de\/wordpress\/wp-json\/wp\/v2\/media?parent=64347"}],"wp:term":[{"taxonomy":"category","embeddable":true,"href":"https:\/\/www.region-schwabach.de\/wordpress\/wp-json\/wp\/v2\/categories?post=64347"},{"taxonomy":"post_tag","embeddable":true,"href":"https:\/\/www.region-schwabach.de\/wordpress\/wp-json\/wp\/v2\/tags?post=64347"}],"curies":[{"name":"wp","href":"https:\/\/api.w.org\/{rel}","templated":true}]}}