{"id":64421,"date":"2018-11-09T00:03:05","date_gmt":"2018-11-08T23:03:05","guid":{"rendered":"http:\/\/www.region-schwabach.de\/wordpress\/?p=64421"},"modified":"2018-12-07T16:42:51","modified_gmt":"2018-12-07T15:42:51","slug":"tag-der-offenen-tuer-in-berufsfachschulen","status":"publish","type":"post","link":"https:\/\/www.region-schwabach.de\/wordpress\/tag-der-offenen-tuer-in-berufsfachschulen\/","title":{"rendered":"Tag der offenen T\u00fcr in Berufsfachschulen"},"content":{"rendered":"\t\t<div data-elementor-type=\"wp-post\" data-elementor-id=\"64421\" class=\"elementor elementor-64421 elementor-bc-flex-widget\">\n\t\t\t\t\t\t<section class=\"elementor-section elementor-top-section elementor-element elementor-element-tlus4ia elementor-section-boxed elementor-section-height-default elementor-section-height-default\" data-id=\"tlus4ia\" data-element_type=\"section\">\n\t\t\t\t\t\t<div class=\"elementor-container elementor-column-gap-default\">\n\t\t\t\t\t<div class=\"elementor-column elementor-col-66 elementor-top-column elementor-element elementor-element-sphcucl\" data-id=\"sphcucl\" data-element_type=\"column\">\n\t\t\t<div class=\"elementor-widget-wrap elementor-element-populated\">\n\t\t\t\t\t\t<div class=\"elementor-element elementor-element-4f2h2af elementor-widget elementor-widget-text-editor\" data-id=\"4f2h2af\" data-element_type=\"widget\" data-widget_type=\"text-editor.default\">\n\t\t\t\t<div class=\"elementor-widget-container\">\n\t\t\t\t\t\t\t<h3>Tag der offenen T\u00fcr in Berufsfachschulen<\/h3><p><span style=\"font-size: 12pt;\">Schwabach &#8211;\u00a0Ausbildungsinteressierte sind am 09. November 2018 herzlich zum gemeinsamen Tag der offenen T\u00fcr des Deutschen Erwachsenen-Bildungswerks (DEB) und des GAW-Instituts f\u00fcr berufliche Bildung, O\u00b4Brien Stra\u00dfe 3, eingeladen.<\/span><\/p><h3>Dozenten und Sch\u00fcler informieren<\/h3><p><span style=\"font-size: 12pt;\">In der Zeit von 11.00 Uhr bis 15.00 Uhr stellen Dozenten und Sch\u00fcler die Ausbildungen\u00a0Physiotherapeut (m\/w), Podologe (m\/w), Altenpfleger (m\/w) sowie Pflegefachhelfer (m\/w) anschaulich vor und geben Einblicke in den Ausbildungsalltag. Auch f\u00fcr individuelle Beratungsgespr\u00e4che mit Ausbildungsinteressierten und ggf. deren Eltern ist Gelegenheit. Gerne kann ein Blick in die Unterrichts- und Praxisr\u00e4ume geworfen werden.<\/span><\/p><h3>Bewerbungen willkommen<\/h3><p><span style=\"font-size: 12pt;\">Eine Ausbildung im Gesundheits- und Sozialbereich verspricht gute Jobchancen. In dieser Branche herrscht seit Jahren hoher Personalbedarf. Bewerbungen k\u00f6nnen gerne mitgebracht werden.<\/span><\/p><h3>Weitere Informationen unter:<\/h3><p><span style=\"font-size: 12pt;\">Deutsches Erwachsenen- Bildungswerk,<\/span><br \/><span style=\"font-size: 12pt;\">gemeinn\u00fctzige Schultr\u00e4ger-Gesellschaft mit beschr\u00e4nkter Haftung<\/span><br \/><span style=\"font-size: 12pt;\">Staatlich anerkannte Berufsfachschule f\u00fcr Podologie Schwabach<\/span><br \/><span style=\"font-size: 12pt;\">Staatlich anerkannte Berufsfachschule f\u00fcr Physiotherapie Schwabach<\/span><\/p><p><span style=\"font-size: 12pt;\">GAW-Institut f\u00fcr berufliche Bildung gemeinn\u00fctzige GmbH<\/span><br \/><span style=\"font-size: 12pt;\">Staatlich anerkannte Berufsfachschule f\u00fcr Altenpflegehilfe<\/span><br \/><span style=\"font-size: 12pt;\">Staatlich genehmigte Berufsfachschule f\u00fcr Altenpflege<\/span><\/p><p><span style=\"font-size: 12pt;\">O\u00b4Brien Stra\u00dfe 3<\/span><br \/><span style=\"font-size: 12pt;\">91126 Schwabach<\/span><\/p><p><span style=\"font-size: 12pt;\">Tel.: +49(0)9122|630 90 -25<\/span><br \/><span style=\"font-size: 12pt;\">Fax: +49(0)9122|630 90 -29<\/span><\/p><p><span style=\"font-size: 12pt;\">Mail: <a href=\"mailto:bfs-schwabach@deb-gruppe.org\" target=\"_blank\" rel=\"noopener\">bfs-schwabach@deb-gruppe.org<\/a> \/\u00a0<a href=\"mailto:schwabach@gaw.de\" target=\"_blank\" rel=\"noopener\">schwabach@gaw.de<\/a><\/span><br \/><span style=\"font-size: 12pt;\">Internet: <a href=\"http:\/\/www.deb.de\" target=\"_blank\" rel=\"noopener\">www.deb.de<\/a><\/span><br \/><span style=\"font-size: 12pt;\">Facebook: <a href=\"http:\/\/www.facebook.com\/DEBGAWSchwabach\" target=\"_blank\" rel=\"noopener\">www.facebook.com\/DEBGAWSchwabach<\/a><\/span><\/p>\t\t\t\t\t\t<\/div>\n\t\t\t\t<\/div>\n\t\t\t\t<section class=\"elementor-section elementor-inner-section elementor-element elementor-element-52cd9fb elementor-section-boxed elementor-section-height-default elementor-section-height-default\" data-id=\"52cd9fb\" data-element_type=\"section\">\n\t\t\t\t\t\t<div class=\"elementor-container elementor-column-gap-default\">\n\t\t\t\t\t<div class=\"elementor-column elementor-col-100 elementor-inner-column elementor-element elementor-element-8bbd057\" data-id=\"8bbd057\" data-element_type=\"column\">\n\t\t\t<div class=\"elementor-widget-wrap elementor-element-populated\">\n\t\t\t\t\t\t<div class=\"elementor-element elementor-element-e2efdef elementor-widget elementor-widget-html\" data-id=\"e2efdef\" data-element_type=\"widget\" data-widget_type=\"html.default\">\n\t\t\t\t<div class=\"elementor-widget-container\">\n\t\t\t<iframe style=\"width:120px;height:240px;\" marginwidth=\"0\" marginheight=\"0\" scrolling=\"no\" frameborder=\"0\" src=\"\/\/ws-eu.amazon-adsystem.com\/widgets\/q?ServiceVersion=20070822&OneJS=1&Operation=GetAdHtml&MarketPlace=DE&source=ac&ref=qf_sp_asin_til&ad_type=product_link&tracking_id=hlde-21&marketplace=amazon&region=DE&placement=B00WEEHEO0&asins=B00WEEHEO0&linkId=31da54e82a5262e30bbbcde5679acf69&show_border=true&link_opens_in_new_window=true&price_color=333333&title_color=0066c0&bg_color=ffffff\"><\/iframe>\n<iframe style=\"width:120px;height:240px;\" marginwidth=\"0\" marginheight=\"0\" scrolling=\"no\" frameborder=\"0\" src=\"\/\/ws-eu.amazon-adsystem.com\/widgets\/q?ServiceVersion=20070822&OneJS=1&Operation=GetAdHtml&MarketPlace=DE&source=ac&ref=qf_sp_asin_til&ad_type=product_link&tracking_id=hlde-21&marketplace=amazon&region=DE&placement=3437272101&asins=3437272101&linkId=f9f30b7c64cb02a1fe619196bbc5c45d&show_border=true&link_opens_in_new_window=true&price_color=333333&title_color=0066c0&bg_color=ffffff\"><\/iframe>\n<iframe style=\"width:120px;height:240px;\" marginwidth=\"0\" marginheight=\"0\" scrolling=\"no\" frameborder=\"0\" src=\"\/\/ws-eu.amazon-adsystem.com\/widgets\/q?ServiceVersion=20070822&OneJS=1&Operation=GetAdHtml&MarketPlace=DE&source=ac&ref=qf_sp_asin_til&ad_type=product_link&tracking_id=hlde-21&marketplace=amazon&region=DE&placement=3862163962&asins=3862163962&linkId=eabc6f52d0ff729070f7b79ba04a0699&show_border=true&link_opens_in_new_window=true&price_color=333333&title_color=0066c0&bg_color=ffffff\"><\/iframe>\n<iframe style=\"width:120px;height:240px;\" marginwidth=\"0\" marginheight=\"0\" scrolling=\"no\" frameborder=\"0\" src=\"\/\/ws-eu.amazon-adsystem.com\/widgets\/q?ServiceVersion=20070822&OneJS=1&Operation=GetAdHtml&MarketPlace=DE&source=ac&ref=qf_sp_asin_til&ad_type=product_link&tracking_id=hlde-21&marketplace=amazon&region=DE&placement=3862164942&asins=3862164942&linkId=2a1481b9ed5f90794612721644caed73&show_border=true&link_opens_in_new_window=true&price_color=333333&title_color=0066c0&bg_color=ffffff\"><\/iframe>\t\t<\/div>\n\t\t\t\t<\/div>\n\t\t\t\t\t<\/div>\n\t\t<\/div>\n\t\t\t\t\t<\/div>\n\t\t<\/section>\n\t\t\t\t\t<\/div>\n\t\t<\/div>\n\t\t\t\t<div class=\"elementor-column elementor-col-33 elementor-top-column elementor-element elementor-element-flkv3o5\" data-id=\"flkv3o5\" data-element_type=\"column\">\n\t\t\t<div class=\"elementor-widget-wrap\">\n\t\t\t\t\t\t\t<\/div>\n\t\t<\/div>\n\t\t\t\t\t<\/div>\n\t\t<\/section>\n\t\t\t\t<\/div>\n\t\t","protected":false},"excerpt":{"rendered":"<div class=\"mh-excerpt\"><p>Tag der offenen T\u00fcr in Berufsfachschulen Schwabach &#8211;\u00a0Ausbildungsinteressierte sind am 09. November 2018 herzlich zum gemeinsamen Tag der offenen T\u00fcr des Deutschen Erwachsenen-Bildungswerks (DEB) und des GAW-Instituts f\u00fcr berufliche Bildung, O\u00b4Brien Stra\u00dfe 3, eingeladen. Dozenten <a class=\"mh-excerpt-more\" href=\"https:\/\/www.region-schwabach.de\/wordpress\/tag-der-offenen-tuer-in-berufsfachschulen\/\" title=\"Tag der offenen T\u00fcr in Berufsfachschulen\">[&#8230;]<\/a><\/p>\n<\/div>","protected":false},"author":1,"featured_media":37904,"comment_status":"open","ping_status":"open","sticky":false,"template":"","format":"standard","meta":{"_cbd_carousel_blocks":"[]","footnotes":""},"categories":[16,78,287,231],"tags":[6420,3805,3808,3801,3809,3798,3797,3800,3799,3806,3803,3804,19,3802,3807],"class_list":{"0":"post-64421","1":"post","2":"type-post","3":"status-publish","4":"format-standard","5":"has-post-thumbnail","7":"category-aktuell","8":"category-handel-und-wirtschaft","9":"category-jugend-und-familie","10":"category-veranstaltungsnews","11":"tag-09-11-2018","12":"tag-altenpfleger","13":"tag-ausbildungsinhalte","14":"tag-berufsfachschule","15":"tag-bewerbungsverfahren","16":"tag-deb","17":"tag-deutsches-erwachsenen-bildungswerk","18":"tag-gaw","19":"tag-obrien-strasse","20":"tag-pflegefachhelfer","21":"tag-physiotherapeut","22":"tag-podologe","23":"tag-schwabach","24":"tag-soziale-ausbildung","25":"tag-zugangsvoraussetzungen"},"_links":{"self":[{"href":"https:\/\/www.region-schwabach.de\/wordpress\/wp-json\/wp\/v2\/posts\/64421","targetHints":{"allow":["GET"]}}],"collection":[{"href":"https:\/\/www.region-schwabach.de\/wordpress\/wp-json\/wp\/v2\/posts"}],"about":[{"href":"https:\/\/www.region-schwabach.de\/wordpress\/wp-json\/wp\/v2\/types\/post"}],"author":[{"embeddable":true,"href":"https:\/\/www.region-schwabach.de\/wordpress\/wp-json\/wp\/v2\/users\/1"}],"replies":[{"embeddable":true,"href":"https:\/\/www.region-schwabach.de\/wordpress\/wp-json\/wp\/v2\/comments?post=64421"}],"version-history":[{"count":0,"href":"https:\/\/www.region-schwabach.de\/wordpress\/wp-json\/wp\/v2\/posts\/64421\/revisions"}],"wp:featuredmedia":[{"embeddable":true,"href":"https:\/\/www.region-schwabach.de\/wordpress\/wp-json\/wp\/v2\/media\/37904"}],"wp:attachment":[{"href":"https:\/\/www.region-schwabach.de\/wordpress\/wp-json\/wp\/v2\/media?parent=64421"}],"wp:term":[{"taxonomy":"category","embeddable":true,"href":"https:\/\/www.region-schwabach.de\/wordpress\/wp-json\/wp\/v2\/categories?post=64421"},{"taxonomy":"post_tag","embeddable":true,"href":"https:\/\/www.region-schwabach.de\/wordpress\/wp-json\/wp\/v2\/tags?post=64421"}],"curies":[{"name":"wp","href":"https:\/\/api.w.org\/{rel}","templated":true}]}}