{"id":64438,"date":"2018-11-08T10:06:39","date_gmt":"2018-11-08T09:06:39","guid":{"rendered":"http:\/\/www.region-schwabach.de\/wordpress\/?p=64438"},"modified":"2018-11-08T10:12:30","modified_gmt":"2018-11-08T09:12:30","slug":"mehrere-schuppen-in-heideck-aufgebrochen","status":"publish","type":"post","link":"https:\/\/www.region-schwabach.de\/wordpress\/mehrere-schuppen-in-heideck-aufgebrochen\/","title":{"rendered":"Mehrere Schuppen in Heideck aufgebrochen"},"content":{"rendered":"\t\t<div data-elementor-type=\"wp-post\" data-elementor-id=\"64438\" class=\"elementor elementor-64438 elementor-bc-flex-widget\">\n\t\t\t\t\t\t<section class=\"elementor-section elementor-top-section elementor-element elementor-element-1cuv9jr elementor-section-boxed elementor-section-height-default elementor-section-height-default\" data-id=\"1cuv9jr\" data-element_type=\"section\">\n\t\t\t\t\t\t<div class=\"elementor-container elementor-column-gap-default\">\n\t\t\t\t\t<div class=\"elementor-column elementor-col-66 elementor-top-column elementor-element elementor-element-q5zak7b\" data-id=\"q5zak7b\" data-element_type=\"column\">\n\t\t\t<div class=\"elementor-widget-wrap elementor-element-populated\">\n\t\t\t\t\t\t<div class=\"elementor-element elementor-element-763ecdd elementor-widget elementor-widget-text-editor\" data-id=\"763ecdd\" data-element_type=\"widget\" data-widget_type=\"text-editor.default\">\n\t\t\t\t<div class=\"elementor-widget-container\">\n\t\t\t\t\t\t\t<h3><strong>Schuppen aufgebrochen<\/strong><\/h3><p><span style=\"font-size: 12pt;\">Heideck &#8211; In der Zeit zwischen Montag, den 29.10.2018, und Mittwoch, den 07.11.2018, wurden auf einem Grundst\u00fcck an der Stra\u00dfe &#8222;Ziegelmoos&#8220; in Heideck mehrere Holzschuppen aufgebrochen, wobei an den Zugangst\u00fcren der Schuppen jeweils die Vorh\u00e4ngeschl\u00f6sser aufgebrochen wurden. Bisher ist nur ein Gesch\u00e4digter bekannt, dem allerdings nichts gestohlen wurde. Weitere Gesch\u00e4digte werden gebeten sich bei der Polizei in Hilpoltstein zu melden.<\/span><\/p><h3>Polizei bittet um Mithilfe<\/h3><p><span style=\"font-size: 12pt;\">Personen, die verd\u00e4chtige Beobachtungen gemacht haben, werden gebeten, diese der Polizei in Hilpoltstein unter der Rufnummer 09174-4789-0 mitzuteilen.<\/span><\/p>\t\t\t\t\t\t<\/div>\n\t\t\t\t<\/div>\n\t\t\t\t<div class=\"elementor-element elementor-element-ace1283 elementor-widget-divider--view-line elementor-widget elementor-widget-divider\" data-id=\"ace1283\" data-element_type=\"widget\" data-widget_type=\"divider.default\">\n\t\t\t\t<div class=\"elementor-widget-container\">\n\t\t\t\t\t<div class=\"elementor-divider\">\n\t\t\t<span class=\"elementor-divider-separator\">\n\t\t\t\t\t\t<\/span>\n\t\t<\/div>\n\t\t\t\t<\/div>\n\t\t\t\t<\/div>\n\t\t\t\t<div class=\"elementor-element elementor-element-1l7zbzo elementor-widget elementor-widget-google_maps\" data-id=\"1l7zbzo\" data-element_type=\"widget\" data-widget_type=\"google_maps.default\">\n\t\t\t\t<div class=\"elementor-widget-container\">\n\t\t\t\t\t<div class=\"elementor-custom-embed\">\n\t\t\t<iframe loading=\"lazy\"\n\t\t\t\t\tsrc=\"https:\/\/maps.google.com\/maps?q=Ziegelmoos%2C%20Heideck%2C%20Deutschland&#038;t=m&#038;z=15&#038;output=embed&#038;iwloc=near\"\n\t\t\t\t\ttitle=\"Ziegelmoos, Heideck, Deutschland\"\n\t\t\t\t\taria-label=\"Ziegelmoos, Heideck, Deutschland\"\n\t\t\t><\/iframe>\n\t\t<\/div>\n\t\t\t\t<\/div>\n\t\t\t\t<\/div>\n\t\t\t\t\t<\/div>\n\t\t<\/div>\n\t\t\t\t<div class=\"elementor-column elementor-col-33 elementor-top-column elementor-element elementor-element-0w0urt1\" data-id=\"0w0urt1\" data-element_type=\"column\">\n\t\t\t<div class=\"elementor-widget-wrap\">\n\t\t\t\t\t\t\t<\/div>\n\t\t<\/div>\n\t\t\t\t\t<\/div>\n\t\t<\/section>\n\t\t\t\t<\/div>\n\t\t","protected":false},"excerpt":{"rendered":"<div class=\"mh-excerpt\"><p>Schuppen aufgebrochen Heideck &#8211; In der Zeit zwischen Montag, den 29.10.2018, und Mittwoch, den 07.11.2018, wurden auf einem Grundst\u00fcck an der Stra\u00dfe &#8222;Ziegelmoos&#8220; in Heideck mehrere Holzschuppen aufgebrochen, wobei an den Zugangst\u00fcren der Schuppen jeweils <a class=\"mh-excerpt-more\" href=\"https:\/\/www.region-schwabach.de\/wordpress\/mehrere-schuppen-in-heideck-aufgebrochen\/\" title=\"Mehrere Schuppen in Heideck aufgebrochen\">[&#8230;]<\/a><\/p>\n<\/div>","protected":false},"author":1,"featured_media":64439,"comment_status":"open","ping_status":"open","sticky":false,"template":"","format":"standard","meta":{"_cbd_carousel_blocks":"[]","footnotes":""},"categories":[15],"tags":[6836,6838,217,1323,596,297,981,487,401,713,3764,6837],"class_list":{"0":"post-64438","1":"post","2":"type-post","3":"status-publish","4":"format-standard","5":"has-post-thumbnail","7":"category-polizeimeldungen","8":"tag-29-oktober-bis-7-november-2018","9":"tag-dienstahl","10":"tag-einbruch","11":"tag-grundstueck","12":"tag-heideck","13":"tag-hilpoltstein","14":"tag-polizei","15":"tag-sachbeschaedigung","16":"tag-sachschaden","17":"tag-schaden","18":"tag-schuppen","19":"tag-ziegelmoos"},"_links":{"self":[{"href":"https:\/\/www.region-schwabach.de\/wordpress\/wp-json\/wp\/v2\/posts\/64438","targetHints":{"allow":["GET"]}}],"collection":[{"href":"https:\/\/www.region-schwabach.de\/wordpress\/wp-json\/wp\/v2\/posts"}],"about":[{"href":"https:\/\/www.region-schwabach.de\/wordpress\/wp-json\/wp\/v2\/types\/post"}],"author":[{"embeddable":true,"href":"https:\/\/www.region-schwabach.de\/wordpress\/wp-json\/wp\/v2\/users\/1"}],"replies":[{"embeddable":true,"href":"https:\/\/www.region-schwabach.de\/wordpress\/wp-json\/wp\/v2\/comments?post=64438"}],"version-history":[{"count":0,"href":"https:\/\/www.region-schwabach.de\/wordpress\/wp-json\/wp\/v2\/posts\/64438\/revisions"}],"wp:featuredmedia":[{"embeddable":true,"href":"https:\/\/www.region-schwabach.de\/wordpress\/wp-json\/wp\/v2\/media\/64439"}],"wp:attachment":[{"href":"https:\/\/www.region-schwabach.de\/wordpress\/wp-json\/wp\/v2\/media?parent=64438"}],"wp:term":[{"taxonomy":"category","embeddable":true,"href":"https:\/\/www.region-schwabach.de\/wordpress\/wp-json\/wp\/v2\/categories?post=64438"},{"taxonomy":"post_tag","embeddable":true,"href":"https:\/\/www.region-schwabach.de\/wordpress\/wp-json\/wp\/v2\/tags?post=64438"}],"curies":[{"name":"wp","href":"https:\/\/api.w.org\/{rel}","templated":true}]}}